{"id":48365,"date":"2025-11-13T17:43:12","date_gmt":"2025-11-13T17:43:12","guid":{"rendered":"https:\/\/www.europesays.com\/lv\/48365\/"},"modified":"2025-11-13T17:43:12","modified_gmt":"2025-11-13T17:43:12","slug":"putina-meita-atbalsta-kampanu-lavrova-gasanai-merkis-saistits-ar-karu-ukraina","status":"publish","type":"post","link":"https:\/\/www.europesays.com\/lv\/48365\/","title":{"rendered":"Putina meita atbalsta kampa\u0146u Lavrova g\u0101\u0161anai \u2013 m\u0113r\u0137is saist\u012bts ar karu Ukrain\u0101"},"content":{"rendered":"<p>    <img decoding=\"async\" src=\"https:\/\/www.europesays.com\/lv\/wp-content\/uploads\/2025\/11\/russia_us_24004.jpg-a8d5b-1-800x606.jpg\" alt=\"&#10;\"\/><\/p>\n<p>Foto: AP\/SCANPIX\/LETA\n<\/p>\n<p>18:19, 13. novembris 2025<\/p>\n<p>Tiek zi\u0146ots, ka Vladimira Putina meita st\u0101v aiz kampa\u0146as, kuras m\u0113r\u0137is ir g\u0101zt Krievijas \u0101rlietu ministru Sergeju Lavrovu, cen\u0161oties izbeigt karu Ukrain\u0101, v\u0113sta medijs \u201c<a href=\"https:\/\/www.dailymail.co.uk\/news\/article-15275877\/amp\/Putins-DAUGHTER-campaign-bring-foreign-minister-Sergei-Lavrov-tries-bring-end-Ukraine-war.html\" rel=\"noopener nofollow\" target=\"_blank\">Daily Mail<\/a>\u201c. <\/p>\n<p>        Las\u012bt\u0101kie<br \/>\n        <a data-imagesrc=\"{&quot;300&quot;:&quot;https:\\\/\\\/lastatic.ams3.cdn.digitaloceanspaces.com\\\/2025\\\/11\\\/collage-3-300x200.png&quot;,&quot;1024&quot;:&quot;https:\\\/\\\/lastatic.ams3.cdn.digitaloceanspaces.com\\\/2025\\\/11\\\/collage-3-1024x682.png&quot;,&quot;500&quot;:&quot;https:\\\/\\\/lastatic.ams3.cdn.digitaloceanspaces.com\\\/2025\\\/11\\\/collage-3-500x333.png&quot;,&quot;800&quot;:&quot;https:\\\/\\\/lastatic.ams3.cdn.digitaloceanspaces.com\\\/2025\\\/11\\\/collage-3-800x533.png&quot;,&quot;1438&quot;:&quot;https:\\\/\\\/lastatic.ams3.cdn.digitaloceanspaces.com\\\/2025\\\/11\\\/collage-3.png&quot;}\" data-focuspoint=\"&quot;&quot;\" data-p=\"2463564\" href=\"https:\/\/www.la.lv\/viena-no-pretigakajam-iestadem-latvija-klienti-sumejas-par-pasniegta-ediena-kvalitati-populara-picerija-latvija\" class=\"content-item lazy-load\" wp_automatic_readability=\"26.5\" rel=\"nofollow noopener\" target=\"_blank\"><\/p>\n<p>                                <img decoding=\"async\" src=\"\" alt=\"\" style=\"\" data-imageid=\"\"\/><\/p>\n<p>\n                                                \u201cViena no pret\u012bg\u0101kaj\u0101m iest\u0101d\u0113m Latvij\u0101!\u201d Klienti \u0161\u016bm\u0113jas par pasniegt\u0101 \u0113diena kvalit\u0101ti popul\u0101r\u0101 pic\u0113rij\u0101 Latvij\u0101<\/p>\n<p><\/a><a data-imagesrc=\"{&quot;300&quot;:&quot;https:\\\/\\\/lastatic.ams3.cdn.digitaloceanspaces.com\\\/2025\\\/03\\\/80a804ad-fcc0-42e7-8f04-528d7025f92e-300x200.jpg&quot;,&quot;1024&quot;:&quot;https:\\\/\\\/lastatic.ams3.cdn.digitaloceanspaces.com\\\/2025\\\/03\\\/80a804ad-fcc0-42e7-8f04-528d7025f92e-1024x683.jpg&quot;,&quot;768&quot;:&quot;https:\\\/\\\/lastatic.ams3.cdn.digitaloceanspaces.com\\\/2025\\\/03\\\/80a804ad-fcc0-42e7-8f04-528d7025f92e-768x512.jpg&quot;,&quot;1536&quot;:&quot;https:\\\/\\\/lastatic.ams3.cdn.digitaloceanspaces.com\\\/2025\\\/03\\\/80a804ad-fcc0-42e7-8f04-528d7025f92e-1536x1024.jpg&quot;,&quot;200&quot;:&quot;https:\\\/\\\/lastatic.ams3.cdn.digitaloceanspaces.com\\\/2025\\\/03\\\/80a804ad-fcc0-42e7-8f04-528d7025f92e-200x133.jpg&quot;,&quot;400&quot;:&quot;https:\\\/\\\/lastatic.ams3.cdn.digitaloceanspaces.com\\\/2025\\\/03\\\/80a804ad-fcc0-42e7-8f04-528d7025f92e-400x267.jpg&quot;,&quot;500&quot;:&quot;https:\\\/\\\/lastatic.ams3.cdn.digitaloceanspaces.com\\\/2025\\\/03\\\/80a804ad-fcc0-42e7-8f04-528d7025f92e-500x333.jpg&quot;,&quot;800&quot;:&quot;https:\\\/\\\/lastatic.ams3.cdn.digitaloceanspaces.com\\\/2025\\\/03\\\/80a804ad-fcc0-42e7-8f04-528d7025f92e-800x533.jpg&quot;,&quot;1000&quot;:&quot;https:\\\/\\\/lastatic.ams3.cdn.digitaloceanspaces.com\\\/2025\\\/03\\\/80a804ad-fcc0-42e7-8f04-528d7025f92e-1000x667.jpg&quot;,&quot;1800&quot;:&quot;https:\\\/\\\/lastatic.ams3.cdn.digitaloceanspaces.com\\\/2025\\\/03\\\/80a804ad-fcc0-42e7-8f04-528d7025f92e.jpg&quot;}\" data-focuspoint=\"&quot;&quot;\" data-p=\"2465141\" href=\"https:\/\/www.la.lv\/sis-ediens-iedos-tev-energiju-visai-dienai-12-ideali-edieni-pret-nogurumu\" class=\"content-item lazy-load\" wp_automatic_readability=\"26\" rel=\"nofollow noopener\" target=\"_blank\"><\/p>\n<p>                                <img decoding=\"async\" src=\"\" alt=\"\" style=\"\" data-imageid=\"\"\/><\/p>\n<p>                                Veselam<\/p>\n<p>\n                                                \u0160is \u0113diens iedos tev ener\u0123iju visai dienai: 12 ide\u0101li \u0113dieni pret nogurumu\n                            <\/p>\n<p><\/a><a data-imagesrc=\"{&quot;300&quot;:&quot;https:\\\/\\\/lastatic.ams3.cdn.digitaloceanspaces.com\\\/2025\\\/11\\\/FotoJet-4-2-300x225.jpg&quot;,&quot;1024&quot;:&quot;https:\\\/\\\/lastatic.ams3.cdn.digitaloceanspaces.com\\\/2025\\\/11\\\/FotoJet-4-2-1024x768.jpg&quot;,&quot;1536&quot;:&quot;https:\\\/\\\/lastatic.ams3.cdn.digitaloceanspaces.com\\\/2025\\\/11\\\/FotoJet-4-2-1536x1152.jpg&quot;,&quot;500&quot;:&quot;https:\\\/\\\/lastatic.ams3.cdn.digitaloceanspaces.com\\\/2025\\\/11\\\/FotoJet-4-2-500x375.jpg&quot;,&quot;800&quot;:&quot;https:\\\/\\\/lastatic.ams3.cdn.digitaloceanspaces.com\\\/2025\\\/11\\\/FotoJet-4-2-800x600.jpg&quot;,&quot;1600&quot;:&quot;https:\\\/\\\/lastatic.ams3.cdn.digitaloceanspaces.com\\\/2025\\\/11\\\/FotoJet-4-2.jpg&quot;}\" data-focuspoint=\"&quot;&quot;\" data-p=\"2464253\" href=\"https:\/\/www.la.lv\/laura-vizla-joprojam-tirgo-teju-40-000-eiro-vertu-porzinga-davato-auto-eksperts-atklaj-kapec-neviens-to-neperk\" class=\"content-item lazy-load\" wp_automatic_readability=\"27\" rel=\"nofollow noopener\" target=\"_blank\"><\/p>\n<p>                                <img decoding=\"async\" src=\"\" alt=\"\" style=\"\" data-imageid=\"\"\/><\/p>\n<p>                                Kokteilis<\/p>\n<p>\n                                                Laura Vizla joproj\u0101m tirgo teju 40 000 eiro v\u0113rtu Porzi\u0146\u0123a d\u0101v\u0101to auto \u2013 eksperts atkl\u0101j, k\u0101p\u0113c neviens to nep\u0113rk<\/p>\n<p><\/a><br \/>\n        <a class=\"read-more\" href=\"https:\/\/www.la.lv\/top\" rel=\"nofollow noopener\" target=\"_blank\">Las\u012bt citas zi\u0146as<\/a><\/p>\n<p>K\u0101 zi\u0146ots iepriek\u0161, agresorvalsts \u0100rlietu ministrijas vad\u012bt\u0101js Sergejs Lavrovs bija <a href=\"https:\/\/www.la.lv\/vai-lavrova-era-tuvojas-beigam-signali-no-kremla-liecina-par-iespejamam-parmainam\" rel=\"noopener nofollow\" target=\"_blank\">pazudis<\/a> no publisk\u0101s telpas. Baumoja, ka vi\u0146\u0161 kritis Putina ne\u017e\u0113last\u012bb\u0101. Kremlis bija spiests noliegt, ka Putins b\u016btu sastr\u012bd\u0113jies ar ministru. <\/p>\n<p>Ta\u010du biju\u0161ais Krem\u013ca runu autors un politologs Abass Ga\u013camovs atkl\u0101jis, ka Putina otr\u0101 meita, 39 gadus vec\u0101 Katerina Tihonova, v\u0113las nogremd\u0113t Lavrovu, cen\u0161oties izbeigt karu Ukrain\u0101. <\/p>\n<p>    CITI \u0160OBR\u012aD LASA<\/p>\n<p>Lavrovs saglab\u0101ja savu amatu, neskatoties uz to, ka vi\u0146\u0161 neierad\u0101s Dro\u0161\u012bbas padomes s\u0113d\u0113 un vi\u0146am tika at\u0146emts Krievijas deleg\u0101cijas vad\u012bt\u0101ja amats gaid\u0101maj\u0101 G20 samit\u0101 Dienvid\u0101frik\u0101.<\/p>\n<p>Ga\u013camovs sac\u012bja: \u201cBaumas par Lavrovu kl\u012bda jau pirms se\u0161iem m\u0113ne\u0161iem. P\u0101rbaud\u012bti avoti apgalvoja, ka Katerina Tihonova it k\u0101 vair\u0101kk\u0101rt run\u0101jusi ar Putinu, sakot, ka Lavrovs situ\u0101ciju pasliktina.\u201d <\/p>\n<p>\u0100rlietu ministrs tika vainots par Donalda Trampa atteik\u0161anos piekrist samitam ar Putinu Budape\u0161t\u0101 pag\u0101ju\u0161aj\u0101 m\u0113nes\u012b. Tiek uzskat\u012bts, ka vi\u0146\u0161 septembr\u012b \u201ckatastrof\u0101las\u201d telefonsarunas laik\u0101 sar\u016bgtin\u0101ja ASV valsts sekret\u0101ru Marko Rubio. <\/p>\n<p>Saska\u0146\u0101 ar Krievijas mediju zi\u0146ojumiem, da\u017eas Krem\u013ca amatpersonas vi\u0146u aps\u016bdz\u0113ja ar\u012b sabot\u0101\u017e\u0101 p\u0113c tam, kad vi\u0146\u0161 atteic\u0101s iesaist\u012bties miera proces\u0101. Neilgi p\u0113c Lavrova telefonsarunas ar Rubio ASV noteica Krievijai milz\u012bgas sankcijas. <\/p>\n<p>Tagad tiek zi\u0146ots, ka Tihonova esot teikusi Putinam, ka Lavrovs ir \u201cp\u0101r\u0101k agres\u012bvs un vi\u0146a vanaga kliedzieni kav\u0113 vieno\u0161anos pan\u0101k\u0161anu\u201d.<\/p>\n<blockquote><p>Ga\u013camovs piebilda: \u201cVarb\u016bt Putins beidzot uzklaus\u012bja savu meitu? Un turkl\u0101t vi\u0146ai ir taisn\u012bba. Vi\u0146u jau sen vajadz\u0113ja nomain\u012bt. Lavrovs ir \u0101rlietu ministrs, kad tu uzvari. Kad kar\u0101 ir uzvara, Lavrovs ir ide\u0101ls diplom\u0101ts, ar ko liel\u012bties. Bet, kad uzvar\u0113t neizdodas, j\u0101k\u013c\u016bst sapr\u0101t\u012bg\u0101kam, un Lavrovs vairs nav sp\u0113j\u012bgs uz t\u0101du sapr\u0101t\u012bgumu.\u201d <\/p><\/blockquote>\n<p>Putins un vi\u0146a \u0100rlietu ministrija tagad tiek uzskat\u012bti par propagandistiem, nevis diplom\u0101tiem, medijam \u201cZhivoy Gvozd\u201d sac\u012bja Ga\u013camovs. <\/p>\n<p>\u201cVi\u0146\u0161 jau sen ir k\u013cuvis par sava veida vanagu, kas konfliktus saasina, nevis m\u012bkstina,\u201d piebilda politologs. <\/p>\n<p>\u201cUn, protams, pa\u0161reiz\u0113j\u0101 situ\u0101cij\u0101 \u2014 kad Putinam probl\u0113mas ir l\u012bdz aus\u012bm un Tramps ir nikns \u2014 Lavrovs vairs nav aktu\u0101ls. Vi\u0146\u0161 nav \u012bpa\u0161i nepiecie\u0161ams.\u201d<\/p>\n<p>Putina p\u0113ctece? <\/p>\n<p>Biju\u0161ais Krem\u013ca runu autors iepriek\u0161 apgalvoja, ka Putins pat var\u0113tu izraudz\u012bties Katerinu par savu iesp\u0113jamo p\u0113cteci.<\/p>\n<p>\u201cPrezidenta meitas Katerinas Tihonovas lokam ir visas iesp\u0113jas, ja pietiks laika, sagr\u0101bt varu valst\u012b,\u201d \u0161\u012b gada s\u0101kum\u0101 sac\u012bja Ga\u013camovs. \u201cTas nav slikt\u0101kais scen\u0101rijs, lai gan, protams, lietas var\u0113tu main\u012bties. Vi\u0146i nav kara entuziasti, lai gan ir skaidrs, ka vi\u0146i to atkl\u0101ti nekritiz\u0113.\u201d<\/p>\n<p>Vi\u0146\u0161 sac\u012bja: \u201c[Vi\u0146u] ideja ir t\u0101da, ka Krievijai savas intereses j\u0101virza uz priek\u0161u, izmantojot maigo varu, nevis karojot.\u201d<\/p>\n<p>T\u0113mas<\/p>\n<p>    SAIST\u012aTIE RAKSTI<\/p>\n","protected":false},"excerpt":{"rendered":"Foto: AP\/SCANPIX\/LETA 18:19, 13. novembris 2025 Tiek zi\u0146ots, ka Vladimira Putina meita st\u0101v aiz kampa\u0146as, kuras m\u0113r\u0137is ir&hellip;\n","protected":false},"author":2,"featured_media":48366,"comment_status":"","ping_status":"","sticky":false,"template":"","format":"standard","meta":{"footnotes":""},"categories":[14],"tags":[23,57,28,29,32,33,22,30,31,35,39,38,36,37,34,40,20,26,27,24,25,54,55,56,21,58],"class_list":{"0":"post-48365","1":"post","2":"type-post","3":"status-publish","4":"format-standard","5":"has-post-thumbnail","7":"category-zinas-no-arvalstim","8":"tag-aktualitates","9":"tag-arvalstim","10":"tag-breaking-news","11":"tag-breakingnews","12":"tag-featured-news","13":"tag-featurednews","14":"tag-headlines","15":"tag-latest-news","16":"tag-latestnews","17":"tag-latvia","18":"tag-latvian","19":"tag-latviesu","20":"tag-latviesu-valoda","21":"tag-latviesuvaloda","22":"tag-latvija","23":"tag-lv","24":"tag-news","25":"tag-popularakas-zinas","26":"tag-popularakaszinas","27":"tag-top-stories","28":"tag-topstories","29":"tag-world","30":"tag-world-news","31":"tag-worldnews","32":"tag-zinas","33":"tag-zinas-no-arvalstim"},"share_on_mastodon":{"url":"https:\/\/pubeurope.com\/@lv\/115543631885044670","error":""},"_links":{"self":[{"href":"https:\/\/www.europesays.com\/lv\/wp-json\/wp\/v2\/posts\/48365","targetHints":{"allow":["GET"]}}],"collection":[{"href":"https:\/\/www.europesays.com\/lv\/wp-json\/wp\/v2\/posts"}],"about":[{"href":"https:\/\/www.europesays.com\/lv\/wp-json\/wp\/v2\/types\/post"}],"author":[{"embeddable":true,"href":"https:\/\/www.europesays.com\/lv\/wp-json\/wp\/v2\/users\/2"}],"replies":[{"embeddable":true,"href":"https:\/\/www.europesays.com\/lv\/wp-json\/wp\/v2\/comments?post=48365"}],"version-history":[{"count":0,"href":"https:\/\/www.europesays.com\/lv\/wp-json\/wp\/v2\/posts\/48365\/revisions"}],"wp:featuredmedia":[{"embeddable":true,"href":"https:\/\/www.europesays.com\/lv\/wp-json\/wp\/v2\/media\/48366"}],"wp:attachment":[{"href":"https:\/\/www.europesays.com\/lv\/wp-json\/wp\/v2\/media?parent=48365"}],"wp:term":[{"taxonomy":"category","embeddable":true,"href":"https:\/\/www.europesays.com\/lv\/wp-json\/wp\/v2\/categories?post=48365"},{"taxonomy":"post_tag","embeddable":true,"href":"https:\/\/www.europesays.com\/lv\/wp-json\/wp\/v2\/tags?post=48365"}],"curies":[{"name":"wp","href":"https:\/\/api.w.org\/{rel}","templated":true}]}}