{"id":48395,"date":"2025-11-13T18:15:13","date_gmt":"2025-11-13T18:15:13","guid":{"rendered":"https:\/\/www.europesays.com\/lv\/48395\/"},"modified":"2025-11-13T18:15:13","modified_gmt":"2025-11-13T18:15:13","slug":"nakts-uzbrukumos-krievijai-ukraina-izmantojusi-pasu-razotas-raketes-flamingo","status":"publish","type":"post","link":"https:\/\/www.europesays.com\/lv\/48395\/","title":{"rendered":"Nakts uzbrukumos Krievijai Ukraina izmantojusi pa\u0161u ra\u017eot\u0101s ra\u0137etes &#8220;Flamingo&#8221;"},"content":{"rendered":"<p>Triecienos cietis naftas termin\u0101lis un pretgaisa aizsardz\u012bbas radars Krim\u0101. T\u0101pat tika v\u0113rsti uzbrukumi Krievijas teritorij\u0101 &#8211; helikopteru novietnei un bezpilota lidapar\u0101tu noliktavai Kirovskas lidlauk\u0101, v\u0113sta Ukrainas armijas \u0123ener\u0101l\u0161t\u0101bs.<\/p>\n<p>&#8220;Sare\u017e\u0123\u012btu triecienu veik\u0161anai tiek izmantoti bezpilota lidapar\u0101ti, reakt\u012bvie droni un da\u017e\u0101da veida ra\u0137etes. Pag\u0101ju\u0161aj\u0101 nakt\u012b tika palaisti vair\u0101ki t\u0101l\u0101s darb\u012bbas iero\u010di, tostarp viet\u0113ji izstr\u0101d\u0101tie &#8220;Flamingo&#8221;, &#8220;Bars&#8221; un &#8220;Lyuty&#8221;,&#8221; atz\u012bm\u0113ja \u0123ener\u0101l\u0161t\u0101bs.<\/p>\n<p>T\u0101las darb\u012bbas r\u0101diusa ra\u0137ete &#8220;Flamingo&#8221; sp\u0113j nolidot 3000 kilometru. \u0160\u012b gada august\u0101 Ukrainas prezidents <a href=\"https:\/\/www.apollo.lv\/term\/584993\/volodimirs-zelenskis\" class=\"topicLink\" target=\"_blank\" rel=\"nofollow noopener\">Volodimirs Zelenskis<\/a> pazi\u0146oja, ka \u0161\u012b gada beig\u0101s vai n\u0101kam\u0101 gada s\u0101kum\u0101 var\u0113tu uzs\u0101kt t\u0101s masveida ra\u017eo\u0161anu.<\/p>\n<p>&#8220;\u0160\u012bs ra\u0137etes izm\u0113\u0123in\u0101jumi bija veiksm\u012bgi. Un l\u012bdz \u0161im t\u0101 ir sekm\u012bg\u0101k\u0101 ra\u0137ete, k\u0101da mums ir &#8211; t\u0101 lido 3000 kilometru att\u0101lum\u0101, kas ir svar\u012bgi,&#8221; Zelenskis atkl\u0101jis \u017eurn\u0101listiem.<\/p>\n","protected":false},"excerpt":{"rendered":"Triecienos cietis naftas termin\u0101lis un pretgaisa aizsardz\u012bbas radars Krim\u0101. T\u0101pat tika v\u0113rsti uzbrukumi Krievijas teritorij\u0101 &#8211; helikopteru novietnei&hellip;\n","protected":false},"author":2,"featured_media":48396,"comment_status":"","ping_status":"","sticky":false,"template":"","format":"standard","meta":{"footnotes":""},"categories":[5],"tags":[23,28,29,32,33,22,74,30,31,35,39,38,36,37,34,40,20,26,27,24,25,276,178,21],"class_list":{"0":"post-48395","1":"post","2":"type-post","3":"status-publish","4":"format-standard","5":"has-post-thumbnail","7":"category-aktualitates","8":"tag-aktualitates","9":"tag-breaking-news","10":"tag-breakingnews","11":"tag-featured-news","12":"tag-featurednews","13":"tag-headlines","14":"tag-krievijas-iebrukums-ukraina","15":"tag-latest-news","16":"tag-latestnews","17":"tag-latvia","18":"tag-latvian","19":"tag-latviesu","20":"tag-latviesu-valoda","21":"tag-latviesuvaloda","22":"tag-latvija","23":"tag-lv","24":"tag-news","25":"tag-popularakas-zinas","26":"tag-popularakaszinas","27":"tag-top-stories","28":"tag-topstories","29":"tag-ukraina","30":"tag-volodimirs-zelenskis","31":"tag-zinas"},"share_on_mastodon":{"url":"https:\/\/pubeurope.com\/@lv\/115543757528812611","error":""},"_links":{"self":[{"href":"https:\/\/www.europesays.com\/lv\/wp-json\/wp\/v2\/posts\/48395","targetHints":{"allow":["GET"]}}],"collection":[{"href":"https:\/\/www.europesays.com\/lv\/wp-json\/wp\/v2\/posts"}],"about":[{"href":"https:\/\/www.europesays.com\/lv\/wp-json\/wp\/v2\/types\/post"}],"author":[{"embeddable":true,"href":"https:\/\/www.europesays.com\/lv\/wp-json\/wp\/v2\/users\/2"}],"replies":[{"embeddable":true,"href":"https:\/\/www.europesays.com\/lv\/wp-json\/wp\/v2\/comments?post=48395"}],"version-history":[{"count":0,"href":"https:\/\/www.europesays.com\/lv\/wp-json\/wp\/v2\/posts\/48395\/revisions"}],"wp:featuredmedia":[{"embeddable":true,"href":"https:\/\/www.europesays.com\/lv\/wp-json\/wp\/v2\/media\/48396"}],"wp:attachment":[{"href":"https:\/\/www.europesays.com\/lv\/wp-json\/wp\/v2\/media?parent=48395"}],"wp:term":[{"taxonomy":"category","embeddable":true,"href":"https:\/\/www.europesays.com\/lv\/wp-json\/wp\/v2\/categories?post=48395"},{"taxonomy":"post_tag","embeddable":true,"href":"https:\/\/www.europesays.com\/lv\/wp-json\/wp\/v2\/tags?post=48395"}],"curies":[{"name":"wp","href":"https:\/\/api.w.org\/{rel}","templated":true}]}}