{"id":48401,"date":"2025-11-13T18:19:09","date_gmt":"2025-11-13T18:19:09","guid":{"rendered":"https:\/\/www.europesays.com\/lv\/48401\/"},"modified":"2025-11-13T18:19:09","modified_gmt":"2025-11-13T18:19:09","slug":"melnkalne-pastiprina-uzturesanas-atlauju-sanemsanas-prasibas-krievijas-valstspiederigajiem-raksts","status":"publish","type":"post","link":"https:\/\/www.europesays.com\/lv\/48401\/","title":{"rendered":"Melnkalne pastiprina uztur\u0113\u0161an\u0101s at\u013cauju sa\u0146em\u0161anas pras\u012bbas Krievijas valstspieder\u012bgajiem \/ Raksts"},"content":{"rendered":"<p>Melnkalnes vald\u012bba apstiprin\u0101jusi groz\u012bjumus likum\u0101 &#8220;Par \u0101rvalstniekiem&#8221;, b\u016btiski pastiprinot pras\u012bbas termi\u0146uztur\u0113\u0161an\u0101s at\u013cauju sa\u0146em\u0161anai un pagarin\u0101\u0161anai citu valstu pilso\u0146iem, tostarp Krievijas valstspieder\u012bgajiem.\u00a0<\/p>\n<p>Saska\u0146\u0101 ar ofici\u0101liem datiem, 2025. gada s\u0101kum\u0101 Melnkaln\u0113 uztur\u0113j\u0101s aptuveni 20 t\u016bksto\u0161i Krievijas pilso\u0146u. Stingr\u0101kas pras\u012bbas attieksies uz diviem Krievijas pilso\u0146u vid\u016b popul\u0101r\u0101kiem uztur\u0113\u0161anas at\u013cauju ieg\u016b\u0161anas veidiem, proti, ieg\u0101d\u0101joties \u012bpa\u0161umu vai dibinot uz\u0146\u0113mumu.\u00a0<\/p>\n<p>Saska\u0146\u0101 ar Melnkalnes vald\u012bbas l\u0113mumu minim\u0101l\u0101 nekustam\u0101 \u012bpa\u0161uma v\u0113rt\u012bba, uz kuras pamata \u0101rvalstnieki var\u0113s sa\u0146emt termi\u0146uztur\u0113\u0161an\u0101s at\u013cauju, noteikta 200 000 eiro apm\u0113r\u0101. Nekustam\u0101 \u012bpa\u0161uma \u012bpa\u0161niekiem, kuri jau ieguvu\u0161i uztur\u0113\u0161an\u0101s at\u013cauju, pamatojoties uz \u012bpa\u0161umties\u012bb\u0101m, gada laik\u0101 b\u016bs j\u0101saska\u0146o savs statuss ar jaunaj\u0101m pras\u012bb\u0101m.\u00a0<\/p>\n<p>T\u0101pat jaun\u0101s pras\u012bbas paredz, ka \u0101rvalstnieku dibin\u0101to uz\u0146\u0113mumu izpilddirektoriem vai person\u0101m, kur\u0101m pieder vair\u0101k nek\u0101 51% uz\u0146\u0113muma kapit\u0101lda\u013cu, b\u016bs pien\u0101kums nodarbin\u0101t vismaz tr\u012bs darbiniekus, no kuriem diviem j\u0101b\u016bt Melnkalnes pilso\u0146iem, kas veiks pilnas slodzes darbu. Lai piel\u0101gotos jaunaj\u0101m pras\u012bb\u0101m, uz\u0146\u0113mumiem noteikts 180 dienu p\u0101rejas periods.\u00a0<\/p>\n<p>Melnkalne ievie\u0161 stingr\u0101kus noteikumus \u0101rvalstniekiem saist\u012bb\u0101 ar valsts v\u0113lmi pievienoties \u0160engenas zonai un Eiropas Savien\u012bbai. Bloks pieprasa Podgoricai main\u012bt migr\u0101cijas politiku, lai harmoniz\u0113tu Melnkalnes likumdo\u0161anu ar Eiropas Savien\u012bbas standartiem.<\/p>\n<p>                    Valodas k\u013c\u016bda rakst\u0101?<\/p>\n<p class=\"d-none d-md-block\">Iez\u012bm\u0113jiet tekstu un spiediet Ctrl+Enter, lai nos\u016bt\u012btu labojamo teksta fragmentu redaktoram! Par faktu k\u013c\u016bd\u0101m l\u016bdzam zi\u0146ot e-past\u0101 <a href=\"https:\/\/www.lsm.lv\/cdn-cgi\/l\/email-protection\" class=\"__cf_email__\" data-cfemail=\"35475051545e565c5f54755946581b5943\" rel=\"nofollow noopener\" target=\"_blank\">[email\u00a0protected]<\/a>.<\/p>\n<p class=\"d-md-none\">Iez\u012bm\u0113jiet tekstu un spiediet uz Zi\u0146ot par k\u013c\u016bdu pogas, lai nos\u016bt\u012btu labojamo teksta fragmentu redaktoram!<\/p>\n<p>\n                    Zi\u0146ot par k\u013c\u016bdu\n                <\/p>\n","protected":false},"excerpt":{"rendered":"Melnkalnes vald\u012bba apstiprin\u0101jusi groz\u012bjumus likum\u0101 &#8220;Par \u0101rvalstniekiem&#8221;, b\u016btiski pastiprinot pras\u012bbas termi\u0146uztur\u0113\u0161an\u0101s at\u013cauju sa\u0146em\u0161anai un pagarin\u0101\u0161anai citu valstu pilso\u0146iem,&hellip;\n","protected":false},"author":2,"featured_media":48402,"comment_status":"","ping_status":"","sticky":false,"template":"","format":"standard","meta":{"footnotes":""},"categories":[14],"tags":[23,57,28,29,32,33,22,30,31,35,39,38,36,37,34,40,20,26,27,24,25,54,55,56,21,58],"class_list":{"0":"post-48401","1":"post","2":"type-post","3":"status-publish","4":"format-standard","5":"has-post-thumbnail","7":"category-zinas-no-arvalstim","8":"tag-aktualitates","9":"tag-arvalstim","10":"tag-breaking-news","11":"tag-breakingnews","12":"tag-featured-news","13":"tag-featurednews","14":"tag-headlines","15":"tag-latest-news","16":"tag-latestnews","17":"tag-latvia","18":"tag-latvian","19":"tag-latviesu","20":"tag-latviesu-valoda","21":"tag-latviesuvaloda","22":"tag-latvija","23":"tag-lv","24":"tag-news","25":"tag-popularakas-zinas","26":"tag-popularakaszinas","27":"tag-top-stories","28":"tag-topstories","29":"tag-world","30":"tag-world-news","31":"tag-worldnews","32":"tag-zinas","33":"tag-zinas-no-arvalstim"},"share_on_mastodon":{"url":"https:\/\/pubeurope.com\/@lv\/115543773210937458","error":""},"_links":{"self":[{"href":"https:\/\/www.europesays.com\/lv\/wp-json\/wp\/v2\/posts\/48401","targetHints":{"allow":["GET"]}}],"collection":[{"href":"https:\/\/www.europesays.com\/lv\/wp-json\/wp\/v2\/posts"}],"about":[{"href":"https:\/\/www.europesays.com\/lv\/wp-json\/wp\/v2\/types\/post"}],"author":[{"embeddable":true,"href":"https:\/\/www.europesays.com\/lv\/wp-json\/wp\/v2\/users\/2"}],"replies":[{"embeddable":true,"href":"https:\/\/www.europesays.com\/lv\/wp-json\/wp\/v2\/comments?post=48401"}],"version-history":[{"count":0,"href":"https:\/\/www.europesays.com\/lv\/wp-json\/wp\/v2\/posts\/48401\/revisions"}],"wp:featuredmedia":[{"embeddable":true,"href":"https:\/\/www.europesays.com\/lv\/wp-json\/wp\/v2\/media\/48402"}],"wp:attachment":[{"href":"https:\/\/www.europesays.com\/lv\/wp-json\/wp\/v2\/media?parent=48401"}],"wp:term":[{"taxonomy":"category","embeddable":true,"href":"https:\/\/www.europesays.com\/lv\/wp-json\/wp\/v2\/categories?post=48401"},{"taxonomy":"post_tag","embeddable":true,"href":"https:\/\/www.europesays.com\/lv\/wp-json\/wp\/v2\/tags?post=48401"}],"curies":[{"name":"wp","href":"https:\/\/api.w.org\/{rel}","templated":true}]}}