{"id":48456,"date":"2025-11-13T20:05:08","date_gmt":"2025-11-13T20:05:08","guid":{"rendered":"https:\/\/www.europesays.com\/lv\/48456\/"},"modified":"2025-11-13T20:05:08","modified_gmt":"2025-11-13T20:05:08","slug":"izpardots-koncerts-atklata-pilna-vakara-programma-un-noderigi-padomi-apmekletajiem-lente-lv","status":"publish","type":"post","link":"https:\/\/www.europesays.com\/lv\/48456\/","title":{"rendered":"Izp\u0101rdots Koncerts, Atkl\u0101ta Pilna Vakara programma un Noder\u012bgi Padomi Apmekl\u0113t\u0101jiem\u00a0\u2014\u00a0Lente.lv"},"content":{"rendered":"<p>Sudden Lights Koncerts Ar\u0113n\u0101 R\u012bga: Pilna Vakara programma un Noder\u012bgi Padomi<\/p>\n<p>Gaid\u012btais grupas &#8220;Sudden Lights&#8221; v\u0113rien\u012bgais koncerts &#8220;Ar\u0113n\u0101 R\u012bga&#8221; jau \u0161o sestdien, 15. novembr\u012b, ir gandr\u012bz kl\u0101t, un bi\u013cetes uz \u0161o iespaid\u012bgo notikumu ir izp\u0101rdotas! Grupa ir r\u016bp\u012bgi sagatavojusi pilnu vakara programmu, lai nodro\u0161in\u0101tu neaizmirstamu pieredzi visiem apmekl\u0113t\u0101jiem. Lai pas\u0101kums norit\u0113tu gludi un sag\u0101d\u0101tu tikai pozit\u012bvas emocijas, &#8220;Sudden Lights&#8221; sniedz svar\u012bgu inform\u0101ciju, kas noder\u0113s ikvienam, kur\u0161 pl\u0101no apmekl\u0113t koncertu.<\/p>\n<p>Detaliz\u0113ta Vakara Pl\u0101nojuma Izkl\u0101sts<\/p>\n<p>Koncerta dienas pl\u0101nojums ir r\u016bp\u012bgi izstr\u0101d\u0101ts, lai nodro\u0161in\u0101tu raitu norisi un maksim\u0101lu baud\u012bjumu. S\u0101kot no durvju atv\u0113r\u0161anas laika l\u012bdz pat p\u0113d\u0113jai dziesmai, katrs br\u012bdis ir iepl\u0101nots. Grupa ir padom\u0101jusi par da\u017e\u0101diem p\u0101rsteigumiem un \u012bpa\u0161iem br\u012b\u017eiem, kas padar\u012bs \u0161o vakaru par patiesi neaizmirstamu.<\/p>\n<p>Praktiski Padomi Koncerta Apmekl\u0113t\u0101jiem<\/p>\n<p>Lai j\u016bsu koncerta apmekl\u0113jums b\u016btu p\u0113c iesp\u0113jas pat\u012bkam\u0101ks un bez raiz\u0113m, &#8220;Sudden Lights&#8221; aicina iepaz\u012bties ar vair\u0101kiem svar\u012bgiem ieteikumiem. Ierodoties laic\u012bgi, j\u016bs izvair\u012bsieties no liekas steigas un b\u016bsiet mier\u012bgi gatavi baud\u012bt m\u016bziku. T\u0101pat ir v\u0113rts iepaz\u012bties ar &#8220;Ar\u0113nas R\u012bga&#8221; noteikumiem attiec\u012bb\u0101 uz person\u012bgaj\u0101m mant\u0101m un p\u0101rtikas produktiem, lai izvair\u012btos no nepat\u012bkamiem p\u0101rpratumiem pie ieejas. Organizatori ir par\u016bp\u0113ju\u0161ies par \u0113rtu nok\u013c\u016b\u0161anu un pas\u0101kuma norisi, lai visi var\u0113tu pilnv\u0113rt\u012bgi izbaud\u012bt unik\u0101lo atmosf\u0113ru un grupas ener\u0123isko uzst\u0101\u0161anos.<\/p>\n","protected":false},"excerpt":{"rendered":"Sudden Lights Koncerts Ar\u0113n\u0101 R\u012bga: Pilna Vakara programma un Noder\u012bgi Padomi Gaid\u012btais grupas &#8220;Sudden Lights&#8221; v\u0113rien\u012bgais koncerts &#8220;Ar\u0113n\u0101&hellip;\n","protected":false},"author":2,"featured_media":48457,"comment_status":"","ping_status":"","sticky":false,"template":"","format":"standard","meta":{"footnotes":""},"categories":[19],"tags":[8623,89,90,13317,202,35,39,38,36,37,34,40,6325,13318],"class_list":{"0":"post-48456","1":"post","2":"type-post","3":"status-publish","4":"format-standard","5":"has-post-thumbnail","7":"category-izklaide","8":"tag-arena-riga","9":"tag-entertainment","10":"tag-izklaide","11":"tag-izpardots","12":"tag-koncerts","13":"tag-latvia","14":"tag-latvian","15":"tag-latviesu","16":"tag-latviesu-valoda","17":"tag-latviesuvaloda","18":"tag-latvija","19":"tag-lv","20":"tag-sudden-lights","21":"tag-vakara-programma"},"share_on_mastodon":{"url":"https:\/\/pubeurope.com\/@lv\/115544190054976700","error":""},"_links":{"self":[{"href":"https:\/\/www.europesays.com\/lv\/wp-json\/wp\/v2\/posts\/48456","targetHints":{"allow":["GET"]}}],"collection":[{"href":"https:\/\/www.europesays.com\/lv\/wp-json\/wp\/v2\/posts"}],"about":[{"href":"https:\/\/www.europesays.com\/lv\/wp-json\/wp\/v2\/types\/post"}],"author":[{"embeddable":true,"href":"https:\/\/www.europesays.com\/lv\/wp-json\/wp\/v2\/users\/2"}],"replies":[{"embeddable":true,"href":"https:\/\/www.europesays.com\/lv\/wp-json\/wp\/v2\/comments?post=48456"}],"version-history":[{"count":0,"href":"https:\/\/www.europesays.com\/lv\/wp-json\/wp\/v2\/posts\/48456\/revisions"}],"wp:featuredmedia":[{"embeddable":true,"href":"https:\/\/www.europesays.com\/lv\/wp-json\/wp\/v2\/media\/48457"}],"wp:attachment":[{"href":"https:\/\/www.europesays.com\/lv\/wp-json\/wp\/v2\/media?parent=48456"}],"wp:term":[{"taxonomy":"category","embeddable":true,"href":"https:\/\/www.europesays.com\/lv\/wp-json\/wp\/v2\/categories?post=48456"},{"taxonomy":"post_tag","embeddable":true,"href":"https:\/\/www.europesays.com\/lv\/wp-json\/wp\/v2\/tags?post=48456"}],"curies":[{"name":"wp","href":"https:\/\/api.w.org\/{rel}","templated":true}]}}