{"id":48527,"date":"2025-11-13T21:46:09","date_gmt":"2025-11-13T21:46:09","guid":{"rendered":"https:\/\/www.europesays.com\/lv\/48527\/"},"modified":"2025-11-13T21:46:09","modified_gmt":"2025-11-13T21:46:09","slug":"foto-%e2%9f%a9-lidzvertiga-spele-starp-latvijas-un-ziemelmakedonijas-futbolistiem-varti-netiek-guti","status":"publish","type":"post","link":"https:\/\/www.europesays.com\/lv\/48527\/","title":{"rendered":"FOTO \u27e9 L\u012bdzv\u0113rt\u012bg\u0101 sp\u0113l\u0113 starp Latvijas un Zieme\u013cma\u0137edonijas futbolistiem v\u0101rti netiek g\u016bti"},"content":{"rendered":"<p>Sv\u0113tdien Latvijas futbolisti Pasaules kausa kvalifik\u0101cijas nosl\u0113gum\u0101 c\u012bn\u012bsies ar Serbiju. T\u0101 k\u0101 Latvijas izlase sp\u0113l\u0113 grup\u0101 ar nep\u0101ra skaita komandu, t\u0101 aizvada p\u0101rbaudes ma\u010du.<\/p>\n<p>Sal\u012bdzin\u0101jum\u0101 ar oktobra nometnes izsaukumu \u0161oreiz Latvijas izlas\u0113 ir no savainojuma atlabu\u0161ais Bruno Melnis. Traumu d\u0113\u013c komandai joproj\u0101m nevar pal\u012bdz\u0113t Kristers Tobers un Roberts Uldri\u0137is, t\u0101pat vesel\u012bbas probl\u0113mas ir ar\u012b Dario \u0160itam un Ren\u0101ram Varslav\u0101nam.<\/p>\n<p>Latvijas izlase FIFA rang\u0101 ie\u0146em 139., bet Zieme\u013cma\u0137edonija &#8211; 65. vietu.<\/p>\n<p>Abas izlases sav\u0101 starp\u0101 ir sp\u0113koju\u0161\u0101s piecas reizes, un vis\u0101s Latvija zaud\u0113jusi.<\/p>\n<p>Latvijas izlases kandid\u0101tu saraksts:<\/p>\n<p>v\u0101rtsargi &#8211; Rihards Matrevics (Pr\u0101gas &#8220;Dukla&#8221;, \u010cehija), Kri\u0161j\u0101nis Zviedris (&#8220;Riga&#8221;), Frenks D\u0101vis Orols (&#8220;Grobi\u0146a&#8221;);<\/p>\n<p>aizsargi &#8211; Daniels Balodis (Pre\u0161ovas &#8220;Tatran&#8221;, Slov\u0101kija), Andrejs Ciga\u0146iks (&#8220;Luzern&#8221;, \u0160veice), Raivis Andris Jurkovskis, Antonijs \u010cernomordijs, Maksims To\u0146i\u0161evs (visi &#8211; &#8220;Riga&#8221;), Vit\u0101lijs Jagodinskis (Pnompe\u0146as &#8220;Visakha&#8221;, Kambod\u017ea), Deniss Me\u013c\u0146iks (&#8220;Auda&#8221;), Roberts Sava\u013cnieks, Roberts Veips (abi &#8211; RFS);<\/p>\n<p>pussargi &#8211; Kristers Penkevics (&#8220;Jelgava&#8221;), Aleksejs Save\u013cjevs (&#8220;Liep\u0101ja&#8221;), L\u016bkass Vapne (&#8220;Sogndal&#8221;, Norv\u0113\u0123ija), Eduards Da\u0161\u0137evi\u010ds (&#8220;Auda&#8221;), Dmitrijs Zelenkovs (RFS), Kristaps Grabovskis (Kopenh\u0101genas B.93, D\u0101nija), Danila Patij\u010duks (&#8220;Liep\u0101ja&#8221;);<\/p>\n<p>uzbruc\u0113ji &#8211; Vladislavs Gutkovskis (Ted\u017eonas &#8220;Citizen&#8221;, Dienvidkoreja), Marko Reg\u017ea (&#8220;Riga&#8221;), J\u0101nis Ikaunieks (RFS), Ingars P\u016blis (&#8220;Tukums 2000&#8221;), Bruno Melnis (&#8220;Liep\u0101ja&#8221;).<\/p>\n","protected":false},"excerpt":{"rendered":"Sv\u0113tdien Latvijas futbolisti Pasaules kausa kvalifik\u0101cijas nosl\u0113gum\u0101 c\u012bn\u012bsies ar Serbiju. T\u0101 k\u0101 Latvijas izlase sp\u0113l\u0113 grup\u0101 ar nep\u0101ra&hellip;\n","protected":false},"author":2,"featured_media":48528,"comment_status":"","ping_status":"","sticky":false,"template":"","format":"standard","meta":{"footnotes":""},"categories":[5],"tags":[23,28,29,32,33,714,676,715,22,30,31,35,39,38,36,37,34,4016,40,20,26,27,24,25,21],"class_list":{"0":"post-48527","1":"post","2":"type-post","3":"status-publish","4":"format-standard","5":"has-post-thumbnail","7":"category-aktualitates","8":"tag-aktualitates","9":"tag-breaking-news","10":"tag-breakingnews","11":"tag-featured-news","12":"tag-featurednews","13":"tag-futbola-jaunumi","14":"tag-futbols","15":"tag-futbols-latvija","16":"tag-headlines","17":"tag-latest-news","18":"tag-latestnews","19":"tag-latvia","20":"tag-latvian","21":"tag-latviesu","22":"tag-latviesu-valoda","23":"tag-latviesuvaloda","24":"tag-latvija","25":"tag-latvijas-futbola-izlase","26":"tag-lv","27":"tag-news","28":"tag-popularakas-zinas","29":"tag-popularakaszinas","30":"tag-top-stories","31":"tag-topstories","32":"tag-zinas"},"share_on_mastodon":{"url":"https:\/\/pubeurope.com\/@lv\/115544587156356960","error":""},"_links":{"self":[{"href":"https:\/\/www.europesays.com\/lv\/wp-json\/wp\/v2\/posts\/48527","targetHints":{"allow":["GET"]}}],"collection":[{"href":"https:\/\/www.europesays.com\/lv\/wp-json\/wp\/v2\/posts"}],"about":[{"href":"https:\/\/www.europesays.com\/lv\/wp-json\/wp\/v2\/types\/post"}],"author":[{"embeddable":true,"href":"https:\/\/www.europesays.com\/lv\/wp-json\/wp\/v2\/users\/2"}],"replies":[{"embeddable":true,"href":"https:\/\/www.europesays.com\/lv\/wp-json\/wp\/v2\/comments?post=48527"}],"version-history":[{"count":0,"href":"https:\/\/www.europesays.com\/lv\/wp-json\/wp\/v2\/posts\/48527\/revisions"}],"wp:featuredmedia":[{"embeddable":true,"href":"https:\/\/www.europesays.com\/lv\/wp-json\/wp\/v2\/media\/48528"}],"wp:attachment":[{"href":"https:\/\/www.europesays.com\/lv\/wp-json\/wp\/v2\/media?parent=48527"}],"wp:term":[{"taxonomy":"category","embeddable":true,"href":"https:\/\/www.europesays.com\/lv\/wp-json\/wp\/v2\/categories?post=48527"},{"taxonomy":"post_tag","embeddable":true,"href":"https:\/\/www.europesays.com\/lv\/wp-json\/wp\/v2\/tags?post=48527"}],"curies":[{"name":"wp","href":"https:\/\/api.w.org\/{rel}","templated":true}]}}