{"id":48531,"date":"2025-11-13T21:56:08","date_gmt":"2025-11-13T21:56:08","guid":{"rendered":"https:\/\/www.europesays.com\/lv\/48531\/"},"modified":"2025-11-13T21:56:08","modified_gmt":"2025-11-13T21:56:08","slug":"es-valstis-atbalsta-nodevu-nelieliem-sutijumiem-no-valstim-arpus-bloka-dienas-bizness","status":"publish","type":"post","link":"https:\/\/www.europesays.com\/lv\/48531\/","title":{"rendered":"ES valstis atbalsta nodevu nelieliem s\u016bt\u012bjumiem no valst\u012bm \u0101rpus bloka &#8211; Dienas Bizness"},"content":{"rendered":"<ol>\n<li><a href=\"https:\/\/news.google.com\/rss\/articles\/CBMiowFBVV95cUxQSlNFNVJzMXh3aTZvWEp4ZHZjNk01NFJYT1RzWXZRbEowcU5BTFZsNXpreU00NDEzd0F4T0dtd0ttR0hiM0dkNEo1R1c2eGpIWXpmOVFzTUdqUnJEMUZ6OU14N3Y2enpxVUVBdkRmdTIwY3hPaDNCMTU5ZmRhOF9ocXF1QmtzVzN1Ujd3NmlnNUlGbVdEa0pCZkxSOUxRaUcxQ2JJ?oc=5\" target=\"_blank\" rel=\"nofollow noopener\">ES valstis atbalsta nodevu nelieliem s\u016bt\u012bjumiem no valst\u012bm \u0101rpus bloka<\/a>&nbsp;&nbsp;Dienas Bizness<\/li>\n<li><a href=\"https:\/\/news.google.com\/rss\/articles\/CBMi0gFBVV95cUxQUDRfZVBmSHNTYVdZRzVVNW1zVzVWOWRFOWFBd082XzdPRGExVnpJTzFrQTRtTzdCOWt0TmFhSGpoVzZaM3JhaFZaYkFzb19UNV9pQzVrQ0w1X3FzQU5jeVFEWHBWR0x1RjdNczVBdnd3LWFBUzJxLTFBVURiZnVEQ1c0SHZ5cTNNVVV2eG1IX0xvSWU4VTdJdGZPRlpkWWc0ejNFWEJWSF8tLUpwZXJULXFsMC1ONEx5Q3d5c0xOTFgySng4V195U01wb3c1SE9fekE?oc=5\" target=\"_blank\" rel=\"nofollow noopener\">Par s\u016bt\u012bjumiem no \u0136\u012bnas un cit\u0101m valst\u012bm var n\u0101kties maks\u0101t papildus maksu<\/a>&nbsp;&nbsp;Delfi<\/li>\n<li><a href=\"https:\/\/news.google.com\/rss\/articles\/CBMi8wFBVV95cUxPTjg2cDIweW9melZrcm5fazhzOUhpRlZ4dlBoZnJMbkc5NDhZekYzUGtaYWRWbmFUN1Q3QUd3clNpWVVvZVNpVDdBOG50STdHNWJMRktrQ1d5S1pCUnBhdUZHSm00NVdyM0xlcEpYUTBWc2RySUtHQ3A3UVE3QW9XNHFpNWt6ZF94OWV2SVFUUjJqa3R6OGhwV09pbC1nSFdPYnRjRnoxMkJlN2ktWDlmRTgzb04xTGJQdnNKaFBvMFNaQ29Ja1pJOWxmNHliSjBJcWZqT050bVMyOTRzSHFQWGtyR29YOU8zV1NYd1Nja0szNlU?oc=5\" target=\"_blank\" rel=\"nofollow noopener\">ES valstis atbalsta ieceri ieviest nodevu nelieliem s\u016bt\u012bjumiem no valst\u012bm \u0101rpus bloka, tostarp \u0136\u012bnas<\/a>&nbsp;&nbsp;LSM<\/li>\n<li><a href=\"https:\/\/news.google.com\/rss\/articles\/CBMitAFBVV95cUxOeXdIVEZDTmlpR1huUGZNb0RhOXNGck02OGNIZ2stRlNsU0RtZnRTYkNhc1NoS3JtR1FEQkp5OGhjWUFnbUpsUTJhdGNkYS05NTYwdWU2Rmh2RG9mTjNCU1JWMUs1b0RWMk1KUGk4b3U1VVBMN0oyQVNKS3hDRnJfVUxmeW83dHp0NndpYl8yYVROblcxYkdza182Qm1nLUJESC01YWdpNUhFUDVvdXljUVNWdEI?oc=5\" target=\"_blank\" rel=\"nofollow noopener\">ES valstis atbalsta ieceri ieviest nodevu nelieliem s\u016bt\u012bjumiem no valst\u012bm \u0101rpus bloka<\/a>&nbsp;&nbsp;TVNET<\/li>\n<li><a href=\"https:\/\/news.google.com\/rss\/articles\/CBMi6wFBVV95cUxQZjRVc2YwUGNXUXFUY3M1MTA5MDFUODUzekp6WnJiRWVieTR0S08zSnBGTlJTak1CYnpzVTRLSlRER2FlZVNZd0UtQ0Ntb05YVFA1NWhVSTNkUXRnUWQ5OWtXYVRvSzVMVzJTT2tCOHZGdzl5Y25YOUNhWmFlZUpJVDd6NVBVMGcxN052eldkSTFxdUc0Q3ctSDRHanU2c01aZHFsam42TFpiLUx4QnIzaFU3ZHdKSWNDTVJVajlETXdwLXRzaFVydUdVUUFBVExmaUtpNmZYajZVdUE4RnJPbHVfN3BjUFM5OWww?oc=5\" target=\"_blank\" rel=\"nofollow noopener\">ES tirdzniec\u012bbas komis\u0101rs aicina jau n\u0101kamgad ieviest nodevu nelieliem s\u016bt\u012bjumiem no valst\u012bm \u0101rpus bloka<\/a>&nbsp;&nbsp;liepajniekiem.lv<\/li>\n<\/ol>\n","protected":false},"excerpt":{"rendered":"ES valstis atbalsta nodevu nelieliem s\u016bt\u012bjumiem no valst\u012bm \u0101rpus bloka&nbsp;&nbsp;Dienas Bizness Par s\u016bt\u012bjumiem no \u0136\u012bnas un cit\u0101m valst\u012bm&hellip;\n","protected":false},"author":2,"featured_media":48532,"comment_status":"","ping_status":"","sticky":false,"template":"","format":"standard","meta":{"footnotes":""},"categories":[14],"tags":[23,57,869,77,870,28,29,867,32,33,22,30,31,35,39,38,36,37,34,871,868,40,20,26,27,24,25,54,55,56,21,58],"class_list":{"0":"post-48531","1":"post","2":"type-post","3":"status-publish","4":"format-standard","5":"has-post-thumbnail","7":"category-zinas-no-arvalstim","8":"tag-aktualitates","9":"tag-arvalstim","10":"tag-biznesa-zinas","11":"tag-bizness","12":"tag-bizness-latvija","13":"tag-breaking-news","14":"tag-breakingnews","15":"tag-dienas-zinas","16":"tag-featured-news","17":"tag-featurednews","18":"tag-headlines","19":"tag-latest-news","20":"tag-latestnews","21":"tag-latvia","22":"tag-latvian","23":"tag-latviesu","24":"tag-latviesu-valoda","25":"tag-latviesuvaloda","26":"tag-latvija","27":"tag-latvijas-biznesa-zinas","28":"tag-latvijas-zinas","29":"tag-lv","30":"tag-news","31":"tag-popularakas-zinas","32":"tag-popularakaszinas","33":"tag-top-stories","34":"tag-topstories","35":"tag-world","36":"tag-world-news","37":"tag-worldnews","38":"tag-zinas","39":"tag-zinas-no-arvalstim"},"share_on_mastodon":{"url":"","error":"Validation failed: Text character limit of 500 exceeded"},"_links":{"self":[{"href":"https:\/\/www.europesays.com\/lv\/wp-json\/wp\/v2\/posts\/48531","targetHints":{"allow":["GET"]}}],"collection":[{"href":"https:\/\/www.europesays.com\/lv\/wp-json\/wp\/v2\/posts"}],"about":[{"href":"https:\/\/www.europesays.com\/lv\/wp-json\/wp\/v2\/types\/post"}],"author":[{"embeddable":true,"href":"https:\/\/www.europesays.com\/lv\/wp-json\/wp\/v2\/users\/2"}],"replies":[{"embeddable":true,"href":"https:\/\/www.europesays.com\/lv\/wp-json\/wp\/v2\/comments?post=48531"}],"version-history":[{"count":0,"href":"https:\/\/www.europesays.com\/lv\/wp-json\/wp\/v2\/posts\/48531\/revisions"}],"wp:featuredmedia":[{"embeddable":true,"href":"https:\/\/www.europesays.com\/lv\/wp-json\/wp\/v2\/media\/48532"}],"wp:attachment":[{"href":"https:\/\/www.europesays.com\/lv\/wp-json\/wp\/v2\/media?parent=48531"}],"wp:term":[{"taxonomy":"category","embeddable":true,"href":"https:\/\/www.europesays.com\/lv\/wp-json\/wp\/v2\/categories?post=48531"},{"taxonomy":"post_tag","embeddable":true,"href":"https:\/\/www.europesays.com\/lv\/wp-json\/wp\/v2\/tags?post=48531"}],"curies":[{"name":"wp","href":"https:\/\/api.w.org\/{rel}","templated":true}]}}