{"id":48555,"date":"2025-11-13T22:21:13","date_gmt":"2025-11-13T22:21:13","guid":{"rendered":"https:\/\/www.europesays.com\/lv\/48555\/"},"modified":"2025-11-13T22:21:13","modified_gmt":"2025-11-13T22:21:13","slug":"tresdien-latvija-gaidams-islaicigs-lietus-un-perkons-riga-siltaks-neka-citviet-lente-lv-2","status":"publish","type":"post","link":"https:\/\/www.europesays.com\/lv\/48555\/","title":{"rendered":"Tre\u0161dien Latvij\u0101 gaid\u0101ms \u012bslaic\u012bgs lietus un p\u0113rkons, R\u012bg\u0101 silt\u0101ks nek\u0101 citviet\u00a0\u2014\u00a0Lente.lv"},"content":{"rendered":"<p>Laikapst\u0101k\u013cu p\u0101rskats Latvij\u0101: \u012bslaic\u012bgs lietus, p\u0113rkona dabas par\u0101d\u012bbas un m\u0113rens v\u0113j\u0161<\/p>\n<p>Tre\u0161dien, 12. novembr\u012b, Latvij\u0101 gaid\u0101ms main\u012bgs laikapst\u0101k\u013cu vilnis, ko ietekm\u0113s ciklona dienvidu mala. Sinopti\u0137i prognoz\u0113 \u012bslaic\u012bgu lietu daudzviet valst\u012b, un atsevi\u0161\u0137os re\u0123ionos past\u0101v ar\u012b iesp\u0113ja piedz\u012bvot p\u0113rkona dabas par\u0101d\u012bbas. Lietus m\u0101ko\u0146i galvenok\u0101rt virz\u012bsies no rietumiem uz austrumiem un zieme\u013caustrumiem. Tom\u0113r, neskatoties uz nokri\u0161\u0146iem, starp tiem uzsp\u012bd\u0113s ar\u012b saule, \u013caujot gaisa temperat\u016brai pak\u0101pties l\u012bdz pat +15..+19 gr\u0101diem p\u0113c Celsija skalas. \u0160\u012b dinamisk\u0101 laikapst\u0101k\u013cu aina sola interesantu dienu, kas mudina b\u016bt gataviem da\u017e\u0101d\u0101m laikapst\u0101k\u013cu izpausm\u0113m.<\/p>\n<p>V\u0113ja ietekme un temperat\u016bras sv\u0101rst\u012bbas<\/p>\n<p>Dienas gait\u0101 p\u016bt\u012bs m\u0113rens dienvidrietumu v\u0113j\u0161, kas liel\u0101ko da\u013cu dienas nodro\u0161in\u0101s pat\u012bkamu v\u0113sumu. Tom\u0113r, zem liel\u0101kajiem lietus m\u0101ko\u0146iem un atsevi\u0161\u0137\u0101s piekrastes viet\u0101s, ir prognoz\u0113jamas sp\u0113c\u012bg\u0101kas v\u0113ja br\u0101zmas, kas var sasniegt l\u012bdz pat 15 metriem sekund\u0113. \u0160\u0101das br\u0101zmas var rad\u012bt \u012bslaic\u012bgi pastiprin\u0101tu saj\u016btu par rudens neatlaid\u012bbu.<\/p>\n<p>Kopum\u0101 novembra vid\u0113j\u0101 gaisa temperat\u016bra Latvij\u0101 ir ap +2,2 \u00b0C . Tom\u0113r \u0161\u012b gada novembra s\u0101kums ir bijis neierasti silts, pirmaj\u0101s desmit dien\u0101s vid\u0113j\u0101 gaisa temperat\u016bra sasniedza +7,7 gr\u0101dus, kas ir par \u010detriem gr\u0101diem virs normas . \u0160\u0101di temperat\u016bras rekordi, kas p\u0101rsniedz normu, nav nekas neparasts novembr\u012b, piem\u0113ram, 2020. gad\u0101 vid\u0113j\u0101 gaisa temperat\u016bra bija +5,5 \u00b0C .<\/p>\n<p>R\u012bgas specifisk\u0101 laikapst\u0101k\u013cu aina<\/p>\n<p>Galvaspils\u0113t\u0101, R\u012bg\u0101, prognozes v\u0113sta par da\u013c\u0113ji m\u0101ko\u0146ainu dienu, kur\u0101 iesp\u0113jams \u012bslaic\u012bgs lietus. K\u0101 ierasts, R\u012bg\u0101 gaid\u0101ms m\u0113rens dienvidu un dienvidrietumu v\u0113j\u0161, un maksim\u0101l\u0101 gaisa temperat\u016bra sasniegs ap +18 gr\u0101diem. Lai gan p\u0113rkona iesp\u0113jam\u012bba R\u012bg\u0101 ir maz\u0101ka nek\u0101 citviet valst\u012b, tom\u0113r t\u0101 nav piln\u012bb\u0101 izsl\u0113gta, padarot ar\u012b galvaspils\u0113tas laikapst\u0101k\u013cus nedaudz aizraujo\u0161\u0101kus.<\/p>\n<p>Atmosf\u0113ras spiediens un kop\u0113j\u0101 aina<\/p>\n<p>Visu valsti vienos ciklona dienvidu mala, kas ietekm\u0113s atmosf\u0113ras spiedienu j\u016bras l\u012bmen\u012b. Tas sv\u0101rst\u012bsies no 1004 hektopask\u0101liem Zieme\u013ckurzem\u0113 l\u012bdz 1011 hektopask\u0101liem Dienvidlatgal\u0113. \u0160\u0101das spiediena at\u0161\u0137ir\u012bbas ir ierastas un parasti nenor\u0101da uz kardin\u0101l\u0101m laikapst\u0101k\u013cu izmai\u0146\u0101m, tom\u0113r t\u0101s ir svar\u012bgs faktors, ko \u0146em v\u0113r\u0101 meteorologi, veidojot savas prognozes.<\/p>\n<p>\u0160\u012b diena pied\u0101v\u0101 gan mier\u012bg\u0101kus, gan nedaudz ekstr\u0113m\u0101kus mirk\u013cus, kas padara ikdienu interesant\u0101ku. Ir svar\u012bgi sekot l\u012bdzi aktu\u0101lajiem br\u012bdin\u0101jumiem un prognoz\u0113m, jo laikapst\u0101k\u013ci var main\u012bties pat vair\u0101kas reizes dien\u0101. \u0160\u012b laikapst\u0101k\u013cu dinamika ar \u012bslaic\u012bgu lietu un iesp\u0113jamu p\u0113rkonu atg\u0101dina par rudens nenoteikt\u012bbu un t\u0101 da\u017e\u0101daj\u0101m izpausm\u0113m dab\u0101.<\/p>\n","protected":false},"excerpt":{"rendered":"Laikapst\u0101k\u013cu p\u0101rskats Latvij\u0101: \u012bslaic\u012bgs lietus, p\u0113rkona dabas par\u0101d\u012bbas un m\u0113rens v\u0113j\u0161 Tre\u0161dien, 12. novembr\u012b, Latvij\u0101 gaid\u0101ms main\u012bgs laikapst\u0101k\u013cu&hellip;\n","protected":false},"author":2,"featured_media":48556,"comment_status":"","ping_status":"","sticky":false,"template":"","format":"standard","meta":{"footnotes":""},"categories":[12],"tags":[23,28,29,32,33,22,152,1052,30,31,35,39,38,36,37,34,3678,40,20,10580,12645,26,27,24,25,21],"class_list":{"0":"post-48555","1":"post","2":"type-post","3":"status-publish","4":"format-standard","5":"has-post-thumbnail","7":"category-latvija","8":"tag-aktualitates","9":"tag-breaking-news","10":"tag-breakingnews","11":"tag-featured-news","12":"tag-featurednews","13":"tag-headlines","14":"tag-laika-prognoze","15":"tag-laikapstakli-latvija","16":"tag-latest-news","17":"tag-latestnews","18":"tag-latvia","19":"tag-latvian","20":"tag-latviesu","21":"tag-latviesu-valoda","22":"tag-latviesuvaloda","23":"tag-latvija","24":"tag-lietus","25":"tag-lv","26":"tag-news","27":"tag-novembris","28":"tag-perkons","29":"tag-popularakas-zinas","30":"tag-popularakaszinas","31":"tag-top-stories","32":"tag-topstories","33":"tag-zinas"},"share_on_mastodon":{"url":"https:\/\/pubeurope.com\/@lv\/115544724808456365","error":""},"_links":{"self":[{"href":"https:\/\/www.europesays.com\/lv\/wp-json\/wp\/v2\/posts\/48555","targetHints":{"allow":["GET"]}}],"collection":[{"href":"https:\/\/www.europesays.com\/lv\/wp-json\/wp\/v2\/posts"}],"about":[{"href":"https:\/\/www.europesays.com\/lv\/wp-json\/wp\/v2\/types\/post"}],"author":[{"embeddable":true,"href":"https:\/\/www.europesays.com\/lv\/wp-json\/wp\/v2\/users\/2"}],"replies":[{"embeddable":true,"href":"https:\/\/www.europesays.com\/lv\/wp-json\/wp\/v2\/comments?post=48555"}],"version-history":[{"count":0,"href":"https:\/\/www.europesays.com\/lv\/wp-json\/wp\/v2\/posts\/48555\/revisions"}],"wp:featuredmedia":[{"embeddable":true,"href":"https:\/\/www.europesays.com\/lv\/wp-json\/wp\/v2\/media\/48556"}],"wp:attachment":[{"href":"https:\/\/www.europesays.com\/lv\/wp-json\/wp\/v2\/media?parent=48555"}],"wp:term":[{"taxonomy":"category","embeddable":true,"href":"https:\/\/www.europesays.com\/lv\/wp-json\/wp\/v2\/categories?post=48555"},{"taxonomy":"post_tag","embeddable":true,"href":"https:\/\/www.europesays.com\/lv\/wp-json\/wp\/v2\/tags?post=48555"}],"curies":[{"name":"wp","href":"https:\/\/api.w.org\/{rel}","templated":true}]}}