{"id":48625,"date":"2025-11-14T04:09:10","date_gmt":"2025-11-14T04:09:10","guid":{"rendered":"https:\/\/www.europesays.com\/lv\/48625\/"},"modified":"2025-11-14T04:09:10","modified_gmt":"2025-11-14T04:09:10","slug":"saeima-atlauj-sakt-kriminalvajasanu-pret-rigas-rajona-tiesas-tiesnesi-silinevicu","status":"publish","type":"post","link":"https:\/\/www.europesays.com\/lv\/48625\/","title":{"rendered":"Saeima at\u013cauj s\u0101kt krimin\u0101lvaj\u0101\u0161anu pret R\u012bgas rajona tiesas tiesnesi Sili\u0146evi\u010du"},"content":{"rendered":"<p>Prokurat\u016bras p\u0101rst\u0101vji l\u012bdz \u0161im nav izskaidroju\u0161i, k\u0101dos noziedz\u012bgos nodar\u012bjumos tiesnese tiek vainota.<\/p>\n<p>Tiesu administr\u0101cija ir vien inform\u0113jusi, ka atbilsto\u0161i likumam tiesnese no amata atst\u0101din\u0101ta, jo vi\u0146a krimin\u0101lproces\u0101 ir ieguvusi procesu\u0101lo statusu k\u0101 persona, kurai ir ties\u012bbas uz aizst\u0101v\u012bbu.<\/p>\n<p>Ar\u012b Saeimas Juridisk\u0101s komisijas vad\u012bt\u0101js Andrejs Judins (JV) a\u0123ent\u016brai LETA iepriek\u0161 nesniedza s\u012bk\u0101ku inform\u0101ciju, kas tiek inkrimin\u0113ts tiesnesei, uzsverot, ka parakst\u012bjies par inform\u0101cijas neizpau\u0161anu.<\/p>\n<p>\u0160odien neilgi pirms balsojuma a\u0123ent\u016brai LETA prokurat\u016br\u0101 teica, ka Saeimas akcepta gad\u012bjum\u0101 b\u016bs j\u0101pie\u0146em l\u0113mums par personas sauk\u0161anu pie krimin\u0101latbild\u012bbas un turpin\u0101sies pirmstiesas krimin\u0101lprocesa izmekl\u0113\u0161ana, kuras laik\u0101 nek\u0101das deta\u013cas par lietas apst\u0101k\u013ciem prokurors nesniegs.<\/p>\n<p>Tikl\u012bdz tas b\u016bs iesp\u0113jams, prokurat\u016bra inform\u0113s par \u0161\u012bs lietas b\u016bt\u012bbu un virz\u012bbu.<\/p>\n<p>Latvijas Telev\u012bzija, atsaucoties uz t\u0101s r\u012bc\u012bb\u0101 eso\u0161o inform\u0101ciju, v\u0113st\u012bja, ka Sili\u0146evi\u010da var\u0113tu b\u016bt iesaist\u012bta liet\u0101 par dienesta st\u0101vok\u013ca \u013caunpr\u0101t\u012bgu izmanto\u0161anu un fikt\u012bvu tiesu darbinieku nodarbin\u0101\u0161anu arh\u012bv\u0101.<\/p>\n<p>Sili\u0146evi\u010da skat\u012bjusi vair\u0101kas ska\u013cas lietas, piem\u0113ram, vienu no &#8220;Latvenergo&#8221;, k\u0101 ar\u012b vienu no R\u012bgas Centr\u0101ltirgus kuku\u013co\u0161anas liet\u0101m.<\/p>\n","protected":false},"excerpt":{"rendered":"Prokurat\u016bras p\u0101rst\u0101vji l\u012bdz \u0161im nav izskaidroju\u0161i, k\u0101dos noziedz\u012bgos nodar\u012bjumos tiesnese tiek vainota. Tiesu administr\u0101cija ir vien inform\u0113jusi, ka&hellip;\n","protected":false},"author":2,"featured_media":48626,"comment_status":"","ping_status":"","sticky":false,"template":"","format":"standard","meta":{"footnotes":""},"categories":[12],"tags":[23,28,29,32,33,22,13352,30,31,35,39,38,36,37,34,40,20,26,27,141,24,25,21],"class_list":{"0":"post-48625","1":"post","2":"type-post","3":"status-publish","4":"format-standard","5":"has-post-thumbnail","7":"category-latvija","8":"tag-aktualitates","9":"tag-breaking-news","10":"tag-breakingnews","11":"tag-featured-news","12":"tag-featurednews","13":"tag-headlines","14":"tag-inese-silinevica","15":"tag-latest-news","16":"tag-latestnews","17":"tag-latvia","18":"tag-latvian","19":"tag-latviesu","20":"tag-latviesu-valoda","21":"tag-latviesuvaloda","22":"tag-latvija","23":"tag-lv","24":"tag-news","25":"tag-popularakas-zinas","26":"tag-popularakaszinas","27":"tag-saeima","28":"tag-top-stories","29":"tag-topstories","30":"tag-zinas"},"share_on_mastodon":{"url":"https:\/\/pubeurope.com\/@lv\/115546093380934730","error":""},"_links":{"self":[{"href":"https:\/\/www.europesays.com\/lv\/wp-json\/wp\/v2\/posts\/48625","targetHints":{"allow":["GET"]}}],"collection":[{"href":"https:\/\/www.europesays.com\/lv\/wp-json\/wp\/v2\/posts"}],"about":[{"href":"https:\/\/www.europesays.com\/lv\/wp-json\/wp\/v2\/types\/post"}],"author":[{"embeddable":true,"href":"https:\/\/www.europesays.com\/lv\/wp-json\/wp\/v2\/users\/2"}],"replies":[{"embeddable":true,"href":"https:\/\/www.europesays.com\/lv\/wp-json\/wp\/v2\/comments?post=48625"}],"version-history":[{"count":0,"href":"https:\/\/www.europesays.com\/lv\/wp-json\/wp\/v2\/posts\/48625\/revisions"}],"wp:featuredmedia":[{"embeddable":true,"href":"https:\/\/www.europesays.com\/lv\/wp-json\/wp\/v2\/media\/48626"}],"wp:attachment":[{"href":"https:\/\/www.europesays.com\/lv\/wp-json\/wp\/v2\/media?parent=48625"}],"wp:term":[{"taxonomy":"category","embeddable":true,"href":"https:\/\/www.europesays.com\/lv\/wp-json\/wp\/v2\/categories?post=48625"},{"taxonomy":"post_tag","embeddable":true,"href":"https:\/\/www.europesays.com\/lv\/wp-json\/wp\/v2\/tags?post=48625"}],"curies":[{"name":"wp","href":"https:\/\/api.w.org\/{rel}","templated":true}]}}