{"id":48662,"date":"2025-11-14T04:52:08","date_gmt":"2025-11-14T04:52:08","guid":{"rendered":"https:\/\/www.europesays.com\/lv\/48662\/"},"modified":"2025-11-14T04:52:08","modified_gmt":"2025-11-14T04:52:08","slug":"krievija-nakts-laika-veic-masivu-kombineto-uzbrukumu-kijivai","status":"publish","type":"post","link":"https:\/\/www.europesays.com\/lv\/48662\/","title":{"rendered":"Krievija nakts laik\u0101 veic mas\u012bvu kombin\u0113to uzbrukumu Kijivai"},"content":{"rendered":"<p class=\"lead mb-md-2 mb-1 js-tv3-orphus\">Agr\u0101 piektdienas r\u012bt\u0101 mas\u012bvs Krievijas uzbrukums Ukrainai \u2013 \u012bpa\u0161i sp\u0113c\u012bgi skarta Kijiva.\n<\/p>\n<p>Maskava \u0161onakt Ukrainas galvaspils\u0113tas virzien\u0101 \u012bstenoja kombin\u0113to uzbrukumu ar droniem un ballistiskaj\u0101m ra\u0137et\u0113m.<\/p>\n<p>\u0160obr\u012bd zin\u0101ms, ka ievainoti vismaz 16 cilv\u0113ki, vi\u0146u vid\u016b ar\u012b gr\u016btniece un desmitgad\u012bgs b\u0113rns.<\/p>\n<p>Vair\u0101k\u0101s pils\u0113tas apkaim\u0113s nakt\u012b bija redzami ugunsgr\u0113ki un ra\u0137e\u0161u, dronu atl\u016bzas.<\/p>\n<p>Vienlaikus Ukrainas droni tr\u0101p\u012bju\u0161i Krievijas Novorosijskas ost\u0101 un naftas p\u0101rstr\u0101des termin\u0101l\u012b, radot v\u0113rien\u012bgus spr\u0101dzienus. Viet\u0113jie film\u0113ja uzliesmojumus pie infrastrukt\u016bras, kas iek\u013cauj galvenaj\u0101s uz\u0146\u0113muma \u201cTransneft\u201d \u0113kas.<\/p>\n","protected":false},"excerpt":{"rendered":"Agr\u0101 piektdienas r\u012bt\u0101 mas\u012bvs Krievijas uzbrukums Ukrainai \u2013 \u012bpa\u0161i sp\u0113c\u012bgi skarta Kijiva. Maskava \u0161onakt Ukrainas galvaspils\u0113tas virzien\u0101 \u012bstenoja&hellip;\n","protected":false},"author":2,"featured_media":48663,"comment_status":"","ping_status":"","sticky":false,"template":"","format":"standard","meta":{"footnotes":""},"categories":[5],"tags":[23,28,29,32,33,22,3354,30,31,35,39,38,36,37,34,40,20,26,27,24,25,21],"class_list":{"0":"post-48662","1":"post","2":"type-post","3":"status-publish","4":"format-standard","5":"has-post-thumbnail","7":"category-aktualitates","8":"tag-aktualitates","9":"tag-breaking-news","10":"tag-breakingnews","11":"tag-featured-news","12":"tag-featurednews","13":"tag-headlines","14":"tag-kars-ukraina","15":"tag-latest-news","16":"tag-latestnews","17":"tag-latvia","18":"tag-latvian","19":"tag-latviesu","20":"tag-latviesu-valoda","21":"tag-latviesuvaloda","22":"tag-latvija","23":"tag-lv","24":"tag-news","25":"tag-popularakas-zinas","26":"tag-popularakaszinas","27":"tag-top-stories","28":"tag-topstories","29":"tag-zinas"},"share_on_mastodon":{"url":"https:\/\/pubeurope.com\/@lv\/115546262299928691","error":""},"_links":{"self":[{"href":"https:\/\/www.europesays.com\/lv\/wp-json\/wp\/v2\/posts\/48662","targetHints":{"allow":["GET"]}}],"collection":[{"href":"https:\/\/www.europesays.com\/lv\/wp-json\/wp\/v2\/posts"}],"about":[{"href":"https:\/\/www.europesays.com\/lv\/wp-json\/wp\/v2\/types\/post"}],"author":[{"embeddable":true,"href":"https:\/\/www.europesays.com\/lv\/wp-json\/wp\/v2\/users\/2"}],"replies":[{"embeddable":true,"href":"https:\/\/www.europesays.com\/lv\/wp-json\/wp\/v2\/comments?post=48662"}],"version-history":[{"count":0,"href":"https:\/\/www.europesays.com\/lv\/wp-json\/wp\/v2\/posts\/48662\/revisions"}],"wp:featuredmedia":[{"embeddable":true,"href":"https:\/\/www.europesays.com\/lv\/wp-json\/wp\/v2\/media\/48663"}],"wp:attachment":[{"href":"https:\/\/www.europesays.com\/lv\/wp-json\/wp\/v2\/media?parent=48662"}],"wp:term":[{"taxonomy":"category","embeddable":true,"href":"https:\/\/www.europesays.com\/lv\/wp-json\/wp\/v2\/categories?post=48662"},{"taxonomy":"post_tag","embeddable":true,"href":"https:\/\/www.europesays.com\/lv\/wp-json\/wp\/v2\/tags?post=48662"}],"curies":[{"name":"wp","href":"https:\/\/api.w.org\/{rel}","templated":true}]}}