{"id":48676,"date":"2025-11-14T05:16:08","date_gmt":"2025-11-14T05:16:08","guid":{"rendered":"https:\/\/www.europesays.com\/lv\/48676\/"},"modified":"2025-11-14T05:16:08","modified_gmt":"2025-11-14T05:16:08","slug":"jekabpils-valsts-gimnazijas-pedagoges-spid-starp-latvijas-labakajiem-skolotajiem-jekabpils-laiks-jekabpils-zinas","status":"publish","type":"post","link":"https:\/\/www.europesays.com\/lv\/48676\/","title":{"rendered":"J\u0113kabpils Valsts \u0123imn\u0101zijas pedago\u0123es sp\u012bd starp Latvijas lab\u0101kajiem skolot\u0101jiem \/ J\u0113kabpils Laiks: J\u0113kabpils zi\u0146as"},"content":{"rendered":"<p>Lai godin\u0101tu talant\u012bgus un iedvesmojo\u0161us Latvijas skolot\u0101jus, apliecinot pedagoga darba noz\u012bm\u012bgo lomu Latvijas sabiedr\u012bbas un valsts att\u012bst\u012bb\u0101, Latvijas Universit\u0101t\u0113 notika svin\u012bg\u0101 balvas \u201cLatvijas Gada skolot\u0101js 2025\u201d pasnieg\u0161anas ceremonija. \u0160aj\u0101 pas\u0101kum\u0101 13 nomin\u0101cij\u0101s tika sumin\u0101ti pedagogi un skolu komandas, kas iedvesmo un veido izgl\u012btotu sabiedr\u012bbu.<\/p>\n<blockquote><p>&#13;<\/p>\n<p>\u201c\u0160\u012b balva ir cie\u0146as un pateic\u012bbas apliecin\u0101jums m\u016bsu skolot\u0101jiem \u2013 cilv\u0113kiem, kuru darbs ir gudr\u012bbas un izgl\u012btotas sabiedr\u012bbas un valsts pamats. Lielais nominantu skaits apliecina, ka Latvij\u0101 ir sp\u0113c\u012bga, rado\u0161a un misijai uztic\u012bga pedagogu kopiena, kurai m\u0113s v\u0113lamies teikt paldies. Balva reiz\u0113 ar\u012b kalpo k\u0101 motiv\u0101cija jaunie\u0161iem izv\u0113l\u0113ties gr\u016bto, bet \u013coti skaisto skolot\u0101ja profesiju,\u201d uzsv\u0113ra LU rektors profesors Gundars B\u0113rzi\u0146\u0161.<\/p>\n<p>&#13;\n<\/p><\/blockquote>\n<p>No J\u0113kabpils Valsts \u0123imn\u0101zijas balvai tika nomin\u0113tas skolot\u0101jas Laura Umbra\u0161ko un Sandra Bondare. Laura sa\u0146\u0113ma apliecin\u0101jumu par nomin\u0101ciju Gada Soci\u0101lo zin\u012bbu skolot\u0101js un pateic\u012bbu par ieguld\u012bjumu pedago\u0123iskaj\u0101 darb\u012bb\u0101, savuk\u0101rt Sandra tika apbalvota ar galveno balvu \u2013 Gada Kult\u016bras un m\u0101kslas skolot\u0101js. Abas skolot\u0101jas kop\u0101 ar skolas vad\u012bbas p\u0101rst\u0101vjiem piedal\u012bj\u0101s svin\u012bgaj\u0101 pas\u0101kum\u0101 LU Lielaj\u0101 aul\u0101.<\/p>\n<p><a rel=\"group\" class=\"lightbox content-image content-img-auto-gen\" title=\"\" href=\"https:\/\/www.europesays.com\/lv\/wp-content\/uploads\/2025\/11\/2788604292ec3b.jpg\"><img decoding=\"async\" alt=\"\" src=\"https:\/\/www.europesays.com\/lv\/wp-content\/uploads\/2025\/11\/2788604292ec3b.jpg\" style=\"width: 900px; height: 890px;\" class=\"img-fluid\"\/><\/a><\/p>\n<p>\u0160ogad balvai tika sa\u0146emti 145 pieteikumi no visas Latvijas. Balvas \u017e\u016brij\u0101 darboj\u0101s izgl\u012bt\u012bbas un zin\u0101tnes ministre Dace Melb\u0101rde, LU padomes priek\u0161s\u0113d\u0113t\u0101js profesors M\u0101rcis Auzi\u0146\u0161, LU Izgl\u012bt\u012bbas zin\u0101t\u0146u un psiholo\u0123ijas fakult\u0101tes dek\u0101ne profesore Linda Daniela, LU fonda vad\u012bt\u0101ja Zaiga P\u016bce, uz\u0146\u0113m\u0113js Druvis M\u016brmanis, profesors Ivars L\u0101cis, k\u0101 ar\u012b Valsts izgl\u012bt\u012bbas att\u012bst\u012bbas a\u0123ent\u016bras Metodisk\u0101 atbalsta noda\u013cas vad\u012bt\u0101ja Liene Tr\u016bpa, Latvijas Izgl\u012bt\u012bbas un zin\u0101tnes darbinieku arodbiedr\u012bbas priek\u0161s\u0113d\u0113t\u0101ja Inga Vanaga un Latvijas Pa\u0161vald\u012bbu savien\u012bbas padomniece izgl\u012bt\u012bbas un kult\u016bras jaut\u0101jumos In\u0101ra Dundure.<\/p>\n<p>Balvu organiz\u0113 Latvijas Universit\u0101te un LU fonds sadarb\u012bb\u0101 ar Izgl\u012bt\u012bbas un zin\u0101tnes ministriju, pedagogus atbalsta SIA \u201cMikrot\u012bkls\u201d, \u201cAJ Power\u201d un \u201cLightguide\u201d.<\/p>\n<p>Pla\u0161\u0101kai sabiedr\u012bbai pas\u0101kumu b\u016bs iesp\u0113jams noskat\u012bties telev\u012bzij\u0101:<\/p>\n<ul>&#13;<\/p>\n<li>ReTV \u2013 15. novembr\u012b plkst. 22.00 (atk\u0101rtojumi 16. un 22. novembr\u012b plkst. 11.00)<\/li>\n<p>&#13;<\/p>\n<li>TV24 \u2013 15. novembr\u012b plkst. 22.00 (atk\u0101rtojumi 16. novembr\u012b plkst. 14.00 un 19. novembr\u012b plkst. 22.00).<\/li>\n<p>&#13;\n<\/ul>\n<p>Balva tika iedibin\u0101ta 2024. gad\u0101 ar m\u0113r\u0137i godin\u0101t talant\u012bgus pedagogus no visas valsts, apliecinot skolot\u0101ja darba iz\u0161\u0137iro\u0161o noz\u012bmi Latvijas sabiedr\u012bbas un valsts att\u012bst\u012bb\u0101.<\/p>\n","protected":false},"excerpt":{"rendered":"Lai godin\u0101tu talant\u012bgus un iedvesmojo\u0161us Latvijas skolot\u0101jus, apliecinot pedagoga darba noz\u012bm\u012bgo lomu Latvijas sabiedr\u012bbas un valsts att\u012bst\u012bb\u0101, Latvijas&hellip;\n","protected":false},"author":2,"featured_media":48677,"comment_status":"","ping_status":"","sticky":false,"template":"","format":"standard","meta":{"footnotes":""},"categories":[5],"tags":[23,28,29,32,33,22,987,986,30,31,35,39,38,36,37,34,40,20,26,27,24,25,21],"class_list":{"0":"post-48676","1":"post","2":"type-post","3":"status-publish","4":"format-standard","5":"has-post-thumbnail","7":"category-aktualitates","8":"tag-aktualitates","9":"tag-breaking-news","10":"tag-breakingnews","11":"tag-featured-news","12":"tag-featurednews","13":"tag-headlines","14":"tag-jekabpils-zinas","15":"tag-jekabpilslaiks","16":"tag-latest-news","17":"tag-latestnews","18":"tag-latvia","19":"tag-latvian","20":"tag-latviesu","21":"tag-latviesu-valoda","22":"tag-latviesuvaloda","23":"tag-latvija","24":"tag-lv","25":"tag-news","26":"tag-popularakas-zinas","27":"tag-popularakaszinas","28":"tag-top-stories","29":"tag-topstories","30":"tag-zinas"},"share_on_mastodon":{"url":"https:\/\/pubeurope.com\/@lv\/115546356746473082","error":""},"_links":{"self":[{"href":"https:\/\/www.europesays.com\/lv\/wp-json\/wp\/v2\/posts\/48676","targetHints":{"allow":["GET"]}}],"collection":[{"href":"https:\/\/www.europesays.com\/lv\/wp-json\/wp\/v2\/posts"}],"about":[{"href":"https:\/\/www.europesays.com\/lv\/wp-json\/wp\/v2\/types\/post"}],"author":[{"embeddable":true,"href":"https:\/\/www.europesays.com\/lv\/wp-json\/wp\/v2\/users\/2"}],"replies":[{"embeddable":true,"href":"https:\/\/www.europesays.com\/lv\/wp-json\/wp\/v2\/comments?post=48676"}],"version-history":[{"count":0,"href":"https:\/\/www.europesays.com\/lv\/wp-json\/wp\/v2\/posts\/48676\/revisions"}],"wp:featuredmedia":[{"embeddable":true,"href":"https:\/\/www.europesays.com\/lv\/wp-json\/wp\/v2\/media\/48677"}],"wp:attachment":[{"href":"https:\/\/www.europesays.com\/lv\/wp-json\/wp\/v2\/media?parent=48676"}],"wp:term":[{"taxonomy":"category","embeddable":true,"href":"https:\/\/www.europesays.com\/lv\/wp-json\/wp\/v2\/categories?post=48676"},{"taxonomy":"post_tag","embeddable":true,"href":"https:\/\/www.europesays.com\/lv\/wp-json\/wp\/v2\/tags?post=48676"}],"curies":[{"name":"wp","href":"https:\/\/api.w.org\/{rel}","templated":true}]}}