{"id":48691,"date":"2025-11-14T05:50:08","date_gmt":"2025-11-14T05:50:08","guid":{"rendered":"https:\/\/www.europesays.com\/lv\/48691\/"},"modified":"2025-11-14T05:50:08","modified_gmt":"2025-11-14T05:50:08","slug":"bbc-atzist-spriesanas-kludu-trampa-runas-redigesana-un-atvainojas-prezidentam-jauns-lv","status":"publish","type":"post","link":"https:\/\/www.europesays.com\/lv\/48691\/","title":{"rendered":"BBC atz\u012bst sprie\u0161anas k\u013c\u016bdu Trampa runas redi\u0123\u0113\u0161an\u0101 un atvainojas prezidentam &#8211; Jauns.lv"},"content":{"rendered":"<ol>\n<li><a href=\"https:\/\/news.google.com\/rss\/articles\/CBMitwFBVV95cUxPQkJqZW92Z2hpZEgtOFV3WVp4em5zdkN5RS1aMkFjbFlkMTFBLXpiM3YzLTBlSi1sMDZJRUhISUhjN0hjNTJ1QWV1NTdsbkM3NnZ2VW1jaFBQSjlEeFBibkpQWGhRb2V0VklTTlF6a2xOcXBlOGxwR3JEUU1faC1pdHpwd3FSdEplMnBDaUVTZ1BxeTdLRHFrVzdHRzRra0Q3WmFsa2VvM0pSYXVTSGNkX1Iwajh0QnM?oc=5\" target=\"_blank\" rel=\"nofollow noopener\">BBC atz\u012bst sprie\u0161anas k\u013c\u016bdu Trampa runas redi\u0123\u0113\u0161an\u0101 un atvainojas prezidentam<\/a>&nbsp;&nbsp;Jauns.lv<\/li>\n<li><a href=\"https:\/\/news.google.com\/rss\/articles\/CBMirAFBVV95cUxPUzBYb19IM2xzX3JLMkdfQWtkWVdCcl8wMEJtcDlHYThyaFBLZEVpUFJlX1dWR3JnbERtaXVLdnNFandYb0x5ZjJSemFjLWlNVi0wUHU0S0ZITUlzanpCTmVQY1FLWmtWZmxHRHZIRjh6VzBkc1RET0R2S3YwWEJkSnJzUVZNNFFha2k0Mm45cXVlSmVmZ0xhY1dpeEk3N3hVRnNIRDVDZlNTUjdq?oc=5\" target=\"_blank\" rel=\"nofollow noopener\">BBC atvainojas Trampam par vi\u0146a runas redi\u0123\u0113\u0161anu \/ Raksts<\/a>&nbsp;&nbsp;LSM<\/li>\n<li><a href=\"https:\/\/news.google.com\/rss\/articles\/CBMigwFBVV95cUxOMloydVJZaFpNaDhlSExZMG9hOThUN25PSGJWMUw5ZTFYdVY0T3VIOEFydHBnR3NWdDhEQnlOQW9lVExnUmthdkJJS3NnOFlIRGtwUV91ay1IcU1VZU1xeTFCVlZuWW9fSW50Nm5LWU5fbHVoR0U3SW1RTE51WnAtT1I4VQ?oc=5\" target=\"_blank\" rel=\"nofollow noopener\">BBC atvainojas Trampam par vi\u0146a runas redi\u0123\u0113\u0161anu<\/a>&nbsp;&nbsp;TVNET<\/li>\n<li><a href=\"https:\/\/news.google.com\/rss\/articles\/CBMiogFBVV95cUxQUnp0RXhzUTRQQmxELTU1cXRoM1BwWjA5dkx6MUt2ZXlaSS1fV3ZCMWVnNUF6djNKMy1xZ0V6Ynl3N3FYbnYyb2VuaEFPdkg5MV96LTNwMFh5VElnQWxzTXIwLWxxLUVfSVBDRFJiWTFuNjdvSVZxb2paVHotcXBWY3VJZWRFVkNyVGNDNTFWd0dHdnFQaF9FVzVVOXl1R0p2RHc?oc=5\" target=\"_blank\" rel=\"nofollow noopener\">BBC skand\u0101ls: Tramps apsver tiesved\u012bbu miljardu dol\u0101ru v\u0113rt\u012bb\u0101<\/a>&nbsp;&nbsp;Jauns.lv<\/li>\n<li><a href=\"https:\/\/news.google.com\/rss\/articles\/CBMirgFBVV95cUxNSm4zRFNUVVRuMlR4UmtBMDVrazlYYXEzNG9makVTMVpxcmM1SXZBc1RRU05lV3pTVFh1MGtKbmtIWWZkQkR2UFE0aWJVN2lCUUpyelZkMzdhVzlFZk4xYVZVNFp6ZWVEaDFnWi0xWTMtbVlSdFBzUlhnUzZ2REdMVnlPUlFvejlOUExZbU9TamxBZngydllsdER1bENHWUwyNTFKbG9fdEpmTlhuQUE?oc=5\" target=\"_blank\" rel=\"nofollow noopener\">No amata atk\u0101pjas BBC \u0123ener\u0101ldirektors p\u0113c Trampa izteikumu redi\u0123\u0113\u0161anu skand\u0101la<\/a>&nbsp;&nbsp;Apollo.lv<\/li>\n<\/ol>\n","protected":false},"excerpt":{"rendered":"BBC atz\u012bst sprie\u0161anas k\u013c\u016bdu Trampa runas redi\u0123\u0113\u0161an\u0101 un atvainojas prezidentam&nbsp;&nbsp;Jauns.lv BBC atvainojas Trampam par vi\u0146a runas redi\u0123\u0113\u0161anu \/&hellip;\n","protected":false},"author":2,"featured_media":48692,"comment_status":"","ping_status":"","sticky":false,"template":"","format":"standard","meta":{"footnotes":""},"categories":[14],"tags":[23,57,28,29,32,33,22,30,31,35,39,38,36,37,34,40,20,26,27,24,25,54,55,56,21,58],"class_list":{"0":"post-48691","1":"post","2":"type-post","3":"status-publish","4":"format-standard","5":"has-post-thumbnail","7":"category-zinas-no-arvalstim","8":"tag-aktualitates","9":"tag-arvalstim","10":"tag-breaking-news","11":"tag-breakingnews","12":"tag-featured-news","13":"tag-featurednews","14":"tag-headlines","15":"tag-latest-news","16":"tag-latestnews","17":"tag-latvia","18":"tag-latvian","19":"tag-latviesu","20":"tag-latviesu-valoda","21":"tag-latviesuvaloda","22":"tag-latvija","23":"tag-lv","24":"tag-news","25":"tag-popularakas-zinas","26":"tag-popularakaszinas","27":"tag-top-stories","28":"tag-topstories","29":"tag-world","30":"tag-world-news","31":"tag-worldnews","32":"tag-zinas","33":"tag-zinas-no-arvalstim"},"share_on_mastodon":{"url":"https:\/\/pubeurope.com\/@lv\/115546490283426254","error":""},"_links":{"self":[{"href":"https:\/\/www.europesays.com\/lv\/wp-json\/wp\/v2\/posts\/48691","targetHints":{"allow":["GET"]}}],"collection":[{"href":"https:\/\/www.europesays.com\/lv\/wp-json\/wp\/v2\/posts"}],"about":[{"href":"https:\/\/www.europesays.com\/lv\/wp-json\/wp\/v2\/types\/post"}],"author":[{"embeddable":true,"href":"https:\/\/www.europesays.com\/lv\/wp-json\/wp\/v2\/users\/2"}],"replies":[{"embeddable":true,"href":"https:\/\/www.europesays.com\/lv\/wp-json\/wp\/v2\/comments?post=48691"}],"version-history":[{"count":0,"href":"https:\/\/www.europesays.com\/lv\/wp-json\/wp\/v2\/posts\/48691\/revisions"}],"wp:featuredmedia":[{"embeddable":true,"href":"https:\/\/www.europesays.com\/lv\/wp-json\/wp\/v2\/media\/48692"}],"wp:attachment":[{"href":"https:\/\/www.europesays.com\/lv\/wp-json\/wp\/v2\/media?parent=48691"}],"wp:term":[{"taxonomy":"category","embeddable":true,"href":"https:\/\/www.europesays.com\/lv\/wp-json\/wp\/v2\/categories?post=48691"},{"taxonomy":"post_tag","embeddable":true,"href":"https:\/\/www.europesays.com\/lv\/wp-json\/wp\/v2\/tags?post=48691"}],"curies":[{"name":"wp","href":"https:\/\/api.w.org\/{rel}","templated":true}]}}