{"id":48721,"date":"2025-11-14T06:33:10","date_gmt":"2025-11-14T06:33:10","guid":{"rendered":"https:\/\/www.europesays.com\/lv\/48721\/"},"modified":"2025-11-14T06:33:10","modified_gmt":"2025-11-14T06:33:10","slug":"zzs-nav-valdibas-ieksejais-opozicionars-taisnojas-mierina","status":"publish","type":"post","link":"https:\/\/www.europesays.com\/lv\/48721\/","title":{"rendered":"ZZS nav vald\u012bbas iek\u0161\u0113jais opozicion\u0101rs, taisnojas Mieri\u0146a"},"content":{"rendered":"<p>Za\u013co un zemnieku savien\u012bba (ZZS) nav vald\u012bbas iek\u0161\u0113jais opozicion\u0101rs, \u0161\u0101du viedokli intervij\u0101 Latvijas Radio piektdien pauda ZZS politi\u0137e, <a rel=\"noopener nofollow\" target=\"_blank\" href=\"https:\/\/www.delfi.lv\/temas\/38952207\/saeima\" tag-id=\"38952207\">Saeimas<\/a> priek\u0161s\u0113d\u0113t\u0101ja <a rel=\"noopener nofollow\" target=\"_blank\" href=\"https:\/\/www.delfi.lv\/temas\/55150078\/daiga-mierina\" tag-id=\"55150078\">Daiga Mieri\u0146a<\/a>.<\/p>\n<p>Run\u0101jot par viedok\u013cu at\u0161\u0137ir\u012bb\u0101m, Mieri\u0146a piev\u0113rs\u0101s pa\u0161laik aktu\u0101lajam bud\u017eeta jaut\u0101jumam. Vi\u0146a uzsv\u0113ra, ka dz\u012bvojam parlament\u0101r\u0101 valst\u012b un par bud\u017eetu gala l\u0113mums j\u0101pie\u0146em parlamentam, t\u0101p\u0113c nedr\u012bkstot turpin\u0101ties prakse, ka vald\u012bba atnes bud\u017eetu, bet Saeima taj\u0101 nedr\u012bkst veikt labojumus.<\/p>\n<p>Tauj\u0101ta, vai p\u0113c bud\u017eeta izskat\u012b\u0161anas krit\u012bs Evikas Sili\u0146as (JV) vald\u012bba, Mieri\u0146a tie\u0161i neatbild\u0113ja, bet sprieda, ka bud\u017eeta proces\u0101 esot v\u0113rojams &#8220;labs pav\u0113rsiens&#8221;, jo partijas sp\u0113ju\u0161as sas\u0113sties pie viena galda, izrun\u0101ties un vienoties. Nevajag baid\u012bties no at\u0161\u0137ir\u012bgiem viedok\u013ciem, bet b\u012bstami b\u016btu tie\u0161i tad, ja &#8220;visi skat\u012btos vien\u0101 virzien\u0101&#8221;, par politiskajiem procesiem izteic\u0101s ZZS politi\u0137e.<\/p>\n<p class=\"m-0\">Seko &#8220;Delfi&#8221; ar\u012b  <a target=\"_blank\" href=\"https:\/\/www.instagram.com\/delfi.lv\/\" rel=\"nofollow noopener\">Instagram<\/a>  un <a target=\"_blank\" href=\"https:\/\/www.youtube.com\/channel\/UCw5foWtcJvAbUm64rv7jwUQ\" rel=\"nofollow noopener\">YouTube<\/a>  profil\u0101 \u2013 pievienojies, lai uzzin\u0101tu svar\u012bg\u0101ko un interesant\u0101ko pirmais!<\/p>\n<p>Publik\u0101cijas saturs vai t\u0101s jebk\u0101da apjoma da\u013ca ir aizsarg\u0101ts autorties\u012bbu objekts Autorties\u012bbu likuma izpratn\u0113, un t\u0101 izmanto\u0161ana bez izdev\u0113ja at\u013caujas ir aizliegta. Vair\u0101k lasi  <a target=\"_blank\" href=\"https:\/\/www.delfi.lv\/noteikumi#autortiesibas\" rel=\"nofollow noopener\">\u0161eit<\/a><script async src=\"\/\/www.instagram.com\/embed.js\"><\/script><\/p>\n","protected":false},"excerpt":{"rendered":"Za\u013co un zemnieku savien\u012bba (ZZS) nav vald\u012bbas iek\u0161\u0113jais opozicion\u0101rs, \u0161\u0101du viedokli intervij\u0101 Latvijas Radio piektdien pauda ZZS politi\u0137e,&hellip;\n","protected":false},"author":2,"featured_media":48722,"comment_status":"","ping_status":"","sticky":false,"template":"","format":"standard","meta":{"footnotes":""},"categories":[12],"tags":[23,28,29,3524,32,33,22,30,31,35,39,38,36,37,34,40,20,26,27,141,24,25,21],"class_list":{"0":"post-48721","1":"post","2":"type-post","3":"status-publish","4":"format-standard","5":"has-post-thumbnail","7":"category-latvija","8":"tag-aktualitates","9":"tag-breaking-news","10":"tag-breakingnews","11":"tag-daiga-mierina","12":"tag-featured-news","13":"tag-featurednews","14":"tag-headlines","15":"tag-latest-news","16":"tag-latestnews","17":"tag-latvia","18":"tag-latvian","19":"tag-latviesu","20":"tag-latviesu-valoda","21":"tag-latviesuvaloda","22":"tag-latvija","23":"tag-lv","24":"tag-news","25":"tag-popularakas-zinas","26":"tag-popularakaszinas","27":"tag-saeima","28":"tag-top-stories","29":"tag-topstories","30":"tag-zinas"},"share_on_mastodon":{"url":"https:\/\/pubeurope.com\/@lv\/115546659440368942","error":""},"_links":{"self":[{"href":"https:\/\/www.europesays.com\/lv\/wp-json\/wp\/v2\/posts\/48721","targetHints":{"allow":["GET"]}}],"collection":[{"href":"https:\/\/www.europesays.com\/lv\/wp-json\/wp\/v2\/posts"}],"about":[{"href":"https:\/\/www.europesays.com\/lv\/wp-json\/wp\/v2\/types\/post"}],"author":[{"embeddable":true,"href":"https:\/\/www.europesays.com\/lv\/wp-json\/wp\/v2\/users\/2"}],"replies":[{"embeddable":true,"href":"https:\/\/www.europesays.com\/lv\/wp-json\/wp\/v2\/comments?post=48721"}],"version-history":[{"count":0,"href":"https:\/\/www.europesays.com\/lv\/wp-json\/wp\/v2\/posts\/48721\/revisions"}],"wp:featuredmedia":[{"embeddable":true,"href":"https:\/\/www.europesays.com\/lv\/wp-json\/wp\/v2\/media\/48722"}],"wp:attachment":[{"href":"https:\/\/www.europesays.com\/lv\/wp-json\/wp\/v2\/media?parent=48721"}],"wp:term":[{"taxonomy":"category","embeddable":true,"href":"https:\/\/www.europesays.com\/lv\/wp-json\/wp\/v2\/categories?post=48721"},{"taxonomy":"post_tag","embeddable":true,"href":"https:\/\/www.europesays.com\/lv\/wp-json\/wp\/v2\/tags?post=48721"}],"curies":[{"name":"wp","href":"https:\/\/api.w.org\/{rel}","templated":true}]}}