{"id":48725,"date":"2025-11-14T06:37:07","date_gmt":"2025-11-14T06:37:07","guid":{"rendered":"https:\/\/www.europesays.com\/lv\/48725\/"},"modified":"2025-11-14T06:37:07","modified_gmt":"2025-11-14T06:37:07","slug":"tesla-model-y-pakapjas-mala-lente-lv","status":"publish","type":"post","link":"https:\/\/www.europesays.com\/lv\/48725\/","title":{"rendered":"Tesla Model Y pak\u0101pjas mal\u0101\u00a0\u2014\u00a0Lente.lv"},"content":{"rendered":"<p>Xiaomi YU7 izspie\u017e Tesla Model Y no \u0136\u012bnas tirgus<\/p>\n<p>K\u0101dreiz neapstr\u012bdams elektroauto l\u012bderis, Tesla Model Y, \u0161obr\u012bd saskaras ar sp\u0113c\u012bgu izaicin\u0101jumu \u0136\u012bnas tirg\u016b. Xiaomi YU7 uzbrukums ir tik iespaid\u012bgs, ka da\u017eu m\u0113ne\u0161u laik\u0101 tas ir sp\u0113jis iev\u0113rojami pab\u012bd\u012bt pasaules bestselleri mal\u0101. \u0160\u012b dinamika liecina par strauji main\u012bgo ainavu pasaules elektrisko transportl\u012bdzek\u013cu segment\u0101, \u012bpa\u0161i \u0136\u012bn\u0101, kas ir viens no liel\u0101kajiem un konkur\u0113tsp\u0113j\u012bg\u0101kajiem tirgiem.<\/p>\n<p>Ambitiozi pl\u0101ni un spo\u017ea debija<\/p>\n<p>Xiaomi jau no pa\u0161a s\u0101kuma ir bijis skaidrs: YU7 ir rad\u012bts k\u0101 tie\u0161s Tesla Model Y konkurents. Prezent\u0101cijas laik\u0101 ra\u017eot\u0101js nevilcin\u0101j\u0101s sal\u012bdzin\u0101t gandr\u012bz katru aspektu \u2013 no tehniskajiem parametriem l\u012bdz pat cenai \u2013 ar glob\u0101lo etalonu. Un tas nav p\u0101rsteidzo\u0161i, jo daudzos aspektos YU7 izskat\u0101s iev\u0113rojami pievilc\u012bg\u0101ks sal\u012bdzin\u0101jum\u0101 ar atjaunin\u0101to Model Y versiju. Xiaomi pat izvirz\u012bja drosm\u012bgu m\u0113r\u0137i: apsteigt Model Y p\u0101rdo\u0161anas apjomos. Starta izr\u0101vienu nevar\u0113ja neiev\u0113rot: t\u016bl\u012bt p\u0113c prezent\u0101cijas tika sa\u0146emti vair\u0101k nek\u0101 200 000 iepriek\u0161\u0113jo pas\u016bt\u012bjumu. \u0160is milz\u012bgais piepras\u012bjums ir rad\u012bjis nelielu satraukumu un ilgas gaid\u012b\u0161anas rindas.<\/p>\n<p>Gaismas \u0101trum\u0101 uz tirgus virsotni<\/p>\n<p>Lai gan Xiaomi YU7 pieg\u0101des ir s\u0101ku\u0161\u0101s tikai pirms diviem m\u0113ne\u0161iem, t\u0101 ietekme jau ir taust\u0101ma. Apdro\u0161in\u0101\u0161anas re\u0123istr\u0101cijas dati liecina, ka p\u0113d\u0113jo tr\u012bs m\u0113ne\u0161u laik\u0101 YU7 akt\u012bvi izspie\u017e Model Y no \u0136\u012bnas tirgus. ThinkerCar zi\u0146ojumi apliecina \u0161o tendenci. Xiaomi YU7 priek\u0161pas\u016bt\u012bjumu apjoms faktiski \u201csadrag\u0101ja\u201d visu kompakto elektrisko SUV segmentu \u0136\u012bn\u0101. Lai gan s\u0101kotn\u0113jais a\u017eiot\u0101\u017es nedaudz mazin\u0101j\u0101s, kad k\u013cuva skaidrs, ka jaunie klienti savus automobi\u013cus sa\u0146ems ne agr\u0101k k\u0101 n\u0101kamgad, piepras\u012bjums joproj\u0101m ir milz\u012bgs. Xiaomi v\u0113l ir j\u0101palielina ra\u017eo\u0161anas jaudas, lai apmierin\u0101tu \u0161o nenobru\u0146oto interesi. Tom\u0113r, pieg\u0101d\u0113m sasniedzot vair\u0101k nek\u0101 3000 automa\u0161\u012bnu ned\u0113\u013c\u0101, Tesla temps iev\u0113rojami samazin\u0101s, paliekot t\u0101lu no iepriek\u0161\u0113jiem maksimumiem.<\/p>\n<p>\u0160is nav pirmais gad\u012bjums<\/p>\n<p>Anal\u012bti\u0137i jau saskata paral\u0113les ar situ\u0101ciju, k\u0101da izv\u0113rt\u0101s, kad pirmais Xiaomi modelis \u2013 sedans SU7 \u2013 ietekm\u0113ja Tesla Model 3 p\u0101rdo\u0161anu. Visa gada garum\u0101 SU7 konsekventi apsteidza Model 3 p\u0101rdo\u0161anas apjomos. Lai gan agr\u0101k \u0161\u012b m\u0113ne\u0161a s\u0101kum\u0101 Tesla bija neliela cer\u012bba uz poz\u012bciju atjauno\u0161anu, situ\u0101cija strauji atgriez\u0101s ierastaj\u0101 scen\u0101rij\u0101. Re\u0123istr\u0101cijas statistika r\u0101da, ka Tesla p\u0101rdo\u0161anas apjomi \u0136\u012bn\u0101 kop\u0161 gada s\u0101kuma ir kritu\u0161ies par 6%. Tas skaidri nor\u0101da uz jauno sp\u0113l\u0113t\u0101ju sp\u0113ku un eso\u0161o tirgus l\u012bderu spiedienu, ko rada inovat\u012bvi un pievilc\u012bgi pied\u0101v\u0101jumi.<\/p>\n","protected":false},"excerpt":{"rendered":"Xiaomi YU7 izspie\u017e Tesla Model Y no \u0136\u012bnas tirgus K\u0101dreiz neapstr\u012bdams elektroauto l\u012bderis, Tesla Model Y, \u0161obr\u012bd saskaras&hellip;\n","protected":false},"author":2,"featured_media":48726,"comment_status":"","ping_status":"","sticky":false,"template":"","format":"standard","meta":{"footnotes":""},"categories":[16],"tags":[10788,77,76,8286,10158,35,39,38,36,37,34,40,13362,13361],"class_list":{"0":"post-48725","1":"post","2":"type-post","3":"status-publish","4":"format-standard","5":"has-post-thumbnail","7":"category-bizness","8":"tag-auto-pardosana","9":"tag-bizness","10":"tag-business","11":"tag-elektriskie-auto","12":"tag-kinas-tirgus","13":"tag-latvia","14":"tag-latvian","15":"tag-latviesu","16":"tag-latviesu-valoda","17":"tag-latviesuvaloda","18":"tag-latvija","19":"tag-lv","20":"tag-tesla-model-y","21":"tag-xiaomi-yu7"},"share_on_mastodon":{"url":"https:\/\/pubeurope.com\/@lv\/115546675139111592","error":""},"_links":{"self":[{"href":"https:\/\/www.europesays.com\/lv\/wp-json\/wp\/v2\/posts\/48725","targetHints":{"allow":["GET"]}}],"collection":[{"href":"https:\/\/www.europesays.com\/lv\/wp-json\/wp\/v2\/posts"}],"about":[{"href":"https:\/\/www.europesays.com\/lv\/wp-json\/wp\/v2\/types\/post"}],"author":[{"embeddable":true,"href":"https:\/\/www.europesays.com\/lv\/wp-json\/wp\/v2\/users\/2"}],"replies":[{"embeddable":true,"href":"https:\/\/www.europesays.com\/lv\/wp-json\/wp\/v2\/comments?post=48725"}],"version-history":[{"count":0,"href":"https:\/\/www.europesays.com\/lv\/wp-json\/wp\/v2\/posts\/48725\/revisions"}],"wp:featuredmedia":[{"embeddable":true,"href":"https:\/\/www.europesays.com\/lv\/wp-json\/wp\/v2\/media\/48726"}],"wp:attachment":[{"href":"https:\/\/www.europesays.com\/lv\/wp-json\/wp\/v2\/media?parent=48725"}],"wp:term":[{"taxonomy":"category","embeddable":true,"href":"https:\/\/www.europesays.com\/lv\/wp-json\/wp\/v2\/categories?post=48725"},{"taxonomy":"post_tag","embeddable":true,"href":"https:\/\/www.europesays.com\/lv\/wp-json\/wp\/v2\/tags?post=48725"}],"curies":[{"name":"wp","href":"https:\/\/api.w.org\/{rel}","templated":true}]}}