{"id":48903,"date":"2025-11-14T09:05:07","date_gmt":"2025-11-14T09:05:07","guid":{"rendered":"https:\/\/www.europesays.com\/lv\/48903\/"},"modified":"2025-11-14T09:05:07","modified_gmt":"2025-11-14T09:05:07","slug":"riga-lacplesa-diena-gaidami-satiksmes-ierobezojumi-krastmala-bus-slegta-lente-lv","status":"publish","type":"post","link":"https:\/\/www.europesays.com\/lv\/48903\/","title":{"rendered":"R\u012bg\u0101 L\u0101\u010dpl\u0113\u0161a dien\u0101 gaid\u0101mi satiksmes ierobe\u017eojumi: krastmala b\u016bs sl\u0113gta\u00a0\u2014\u00a0Lente.lv"},"content":{"rendered":"<p>Satiksmes ierobe\u017eojumi R\u012bg\u0101 L\u0101\u010dpl\u0113\u0161a dien\u0101: K\u0101 pl\u0101not savu ce\u013cu?<\/p>\n<p>Sakot atskat\u012bties uz varo\u0146u piemi\u0146as dienu, 11. novembr\u012b R\u012bg\u0101 notiks virkne L\u0101\u010dpl\u0113\u0161a dienai velt\u012btu pas\u0101kumu. Lai nodro\u0161in\u0101tu mier\u012bgu un svin\u012bgu norisi, pils\u0113tas centr\u0101lajos rajonos tiks ieviesti satiksmes ierobe\u017eojumi, kas ietekm\u0113s gan transportl\u012bdzek\u013cu, gan sabiedrisk\u0101 transporta kust\u012bbu. Da\u017ei ierobe\u017eojumi sp\u0113k\u0101 jau st\u0101ju\u0161ies, ta\u010du galvenie un vispla\u0161\u0101kie ierobe\u017eojumi b\u016bs tie\u0161i valsts sv\u0113tku dien\u0101.<\/p>\n<p>K\u0101dos laikos un kur tiks ierobe\u017eota satiksme?<\/p>\n<p>Satiksmes pl\u016bsma pils\u0113t\u0101 tiks b\u016btiski main\u012bta, \u012bpa\u0161i 11. novembra krastmalas apk\u0101rtn\u0113. S\u0101kot ar sv\u0113tdienas, 9. novembra, vakaru, P\u0101rdaugav\u0101 sp\u0113k\u0101 st\u0101sies pirmie satiksmes ierobe\u017eojumi. Konkr\u0113ti, B\u0101ri\u0146u ielas posms no Uzvaras bulv\u0101ra l\u012bdz apgrie\u0161an\u0101s vietai pie Herma\u0146a ielas b\u016bs sl\u0113gts no sv\u0113tdienas vakara (9. novembra, plkst. 20:00) l\u012bdz tre\u0161dienas pusdienlaikam (12. novembra, plkst. 12:00). \u0160is pas\u0101kums ir saist\u012bts ar Uzvaras parka svin\u012bbu sagatavo\u0161anas darbiem.<\/p>\n<p>Galvenie satiksmes ierobe\u017eojumi R\u012bgas centr\u0101 tiks ieviesti 11. novembr\u012b. No plkst. 17:00 l\u012bdz pat pusnaktij (24:00) tiks sl\u0113gta 11. novembra krastmala, posm\u0101 no Van\u0161u tilta l\u012bdz Akmens tiltam. Tas ir nepiecie\u0161ams, lai nodro\u0161in\u0101tu dro\u0161u l\u0101pu g\u0101jienu un citus piemi\u0146as pas\u0101kumus, kas pulc\u0113 lielu skaitu cilv\u0113ku. Taj\u0101 pa\u0161\u0101 laik\u0101 Pils ielas posm\u0101 no Po\u013cu g\u0101tes l\u012bdz Doma laukumam un Doma laukuma posm\u0101 no Pils ielas l\u012bdz J\u0113kaba ielai tiks organiz\u0113ta divvirzienu satiksme.<\/p>\n<p>Papildus tam, \u012bpa\u0161i milit\u0101ro pas\u0101kumu norises laik\u0101, Valsts policija un NBS Milit\u0101r\u0101 policija var\u0113s veikt \u012bslaic\u012bgus satiksmes sl\u0113gumus. Tas var notikt Pils laukum\u0101 un t\u0101 krustojumos ar Muitas, Tor\u0146a (pie Latvijas Bankas), un Citadeles iel\u0101m, k\u0101 ar\u012b pa\u0161\u0101 Pils laukum\u0101. \u0160\u0101di ierobe\u017eojumi paredz\u0113ti otrdien, 11. novembr\u012b, no plkst. 12:50 l\u012bdz 13:15.<\/p>\n<p>Sabiedrisk\u0101 transporta izmai\u0146as \u2013 ko sagaid\u012bt?<\/p>\n<p>L\u0101\u010dpl\u0113\u0161a dienas pas\u0101kumu d\u0113\u013c izmai\u0146as skars ar\u012b sabiedrisk\u0101 transporta kust\u012bbu. Autobusi, kas parasti kurs\u0113 pa B\u0101ri\u0146u ielu (4., 7., 8., 21., 25., 38., 39. un 55. mar\u0161ruti), tiks novirz\u012bti uz apvedce\u013cu. \u0160\u012bs izmai\u0146as ir sp\u0113k\u0101 no sv\u0113tdienas, 9. novembra, vakara l\u012bdz tre\u0161dienas, 12. novembra, pusdienlaikam. T\u0101pat B\u0101ri\u0146u iel\u0101 eso\u0161\u0101s pieturvietas \u201c\u0100genskalna tirgus\u201d un \u201cEduarda Smi\u013c\u0123a iela\u201d tiks sl\u0113gtas, un to viet\u0101 tiks izveidotas pagaidu pieturvietas Mazaj\u0101 Nomet\u0146u iel\u0101. R\u012bdziniekiem un pils\u0113tas viesiem ir svar\u012bgi sekot l\u012bdzi izmai\u0146\u0101m sabiedrisk\u0101 transporta mar\u0161rutos, lai pl\u0101notu savus braucienus laikus.<\/p>\n<p>K\u0101p\u0113c \u0161ie ierobe\u017eojumi ir svar\u012bgi?<\/p>\n<p>L\u0101\u010dpl\u0113\u0161a diena ir viena no Latvijas noz\u012bm\u012bg\u0101kaj\u0101m piemi\u0146as dien\u0101m, kad godin\u0101m tos, kas c\u012bn\u012bju\u0161ies par m\u016bsu valsts br\u012bv\u012bbu. Sv\u0113tku programma R\u012bg\u0101 ir pla\u0161a un ietver da\u017e\u0101dus pas\u0101kumus, s\u0101kot no piemi\u0146as br\u012b\u017eiem pie Br\u0101\u013cu kapiem un Sudrabkalni\u0146a, l\u0101pu g\u0101jieniem, l\u012bdz pat svin\u012bgiem koncertiem Uzvaras park\u0101 un cit\u0101s pils\u0113tas viet\u0101s. Lai \u0161ie pas\u0101kumi norisin\u0101tos dro\u0161i un ar cie\u0146u, nepiecie\u0161ami dro\u0161\u012bbas pas\u0101kumi, tostarp satiksmes ierobe\u017eojumi. Tiek aicin\u0101ts ikviens, kur\u0161 v\u0113las piedal\u012bties pas\u0101kumos, b\u016bt paciet\u012bgam un saproto\u0161am attiec\u012bb\u0101 uz pagaidu ne\u0113rt\u012bb\u0101m, kas saist\u012btas ar satiksmes izmai\u0146\u0101m. \u0160ie pas\u0101kumi ir ne tikai atg\u0101din\u0101jums par pag\u0101tnes varo\u0146iem, bet ar\u012b apliecin\u0101jums m\u016bsu kop\u012bgajai atbild\u012bbai par Latvijas n\u0101kotni.<\/p>\n<p>Svar\u012bgi atz\u012bm\u0113t, ka 17. novembr\u012b, tuvojoties Latvijas Neatkar\u012bbas proklam\u0113\u0161anas dienai, ar\u012b var\u0113tu b\u016bt \u012bslaic\u012bgi satiksmes trauc\u0113jumi 11. novembra krastmal\u0101 sakar\u0101 ar milit\u0101r\u0101s par\u0101des \u0123ener\u0101lm\u0113\u0123in\u0101jumu, k\u0101 ar\u012b izmai\u0146as sabiedrisk\u0101 transporta kust\u012bb\u0101.<\/p>\n","protected":false},"excerpt":{"rendered":"Satiksmes ierobe\u017eojumi R\u012bg\u0101 L\u0101\u010dpl\u0113\u0161a dien\u0101: K\u0101 pl\u0101not savu ce\u013cu? Sakot atskat\u012bties uz varo\u0146u piemi\u0146as dienu, 11. novembr\u012b R\u012bg\u0101&hellip;\n","protected":false},"author":2,"featured_media":48904,"comment_status":"","ping_status":"","sticky":false,"template":"","format":"standard","meta":{"footnotes":""},"categories":[12],"tags":[13390,23,28,29,32,33,22,11267,30,31,35,39,38,36,37,34,40,20,26,27,172,1954,2858,24,25,21],"class_list":{"0":"post-48903","1":"post","2":"type-post","3":"status-publish","4":"format-standard","5":"has-post-thumbnail","7":"category-latvija","8":"tag-11-novembris","9":"tag-aktualitates","10":"tag-breaking-news","11":"tag-breakingnews","12":"tag-featured-news","13":"tag-featurednews","14":"tag-headlines","15":"tag-lacplesa-diena","16":"tag-latest-news","17":"tag-latestnews","18":"tag-latvia","19":"tag-latvian","20":"tag-latviesu","21":"tag-latviesu-valoda","22":"tag-latviesuvaloda","23":"tag-latvija","24":"tag-lv","25":"tag-news","26":"tag-popularakas-zinas","27":"tag-popularakaszinas","28":"tag-riga","29":"tag-sabiedriskais-transports","30":"tag-satiksmes-ierobezojumi","31":"tag-top-stories","32":"tag-topstories","33":"tag-zinas"},"share_on_mastodon":{"url":"https:\/\/pubeurope.com\/@lv\/115547257262202776","error":""},"_links":{"self":[{"href":"https:\/\/www.europesays.com\/lv\/wp-json\/wp\/v2\/posts\/48903","targetHints":{"allow":["GET"]}}],"collection":[{"href":"https:\/\/www.europesays.com\/lv\/wp-json\/wp\/v2\/posts"}],"about":[{"href":"https:\/\/www.europesays.com\/lv\/wp-json\/wp\/v2\/types\/post"}],"author":[{"embeddable":true,"href":"https:\/\/www.europesays.com\/lv\/wp-json\/wp\/v2\/users\/2"}],"replies":[{"embeddable":true,"href":"https:\/\/www.europesays.com\/lv\/wp-json\/wp\/v2\/comments?post=48903"}],"version-history":[{"count":0,"href":"https:\/\/www.europesays.com\/lv\/wp-json\/wp\/v2\/posts\/48903\/revisions"}],"wp:featuredmedia":[{"embeddable":true,"href":"https:\/\/www.europesays.com\/lv\/wp-json\/wp\/v2\/media\/48904"}],"wp:attachment":[{"href":"https:\/\/www.europesays.com\/lv\/wp-json\/wp\/v2\/media?parent=48903"}],"wp:term":[{"taxonomy":"category","embeddable":true,"href":"https:\/\/www.europesays.com\/lv\/wp-json\/wp\/v2\/categories?post=48903"},{"taxonomy":"post_tag","embeddable":true,"href":"https:\/\/www.europesays.com\/lv\/wp-json\/wp\/v2\/tags?post=48903"}],"curies":[{"name":"wp","href":"https:\/\/api.w.org\/{rel}","templated":true}]}}