{"id":48938,"date":"2025-11-14T09:39:07","date_gmt":"2025-11-14T09:39:07","guid":{"rendered":"https:\/\/www.europesays.com\/lv\/48938\/"},"modified":"2025-11-14T09:39:07","modified_gmt":"2025-11-14T09:39:07","slug":"google-pec-verieniga-naudas-soda-ek-prezente-izmainas-digitalas-reklamas-pakalpojumos-dienas-bizness","status":"publish","type":"post","link":"https:\/\/www.europesays.com\/lv\/48938\/","title":{"rendered":"Google p\u0113c v\u0113rien\u012bg\u0101 naudas soda EK prezent\u0113 izmai\u0146as digit\u0101l\u0101s rekl\u0101mas pakalpojumos :: Dienas Bizness"},"content":{"rendered":"<p class=\"text-font font-size--text-xlarge margin-3--bottom font-weight--bold padding-1--top\">Va\u0161ington\u0101 Latvijas uz\u0146\u0113m\u0113ju tirdzniec\u012bbas misijas laik\u0101 norisin\u0101s Latvijas &#8211; Amerikas tirdzniec\u012bbas un r\u016bpniec\u012bbas kameras (LACC) r\u012bkot\u0101 konference \u201cSpotlight Latvia\u201d. Konferenc\u0113 parakst\u012bts sadarb\u012bbas l\u012bgums starp Latvijas Invest\u012bciju un att\u012bst\u012bbas a\u0123ent\u016bru (LIAA) un LACC par Latvijas uz\u0146\u0113mumu intere\u0161u p\u0101rst\u0101v\u012bbu un eksportsp\u0113jas stiprin\u0101\u0161anu Zieme\u013camerik\u0101.<\/p>\n<p class=\"text-font font-size--text-xlarge margin-3--bottom\">\u201cLai gan Latvija kart\u0113 var \u0161\u0137ist maza, t\u0101 ir lieliska talantu, zin\u0101\u0161anu un inovat\u012bvo tehnolo\u0123iju jom\u0101, uzst\u0101joties konferenc\u0113 uzsv\u0113ra Eiropas Komisijas ekonomikas un produktivit\u0101tes komis\u0101rs Valdis Dombrovskis.<\/p>\n<p class=\"text-font font-size--text-xlarge margin-3--bottom\">\u201cPateicoties m\u016bsu v\u0113sturei, m\u016bsu cilv\u0113kiem un v\u0113rt\u012bbai, ko m\u0113s pie\u0161\u0137iram transatlantiskaj\u0101m attiec\u012bb\u0101m, Latvija ir unik\u0101l\u0101 poz\u012bcij\u0101, lai veidotu tiltu starp Eiropas Savien\u012bbu un Amerikas Savienotaj\u0101m Valst\u012bm. Kop\u0101 m\u0113s varam atrast lab\u0101kus risin\u0101jumus aizsardz\u012bbas, za\u013c\u0101s ener\u0123ijas un digit\u0101lo inov\u0101ciju jom\u0101. \u0160\u0101da sadarb\u012bba stiprina gan m\u016bsu dro\u0161\u012bbu, gan kop\u012bgo ekonomisko notur\u012bbu.\u201d<\/p>\n<p class=\"text-font font-size--text-xlarge margin-3--bottom\">Konference pulc\u0113ja vair\u0101k nek\u0101 200 Latvijas un ASV uz\u0146\u0113m\u0113jus, valsts instit\u016bciju un akad\u0113misk\u0101s vides p\u0101rst\u0101vjus, lai stiprin\u0101tu sadarb\u012bbu dro\u0161\u012bbas, aizsardz\u012bbas, ener\u0123\u0113tikas un digit\u0101lo pakalpojumu jom\u0101s. No ASV puses konferenc\u0113 un ar to saist\u012btajos pas\u0101kumos piedal\u012bj\u0101s t\u0101di ASV uz\u0146\u0113mumi k\u0101 Anduril Industries, FedTech, AUVSI, Scout Ventures, Nvidia, Palantir Technologies, Meta, Google, AMS Group, Imprimatur un citi. Visi \u0161ie uz\u0146\u0113mumi p\u0101rst\u0101v aizsardz\u012bbas, kiberdro\u0161\u012bbas, m\u0101ksl\u012bg\u0101 intelekta, ener\u0123\u0113tikas un tehnolo\u0123iju jomas.<\/p>\n","protected":false},"excerpt":{"rendered":"Va\u0161ington\u0101 Latvijas uz\u0146\u0113m\u0113ju tirdzniec\u012bbas misijas laik\u0101 norisin\u0101s Latvijas &#8211; Amerikas tirdzniec\u012bbas un r\u016bpniec\u012bbas kameras (LACC) r\u012bkot\u0101 konference \u201cSpotlight&hellip;\n","protected":false},"author":2,"featured_media":48939,"comment_status":"","ping_status":"","sticky":false,"template":"","format":"standard","meta":{"footnotes":""},"categories":[16],"tags":[869,77,870,76,867,35,39,38,36,37,34,871,868,40,21],"class_list":{"0":"post-48938","1":"post","2":"type-post","3":"status-publish","4":"format-standard","5":"has-post-thumbnail","7":"category-bizness","8":"tag-biznesa-zinas","9":"tag-bizness","10":"tag-bizness-latvija","11":"tag-business","12":"tag-dienas-zinas","13":"tag-latvia","14":"tag-latvian","15":"tag-latviesu","16":"tag-latviesu-valoda","17":"tag-latviesuvaloda","18":"tag-latvija","19":"tag-latvijas-biznesa-zinas","20":"tag-latvijas-zinas","21":"tag-lv","22":"tag-zinas"},"share_on_mastodon":{"url":"https:\/\/pubeurope.com\/@lv\/115547390857683362","error":""},"_links":{"self":[{"href":"https:\/\/www.europesays.com\/lv\/wp-json\/wp\/v2\/posts\/48938","targetHints":{"allow":["GET"]}}],"collection":[{"href":"https:\/\/www.europesays.com\/lv\/wp-json\/wp\/v2\/posts"}],"about":[{"href":"https:\/\/www.europesays.com\/lv\/wp-json\/wp\/v2\/types\/post"}],"author":[{"embeddable":true,"href":"https:\/\/www.europesays.com\/lv\/wp-json\/wp\/v2\/users\/2"}],"replies":[{"embeddable":true,"href":"https:\/\/www.europesays.com\/lv\/wp-json\/wp\/v2\/comments?post=48938"}],"version-history":[{"count":0,"href":"https:\/\/www.europesays.com\/lv\/wp-json\/wp\/v2\/posts\/48938\/revisions"}],"wp:featuredmedia":[{"embeddable":true,"href":"https:\/\/www.europesays.com\/lv\/wp-json\/wp\/v2\/media\/48939"}],"wp:attachment":[{"href":"https:\/\/www.europesays.com\/lv\/wp-json\/wp\/v2\/media?parent=48938"}],"wp:term":[{"taxonomy":"category","embeddable":true,"href":"https:\/\/www.europesays.com\/lv\/wp-json\/wp\/v2\/categories?post=48938"},{"taxonomy":"post_tag","embeddable":true,"href":"https:\/\/www.europesays.com\/lv\/wp-json\/wp\/v2\/tags?post=48938"}],"curies":[{"name":"wp","href":"https:\/\/api.w.org\/{rel}","templated":true}]}}