{"id":49046,"date":"2025-11-14T11:22:11","date_gmt":"2025-11-14T11:22:11","guid":{"rendered":"https:\/\/www.europesays.com\/lv\/49046\/"},"modified":"2025-11-14T11:22:11","modified_gmt":"2025-11-14T11:22:11","slug":"video-medvedeva-pudeles-bralis-krievija-raditais-humanoidais-robots-prezentacija-piedzivo-pamatigu-fiasko-tvnet","status":"publish","type":"post","link":"https:\/\/www.europesays.com\/lv\/49046\/","title":{"rendered":"VIDEO Medvedeva pudeles br\u0101lis! Krievij\u0101 rad\u012btais humano\u012bdais robots prezent\u0101cij\u0101 piedz\u012bvo pamat\u012bgu fiasko &#8211; TVNET"},"content":{"rendered":"<ol>\n<li><a href=\"https:\/\/news.google.com\/rss\/articles\/CBMizwFBVV95cUxNVjZ6dXJuVDlpeFAtNnRHTHlqUWw3MHFGZGgwOGtEX0dieExaUENqZE5Xd2VwdlpnU2JHWnRMOW9rZkFSVXpnWmUteXNhYVZQa1FjakJvd2tqQkZHd0hlRmh4RTJvaGllckQzVkJra194N1lYdGdEYnk5XzVTcHB2T1QwT0ZiaHd3R3hMdEhoYlNEODYzeVFuQmI0M3pKSjBidWdTZEJmM3RFYVZwM0dqVW9xaTNmTi02S0V1NWpuT01GaGRBY3FYbFBvYnFlRVk?oc=5\" target=\"_blank\" rel=\"nofollow noopener\">VIDEO Medvedeva pudeles br\u0101lis! Krievij\u0101 rad\u012btais humano\u012bdais robots prezent\u0101cij\u0101 piedz\u012bvo pamat\u012bgu fiasko<\/a>&nbsp;&nbsp;TVNET<\/li>\n<li><a href=\"https:\/\/news.google.com\/rss\/articles\/CBMixAFBVV95cUxOdnhIMkdoTXJpVFFzZmpOeDRmYkFkMjcwVnZMWnBnSEhseHlIRHRnNUpweEplbkNwOGlOUWVOMmpxbl9GQnRHaGM5bW55eHZobmUxNE1LbXZZel9lWXRhVEkwZGExTnJEOWdUWnBHc09UbVUxN2NhcjRJNzY2VVdROTdIM1VPR01DNVVFb2g3V04xa2U5MV9LUTJkc3BwLWRWaEVEMHFwVWx0M3NQV3piRTlyVnZIUTJqOUtBZ1lEVFA0S2k0?oc=5\" target=\"_blank\" rel=\"nofollow noopener\">VIDEO | \u00abBezgal\u012bgs kauns visas pasaules priek\u0161\u0101,\u00bb \u2013Solovjovs zaud\u0113 savald\u012bbu p\u0113c skand\u0101la Krievij\u0101<\/a>&nbsp;&nbsp;R\u012bta Kafija<\/li>\n<li><a href=\"https:\/\/news.google.com\/rss\/articles\/CBMivAFBVV95cUxNanVBTi0wOHF0R2JURVBxcTZLTGJGQTZKdFFVd2NfU2wzU3lkVlJzb082X0JGaXRabEthaG9yWjh4Y3FVcTZzazBJMzd1NC1wTjRqWHc1VU9mZm5hSW0xMk9paDdHR2dZVlZ1dWQwR2tBYjNFQmR2T0cyOXRITkpzZWZ2a05HbVBTZFdJTGxvcUpJcFdKeWwyU0dWOGYxeU5ZRVBZSU8xbWlESHE0djdrUWhzZG41UmxrUTVXcw?oc=5\" target=\"_blank\" rel=\"nofollow noopener\">Krievijas pirmais humano\u012bdais robots &#8220;Idol&#8221; sabr\u016bk uz skatuves savas debijas laik\u0101<\/a>&nbsp;&nbsp;Lente.lv<\/li>\n<\/ol>\n","protected":false},"excerpt":{"rendered":"VIDEO Medvedeva pudeles br\u0101lis! Krievij\u0101 rad\u012btais humano\u012bdais robots prezent\u0101cij\u0101 piedz\u012bvo pamat\u012bgu fiasko&nbsp;&nbsp;TVNET VIDEO | \u00abBezgal\u012bgs kauns visas pasaules&hellip;\n","protected":false},"author":2,"featured_media":49047,"comment_status":"","ping_status":"","sticky":false,"template":"","format":"standard","meta":{"footnotes":""},"categories":[14],"tags":[23,57,28,29,32,33,22,234,30,31,35,39,38,36,37,34,40,20,26,27,13415,24,25,6074,54,55,56,21,58],"class_list":{"0":"post-49046","1":"post","2":"type-post","3":"status-publish","4":"format-standard","5":"has-post-thumbnail","7":"category-zinas-no-arvalstim","8":"tag-aktualitates","9":"tag-arvalstim","10":"tag-breaking-news","11":"tag-breakingnews","12":"tag-featured-news","13":"tag-featurednews","14":"tag-headlines","15":"tag-krievija","16":"tag-latest-news","17":"tag-latestnews","18":"tag-latvia","19":"tag-latvian","20":"tag-latviesu","21":"tag-latviesu-valoda","22":"tag-latviesuvaloda","23":"tag-latvija","24":"tag-lv","25":"tag-news","26":"tag-popularakas-zinas","27":"tag-popularakaszinas","28":"tag-robots","29":"tag-top-stories","30":"tag-topstories","31":"tag-tvnet-auto","32":"tag-world","33":"tag-world-news","34":"tag-worldnews","35":"tag-zinas","36":"tag-zinas-no-arvalstim"},"share_on_mastodon":{"url":"https:\/\/pubeurope.com\/@lv\/115547795857144596","error":""},"_links":{"self":[{"href":"https:\/\/www.europesays.com\/lv\/wp-json\/wp\/v2\/posts\/49046","targetHints":{"allow":["GET"]}}],"collection":[{"href":"https:\/\/www.europesays.com\/lv\/wp-json\/wp\/v2\/posts"}],"about":[{"href":"https:\/\/www.europesays.com\/lv\/wp-json\/wp\/v2\/types\/post"}],"author":[{"embeddable":true,"href":"https:\/\/www.europesays.com\/lv\/wp-json\/wp\/v2\/users\/2"}],"replies":[{"embeddable":true,"href":"https:\/\/www.europesays.com\/lv\/wp-json\/wp\/v2\/comments?post=49046"}],"version-history":[{"count":0,"href":"https:\/\/www.europesays.com\/lv\/wp-json\/wp\/v2\/posts\/49046\/revisions"}],"wp:featuredmedia":[{"embeddable":true,"href":"https:\/\/www.europesays.com\/lv\/wp-json\/wp\/v2\/media\/49047"}],"wp:attachment":[{"href":"https:\/\/www.europesays.com\/lv\/wp-json\/wp\/v2\/media?parent=49046"}],"wp:term":[{"taxonomy":"category","embeddable":true,"href":"https:\/\/www.europesays.com\/lv\/wp-json\/wp\/v2\/categories?post=49046"},{"taxonomy":"post_tag","embeddable":true,"href":"https:\/\/www.europesays.com\/lv\/wp-json\/wp\/v2\/tags?post=49046"}],"curies":[{"name":"wp","href":"https:\/\/api.w.org\/{rel}","templated":true}]}}