{"id":49066,"date":"2025-11-14T11:46:08","date_gmt":"2025-11-14T11:46:08","guid":{"rendered":"https:\/\/www.europesays.com\/lv\/49066\/"},"modified":"2025-11-14T11:46:08","modified_gmt":"2025-11-14T11:46:08","slug":"krievija-uzbrukusi-ukrainai-ar-19-raketem-un-430-droniem-diena","status":"publish","type":"post","link":"https:\/\/www.europesays.com\/lv\/49066\/","title":{"rendered":"Krievija uzbrukusi Ukrainai ar 19 ra\u0137et\u0113m un 430 droniem \/ Diena"},"content":{"rendered":"<p>No 19 ra\u0137et\u0113m 13 bija ballistisk\u0101s ra\u0137etes, bet no 430 droniem aptuveni 300 bija &#8220;Shahed&#8221; tipa trieciendroni.<\/p>\n<p>&#13;<br \/>\n&#13;<\/p>\n<p>Ukrainas aizsardz\u012bbas sp\u0113kiem izdev\u0101s notriekt 405 no 430 droniem, k\u0101 ar\u012b divas no trim hiperska\u0146as ra\u0137et\u0113m &#8220;H-47M2 Kin\u017eal&#8221;, visas se\u0161as sp\u0101rnot\u0101s ra\u0137etes &#8220;Iskander-K&#8221;https:\/\/www.diena.lv\/&#8221;Kalibr&#8221;, se\u0161as no devi\u0146\u0101m ballistiskaj\u0101m ra\u0137et\u0113m &#8220;Iskander-M&#8221;\/KN-23. Krievija uz Ukrainu raid\u012bja ar\u012b pretku\u0123u ra\u0137eti &#8220;Cirkon&#8221;, kuru notriekt neizdev\u0101s.<\/p>\n<p>&#13;<br \/>\n&#13;<\/p>\n<p>Trieciena gait\u0101 fiks\u0113ti ra\u0137e\u0161u un 23 trieciendronu tr\u0101p\u012bjumi 13 lok\u0101cij\u0101s.<\/p>\n<p>&#13;<br \/>\n&#13;<\/p>\n<p>Galvenais uzbrukuma m\u0113r\u0137is bija Kijiva. Uzbrukum\u0101 cietu\u0161i Kijivas, Harkivas, Odesas, Poltavas un \u010cerkasu apgabali.<\/p>\n<p>&#13;<\/p>\n","protected":false},"excerpt":{"rendered":"No 19 ra\u0137et\u0113m 13 bija ballistisk\u0101s ra\u0137etes, bet no 430 droniem aptuveni 300 bija &#8220;Shahed&#8221; tipa trieciendroni. &#13;&hellip;\n","protected":false},"author":2,"featured_media":21165,"comment_status":"","ping_status":"","sticky":false,"template":"","format":"standard","meta":{"footnotes":""},"categories":[14],"tags":[23,57,28,29,32,33,22,30,31,35,39,38,36,37,34,40,20,26,27,24,25,54,55,56,21,58],"class_list":{"0":"post-49066","1":"post","2":"type-post","3":"status-publish","4":"format-standard","5":"has-post-thumbnail","7":"category-zinas-no-arvalstim","8":"tag-aktualitates","9":"tag-arvalstim","10":"tag-breaking-news","11":"tag-breakingnews","12":"tag-featured-news","13":"tag-featurednews","14":"tag-headlines","15":"tag-latest-news","16":"tag-latestnews","17":"tag-latvia","18":"tag-latvian","19":"tag-latviesu","20":"tag-latviesu-valoda","21":"tag-latviesuvaloda","22":"tag-latvija","23":"tag-lv","24":"tag-news","25":"tag-popularakas-zinas","26":"tag-popularakaszinas","27":"tag-top-stories","28":"tag-topstories","29":"tag-world","30":"tag-world-news","31":"tag-worldnews","32":"tag-zinas","33":"tag-zinas-no-arvalstim"},"share_on_mastodon":{"url":"https:\/\/pubeurope.com\/@lv\/115547890381695308","error":""},"_links":{"self":[{"href":"https:\/\/www.europesays.com\/lv\/wp-json\/wp\/v2\/posts\/49066","targetHints":{"allow":["GET"]}}],"collection":[{"href":"https:\/\/www.europesays.com\/lv\/wp-json\/wp\/v2\/posts"}],"about":[{"href":"https:\/\/www.europesays.com\/lv\/wp-json\/wp\/v2\/types\/post"}],"author":[{"embeddable":true,"href":"https:\/\/www.europesays.com\/lv\/wp-json\/wp\/v2\/users\/2"}],"replies":[{"embeddable":true,"href":"https:\/\/www.europesays.com\/lv\/wp-json\/wp\/v2\/comments?post=49066"}],"version-history":[{"count":0,"href":"https:\/\/www.europesays.com\/lv\/wp-json\/wp\/v2\/posts\/49066\/revisions"}],"wp:featuredmedia":[{"embeddable":true,"href":"https:\/\/www.europesays.com\/lv\/wp-json\/wp\/v2\/media\/21165"}],"wp:attachment":[{"href":"https:\/\/www.europesays.com\/lv\/wp-json\/wp\/v2\/media?parent=49066"}],"wp:term":[{"taxonomy":"category","embeddable":true,"href":"https:\/\/www.europesays.com\/lv\/wp-json\/wp\/v2\/categories?post=49066"},{"taxonomy":"post_tag","embeddable":true,"href":"https:\/\/www.europesays.com\/lv\/wp-json\/wp\/v2\/tags?post=49066"}],"curies":[{"name":"wp","href":"https:\/\/api.w.org\/{rel}","templated":true}]}}