{"id":49103,"date":"2025-11-14T12:42:07","date_gmt":"2025-11-14T12:42:07","guid":{"rendered":"https:\/\/www.europesays.com\/lv\/49103\/"},"modified":"2025-11-14T12:42:07","modified_gmt":"2025-11-14T12:42:07","slug":"ziedonis-zvaigznu-loma-ministrs-ena-lente-lv","status":"publish","type":"post","link":"https:\/\/www.europesays.com\/lv\/49103\/","title":{"rendered":"Ziedonis zvaig\u017e\u0146u lom\u0101, ministrs \u0113n\u0101\u00a0\u2014\u00a0Lente.lv"},"content":{"rendered":"<p>Jaunais Salacgr\u012bvas tilts atkl\u0101ts: kas palika aiz kadra?<\/p>\n<p>Svin\u012bg\u0101 jaun\u0101 Salacas tilta atkl\u0101\u0161ana Salacgr\u012bv\u0101, kas notika \u0161o tre\u0161dien, 12. novembr\u012b, negaid\u012bti atst\u0101ja satiksmes ministru Ati \u0160vinku \u0113n\u0101. Galven\u0101s publikas un mediju uzman\u012bbas centr\u0101 non\u0101ca nevis politi\u0137is, bet gan viet\u0113jais varonis \u2013 Ziedonis, kura kl\u0101tb\u016btne pas\u0101kum\u0101 rad\u012bja \u012bpa\u0161u, sirsn\u012bgu gaisotni.<\/p>\n<p>Lai gan ofici\u0101lie zi\u0146ojumi koncentr\u0113j\u0101s uz infrastrukt\u016bras noz\u012bm\u012bgumu un b\u016bvniec\u012bbas procesu, daudzi kl\u0101teso\u0161ie atz\u012bm\u0113, ka tie\u0161i Ziedo\u0146a person\u012bba un vi\u0146a emocion\u0101l\u0101 piepild\u012bt\u012bba pas\u0101kumu padar\u012bja patiesi neaizmirstamu. Vi\u0146a kl\u0101tb\u016btne, iesp\u0113jams, simboliz\u0113ja dzi\u013c\u0101ku savienojumu starp jaunajiem sasniegumiem un viet\u0113jo kopienu, t\u0101s v\u0113rt\u012bb\u0101m un cilv\u0113kiem.<\/p>\n<p>Ziedo\u0146a kl\u0101tb\u016btnes noz\u012bme un emocion\u0101l\u0101 v\u0113rt\u012bba<\/p>\n<p>K\u0101 nov\u0113roju\u0161i pas\u0101kuma viesi, Ziedonis \u0161aj\u0101 reiz\u0113 bija \u201csav\u0101 element\u0101\u201d. Tas izpaud\u0101s gan vi\u0146a ikdieni\u0161\u0137aj\u0101, bet vienlaikus ar\u012b svin\u012bgaj\u0101 uzved\u012bb\u0101, gan sp\u0113j\u0101 uzrun\u0101t kl\u0101teso\u0161os ar sirsn\u012bbu un patiesumu. Vi\u0146a emocion\u0101l\u0101 piepild\u012bt\u012bba un sp\u0113ja dal\u012bties priek\u0101 par jauno tiltu, kas ir noz\u012bm\u012bgs notikums visai Salacgr\u012bvas apkaimei, atspogu\u013coja dzi\u013c\u0101ku noz\u012bmi, kas sl\u0113pjas aiz \u0161\u012b projekta.<\/p>\n<p>\u0160\u0101di br\u012b\u017ei, kad neform\u0101lais l\u012bderis vai vienk\u0101r\u0161i iem\u012b\u013cota person\u012bba k\u013c\u016bst par pas\u0101kuma centr\u0101lo fig\u016bru, bie\u017ei vien atkl\u0101j sabiedr\u012bbas paties\u0101s v\u0113rt\u012bbas un to, kas cilv\u0113kiem ir svar\u012bg\u0101kais. Jaunais tilts ir ne tikai in\u017eeniertehnisks br\u012bnums, bet ar\u012b simbols progresa un savienojuma, un Ziedo\u0146a kl\u0101tb\u016btne to izc\u0113la v\u0113l spilgt\u0101k, pie\u0161\u0137irot notikumam personisku un dv\u0113selisku dimensiju, ko ofici\u0101lie pazi\u0146ojumi nesp\u0113j piln\u012bb\u0101 aptvert.<\/p>\n<p>Ko zi\u0146as neatkl\u0101ja par jauno Salacas tiltu?<\/p>\n<p>Kam\u0113r mediji galvenok\u0101rt piev\u0113rsu\u0161ies tilta tehniskajiem parametriem un politiskajam aspektam, palicis neizcelt\u0101ks st\u0101sts par to, k\u0101da emocion\u0101l\u0101 un soci\u0101l\u0101 rezonanse \u0161\u012b b\u016bve ir rad\u012bjusi viet\u0113jo iedz\u012bvot\u0101ju vid\u016b. Ziedo\u0146a kl\u0101tb\u016btne ir tikai viens piem\u0113rs tam, k\u0101 neform\u0101lie notikumi un cilv\u0113cisk\u0101s emocijas var iekr\u0101sot pat visofici\u0101l\u0101kos pas\u0101kumus.<\/p>\n<p>Jaunais Salacas tilts ir noz\u012bm\u012bgs infrastrukt\u016bras objekts, kas uzlabos satiksmes pl\u016bsmu un dro\u0161\u012bbu re\u0123ion\u0101. Ta\u010du t\u0101 atkl\u0101\u0161ana izr\u0101d\u012bj\u0101s vair\u0101k nek\u0101 tikai form\u0101la ceremonija \u2013 t\u0101 bija iesp\u0113ja nov\u0113rt\u0113t ar\u012b kopienas garu un to cilv\u0113ku noz\u012bm\u012bgumu, kuri ar savu kl\u0101tb\u016btni un emocij\u0101m pie\u0161\u0137ir dzi\u013cumu un j\u0113gu ikdienas notikumiem.<\/p>\n","protected":false},"excerpt":{"rendered":"Jaunais Salacgr\u012bvas tilts atkl\u0101ts: kas palika aiz kadra? Svin\u012bg\u0101 jaun\u0101 Salacas tilta atkl\u0101\u0161ana Salacgr\u012bv\u0101, kas notika \u0161o tre\u0161dien,&hellip;\n","protected":false},"author":2,"featured_media":49104,"comment_status":"","ping_status":"","sticky":false,"template":"","format":"standard","meta":{"footnotes":""},"categories":[5],"tags":[23,4959,28,29,32,33,22,30,31,35,39,38,36,37,34,40,20,26,27,13422,13424,24,25,13425,13423,21],"class_list":{"0":"post-49103","1":"post","2":"type-post","3":"status-publish","4":"format-standard","5":"has-post-thumbnail","7":"category-aktualitates","8":"tag-aktualitates","9":"tag-atis-svinka","10":"tag-breaking-news","11":"tag-breakingnews","12":"tag-featured-news","13":"tag-featurednews","14":"tag-headlines","15":"tag-latest-news","16":"tag-latestnews","17":"tag-latvia","18":"tag-latvian","19":"tag-latviesu","20":"tag-latviesu-valoda","21":"tag-latviesuvaloda","22":"tag-latvija","23":"tag-lv","24":"tag-news","25":"tag-popularakas-zinas","26":"tag-popularakaszinas","27":"tag-salacgrivas-tilts","28":"tag-tilta-atklasana","29":"tag-top-stories","30":"tag-topstories","31":"tag-vietejie-varoni","32":"tag-ziedonis","33":"tag-zinas"},"share_on_mastodon":{"url":"https:\/\/pubeurope.com\/@lv\/115548110371219399","error":""},"_links":{"self":[{"href":"https:\/\/www.europesays.com\/lv\/wp-json\/wp\/v2\/posts\/49103","targetHints":{"allow":["GET"]}}],"collection":[{"href":"https:\/\/www.europesays.com\/lv\/wp-json\/wp\/v2\/posts"}],"about":[{"href":"https:\/\/www.europesays.com\/lv\/wp-json\/wp\/v2\/types\/post"}],"author":[{"embeddable":true,"href":"https:\/\/www.europesays.com\/lv\/wp-json\/wp\/v2\/users\/2"}],"replies":[{"embeddable":true,"href":"https:\/\/www.europesays.com\/lv\/wp-json\/wp\/v2\/comments?post=49103"}],"version-history":[{"count":0,"href":"https:\/\/www.europesays.com\/lv\/wp-json\/wp\/v2\/posts\/49103\/revisions"}],"wp:featuredmedia":[{"embeddable":true,"href":"https:\/\/www.europesays.com\/lv\/wp-json\/wp\/v2\/media\/49104"}],"wp:attachment":[{"href":"https:\/\/www.europesays.com\/lv\/wp-json\/wp\/v2\/media?parent=49103"}],"wp:term":[{"taxonomy":"category","embeddable":true,"href":"https:\/\/www.europesays.com\/lv\/wp-json\/wp\/v2\/categories?post=49103"},{"taxonomy":"post_tag","embeddable":true,"href":"https:\/\/www.europesays.com\/lv\/wp-json\/wp\/v2\/tags?post=49103"}],"curies":[{"name":"wp","href":"https:\/\/api.w.org\/{rel}","templated":true}]}}