{"id":49107,"date":"2025-11-14T12:48:09","date_gmt":"2025-11-14T12:48:09","guid":{"rendered":"https:\/\/www.europesays.com\/lv\/49107\/"},"modified":"2025-11-14T12:48:09","modified_gmt":"2025-11-14T12:48:09","slug":"neskatoties-uz-policijas-lugumu-apcietinat-eiropola-operacija-latvija-aiztureta-persona-ir-atbrivota","status":"publish","type":"post","link":"https:\/\/www.europesays.com\/lv\/49107\/","title":{"rendered":"Neskatoties uz policijas l\u016bgumu apcietin\u0101t, Eiropola oper\u0101cij\u0101 Latvij\u0101 aiztur\u0113t\u0101 persona ir atbr\u012bvota"},"content":{"rendered":"<p>Jau zi\u0146ots, ka \u0161\u012b starptautisk\u0101 oper\u0101cija v\u0113rsta pret algot\u0146u grupu, kurus bija nol\u012bdzis konkur\u0113jo\u0161s organiz\u0113t\u0101s noziedz\u012bbas grup\u0113jums ar m\u0113r\u0137i nolaup\u012bt alb\u0101\u0146u narkotiku tirdzniec\u012bbas t\u012bkla vad\u012bt\u0101ju. Persona, kuru gras\u012bj\u0101s nolaup\u012bt, saist\u012bta ar vair\u0101ku tonnu marihu\u0101nas z\u0101dz\u012bbas organiz\u0113\u0161anu vair\u0101ku miljonu eiro v\u0113rt\u012bb\u0101.<\/p>\n<p>Balstoties uz iepriek\u0161 sa\u0146emto inform\u0101ciju par iesp\u0113jamu pl\u0101notu noziegumu un sniedzot atbalstu V\u0101cijas kol\u0113\u0123iem, iesaistot Valsts policijas Starptautisk\u0101s sadarb\u012bbas p\u0101rvaldi un Valsts policijas Organiz\u0113t\u0101s noziedz\u012bbas smago un s\u0113rijveida noziegumu apkaro\u0161anas p\u0101rvaldes 1. noda\u013cas amatpersonas, tika noskaidrota nepiecie\u0161am\u0101 inform\u0101cija par noziedz\u012bg\u0101 nodar\u012bjuma organizatoru un vi\u0146a l\u012bdzdal\u012bbniekiem \u2013 visi ir Latvijas pilso\u0146i.<\/p>\n<p>Izmekl\u0113\u0161an\u0101 ieg\u016bti pier\u0101d\u012bjumi personu saist\u012bbai ar min\u0113to noziedz\u012bgo nodar\u012bjumu, un vakar Valsts policijas Organiz\u0113t\u0101s noziedz\u012bbas smago un s\u0113rijveida apkaro\u0161anas p\u0101rvaldes 1. noda\u013cas amatpersonas sadarb\u012bb\u0101 ar Valsts policijas Pretterorisma vien\u012bbu \u201cOmega\u201d R\u012bg\u0101 aiztur\u0113ja k\u0101du 1990. gad\u0101 dzimu\u0161u v\u012brieti, kur\u0161 bija uz\u0146\u0113mies organiz\u0113t personas nolaup\u012b\u0161anu. Savuk\u0101rt p\u0101r\u0113jie nozieguma l\u012bdzdal\u012bbnieki vakar aiztur\u0113ti attiec\u012bgi Francij\u0101, D\u0101nij\u0101 un Lielbrit\u0101nij\u0101.<\/p>\n<p>J\u0101piemin, ka visiem iesaist\u012btajiem biju\u0161as specifiskas zin\u0101\u0161anas un nozieguma izdar\u012b\u0161anai paredz\u0113ts ekip\u0113jums. Nozieguma organizators ir biju\u0161ais Fran\u010du \u0100rzemnieku le\u0123iona le\u0123ion\u0101rs. V\u0113l divas personas jau iepriek\u0161 tika aiztur\u0113tas V\u0101cij\u0101.<\/p>\n<p>\u0145emot v\u0113r\u0101, ka izmekl\u0113\u0161anu veic V\u0101cijas ties\u012bbaizsardz\u012bbas iest\u0101des, Latvijas Valsts policija atturas no pla\u0161\u0101kiem koment\u0101riem.<\/p>\n","protected":false},"excerpt":{"rendered":"Jau zi\u0146ots, ka \u0161\u012b starptautisk\u0101 oper\u0101cija v\u0113rsta pret algot\u0146u grupu, kurus bija nol\u012bdzis konkur\u0113jo\u0161s organiz\u0113t\u0101s noziedz\u012bbas grup\u0113jums ar&hellip;\n","protected":false},"author":2,"featured_media":49108,"comment_status":"","ping_status":"","sticky":false,"template":"","format":"standard","meta":{"footnotes":""},"categories":[5],"tags":[23,28,29,13426,32,33,22,30,31,35,39,38,36,37,34,40,20,26,27,24,25,138,21],"class_list":{"0":"post-49107","1":"post","2":"type-post","3":"status-publish","4":"format-standard","5":"has-post-thumbnail","7":"category-aktualitates","8":"tag-aktualitates","9":"tag-breaking-news","10":"tag-breakingnews","11":"tag-eiropola-operacija","12":"tag-featured-news","13":"tag-featurednews","14":"tag-headlines","15":"tag-latest-news","16":"tag-latestnews","17":"tag-latvia","18":"tag-latvian","19":"tag-latviesu","20":"tag-latviesu-valoda","21":"tag-latviesuvaloda","22":"tag-latvija","23":"tag-lv","24":"tag-news","25":"tag-popularakas-zinas","26":"tag-popularakaszinas","27":"tag-top-stories","28":"tag-topstories","29":"tag-valsts-policija","30":"tag-zinas"},"share_on_mastodon":{"url":"https:\/\/pubeurope.com\/@lv\/115548134030771281","error":""},"_links":{"self":[{"href":"https:\/\/www.europesays.com\/lv\/wp-json\/wp\/v2\/posts\/49107","targetHints":{"allow":["GET"]}}],"collection":[{"href":"https:\/\/www.europesays.com\/lv\/wp-json\/wp\/v2\/posts"}],"about":[{"href":"https:\/\/www.europesays.com\/lv\/wp-json\/wp\/v2\/types\/post"}],"author":[{"embeddable":true,"href":"https:\/\/www.europesays.com\/lv\/wp-json\/wp\/v2\/users\/2"}],"replies":[{"embeddable":true,"href":"https:\/\/www.europesays.com\/lv\/wp-json\/wp\/v2\/comments?post=49107"}],"version-history":[{"count":0,"href":"https:\/\/www.europesays.com\/lv\/wp-json\/wp\/v2\/posts\/49107\/revisions"}],"wp:featuredmedia":[{"embeddable":true,"href":"https:\/\/www.europesays.com\/lv\/wp-json\/wp\/v2\/media\/49108"}],"wp:attachment":[{"href":"https:\/\/www.europesays.com\/lv\/wp-json\/wp\/v2\/media?parent=49107"}],"wp:term":[{"taxonomy":"category","embeddable":true,"href":"https:\/\/www.europesays.com\/lv\/wp-json\/wp\/v2\/categories?post=49107"},{"taxonomy":"post_tag","embeddable":true,"href":"https:\/\/www.europesays.com\/lv\/wp-json\/wp\/v2\/tags?post=49107"}],"curies":[{"name":"wp","href":"https:\/\/api.w.org\/{rel}","templated":true}]}}