{"id":49114,"date":"2025-11-14T12:59:12","date_gmt":"2025-11-14T12:59:12","guid":{"rendered":"https:\/\/www.europesays.com\/lv\/49114\/"},"modified":"2025-11-14T12:59:12","modified_gmt":"2025-11-14T12:59:12","slug":"uznemejs-gombergs-daleji-uzvarejis-tiesa-pret-langu","status":"publish","type":"post","link":"https:\/\/www.europesays.com\/lv\/49114\/","title":{"rendered":"Uz\u0146\u0113m\u0113js Gombergs da\u013c\u0113ji uzvar\u0113jis ties\u0101 pret Langu"},"content":{"rendered":"<p>Pras\u012bba pamatota ar to, ka soci\u0101laj\u0101 t\u012bkl\u0101 &#8220;Facebook&#8221; Langa sav\u0101 ierakst\u0101 esot nosaukusi uz\u0146\u0113m\u0113ju par valsts dro\u0161\u012bbas komitejas (VDK) a\u0123entu. \u0160\u0101ds nepatiess apgalvojums esot aizsk\u0101ris uz\u0146\u0113m\u0113ja godu un cie\u0146u. Ne\u0146emot v\u0113r\u0101 pras\u012bt\u0101ja l\u016bgumu, Langa min\u0113to apgalvojumu neesot atsaukusi.<\/p>\n<p>Par nepatiesu uz\u0146\u0113m\u0113js uzskat\u012bjis ar\u012b Langas turpat pausto apgalvojumu, ka pras\u012bt\u0101js \u0161anta\u017e\u0113jot Saeimu. Pras\u012bb\u0101 uzsv\u0113rts, ka starp uz\u0146\u0113m\u0113ju un Saeimu esot past\u0101v\u0113jis juridisks str\u012bds, kas laika gait\u0101 ticis atrisin\u0101ts, Saeimai apmierinot pras\u012bt\u0101ja l\u016bgumu.<\/p>\n<p><a href=\"https:\/\/www.apollo.lv\/term\/813763\/gombergs\" class=\"topicLink\" target=\"_blank\" rel=\"nofollow noopener\">Gombergs<\/a> uzskata, ka vi\u0146a godu un cie\u0146u aizskar ar\u012b Langas turpat paustais apgalvojums, ka vi\u0146\u0161 draudot Latvijai.<\/p>\n<p>Uz\u0146\u0113m\u0113js uzskata, ka Langa apzin\u0101ti c\u0113lusi vi\u0146am neslavu.<\/p>\n<p>R\u012bgas rajona <a href=\"https:\/\/www.apollo.lv\/term\/565583\/tiesa\" class=\"topicLink\" target=\"_blank\" rel=\"nofollow noopener\">tiesa<\/a> da\u013c\u0113ji apmierin\u0101ja pras\u012bbu, uzliekot Langai pien\u0101kumu desmit dienu laik\u0101 no sprieduma sp\u0113k\u0101 st\u0101\u0161an\u0101s dienas public\u0113t &#8220;Facebook&#8221; atvaino\u0161anos uz\u0146\u0113m\u0113jam, nodro\u0161inot, ka ieraksts ir publiski pieejams vismaz 72 nep\u0101rtrauktas stundas.<\/p>\n<p>T\u0101pat nolemts piedz\u012bt no Langas mantisku kompens\u0101ciju 100 eiro apm\u0113r\u0101, k\u0101 ar\u012b ties\u0101\u0161an\u0101s izdevumus 962 eiro apm\u0113r\u0101.<\/p>\n<p>Savuk\u0101rt pras\u012bba da\u013c\u0101 par pien\u0101kumu atsaukt zi\u0146as, ka &#8220;uz\u0146\u0113m\u0113js ir \u010dekists, \u0161anta\u017e\u0113jis parlamentu ar L\u0101\u010dpl\u0113\u0161a skulpt\u016bru, draud\u0113jis Latvijai&#8221; un pien\u0101kumu sakar\u0101 ar to atvainoties un izmaks\u0101t mantisku kompens\u0101ciju papildu 2 eiro tika noraid\u012bta.<\/p>\n<p>Spriedumu v\u0113l var p\u0101rs\u016bdz\u0113t R\u012bgas apgabalties\u0101.<\/p>\n<p>Langa &#8220;Facebook&#8221; kont\u0101 nor\u0101d\u012bjusi, ka atvainoties uz\u0146\u0113m\u0113jam negras\u0101s un spriedums tiks p\u0101rs\u016bdz\u0113ts.<\/p>\n","protected":false},"excerpt":{"rendered":"Pras\u012bba pamatota ar to, ka soci\u0101laj\u0101 t\u012bkl\u0101 &#8220;Facebook&#8221; Langa sav\u0101 ierakst\u0101 esot nosaukusi uz\u0146\u0113m\u0113ju par valsts dro\u0161\u012bbas komitejas&hellip;\n","protected":false},"author":2,"featured_media":49115,"comment_status":"","ping_status":"","sticky":false,"template":"","format":"standard","meta":{"footnotes":""},"categories":[12],"tags":[23,28,29,32,33,13428,22,30,31,35,39,38,36,37,34,13427,40,20,26,27,375,24,25,21],"class_list":{"0":"post-49114","1":"post","2":"type-post","3":"status-publish","4":"format-standard","5":"has-post-thumbnail","7":"category-latvija","8":"tag-aktualitates","9":"tag-breaking-news","10":"tag-breakingnews","11":"tag-featured-news","12":"tag-featurednews","13":"tag-gombergs","14":"tag-headlines","15":"tag-latest-news","16":"tag-latestnews","17":"tag-latvia","18":"tag-latvian","19":"tag-latviesu","20":"tag-latviesu-valoda","21":"tag-latviesuvaloda","22":"tag-latvija","23":"tag-liana-langa","24":"tag-lv","25":"tag-news","26":"tag-popularakas-zinas","27":"tag-popularakaszinas","28":"tag-tiesa","29":"tag-top-stories","30":"tag-topstories","31":"tag-zinas"},"share_on_mastodon":{"url":"https:\/\/pubeurope.com\/@lv\/115548177530445258","error":""},"_links":{"self":[{"href":"https:\/\/www.europesays.com\/lv\/wp-json\/wp\/v2\/posts\/49114","targetHints":{"allow":["GET"]}}],"collection":[{"href":"https:\/\/www.europesays.com\/lv\/wp-json\/wp\/v2\/posts"}],"about":[{"href":"https:\/\/www.europesays.com\/lv\/wp-json\/wp\/v2\/types\/post"}],"author":[{"embeddable":true,"href":"https:\/\/www.europesays.com\/lv\/wp-json\/wp\/v2\/users\/2"}],"replies":[{"embeddable":true,"href":"https:\/\/www.europesays.com\/lv\/wp-json\/wp\/v2\/comments?post=49114"}],"version-history":[{"count":0,"href":"https:\/\/www.europesays.com\/lv\/wp-json\/wp\/v2\/posts\/49114\/revisions"}],"wp:featuredmedia":[{"embeddable":true,"href":"https:\/\/www.europesays.com\/lv\/wp-json\/wp\/v2\/media\/49115"}],"wp:attachment":[{"href":"https:\/\/www.europesays.com\/lv\/wp-json\/wp\/v2\/media?parent=49114"}],"wp:term":[{"taxonomy":"category","embeddable":true,"href":"https:\/\/www.europesays.com\/lv\/wp-json\/wp\/v2\/categories?post=49114"},{"taxonomy":"post_tag","embeddable":true,"href":"https:\/\/www.europesays.com\/lv\/wp-json\/wp\/v2\/tags?post=49114"}],"curies":[{"name":"wp","href":"https:\/\/api.w.org\/{rel}","templated":true}]}}