{"id":49118,"date":"2025-11-14T13:03:08","date_gmt":"2025-11-14T13:03:08","guid":{"rendered":"https:\/\/www.europesays.com\/lv\/49118\/"},"modified":"2025-11-14T13:03:08","modified_gmt":"2025-11-14T13:03:08","slug":"pagarinatais-sedans-solas-mainit-komforta-standartus-lente-lv","status":"publish","type":"post","link":"https:\/\/www.europesays.com\/lv\/49118\/","title":{"rendered":"Pagarin\u0101tais sedans sol\u0101s main\u012bt komforta standartus\u00a0\u2014\u00a0Lente.lv"},"content":{"rendered":"<p>Jaunums no Xiaomi: Pagarin\u0101tais SU7 sola karalisku komfortu<\/p>\n<p>Automa\u0161\u012bnu pasaule nep\u0101rtraukti att\u012bst\u0101s, un vado\u0161ie ra\u017eot\u0101ji cen\u0161as p\u0101rsteigt savus klientus ar inovat\u012bviem risin\u0101jumiem. P\u0113c veiksm\u012bga debijas ar pirmajiem diviem mode\u013ciem \u2013 Xiaomi SU7 sedanu un Xiaomi YU7 krosoveru \u2013 \u0137\u012bnie\u0161u tehnolo\u0123iju gigants Xiaomi jau gatavo n\u0101kamo aizraujo\u0161o soli. Uz ce\u013ciem \u0136\u012bn\u0101 man\u012bti mask\u0113ti prototipi pagarin\u0101tai SU7 versijai, kas, saglab\u0101jot ori\u0123in\u0101l\u0101 mode\u013ca gl\u012bto siluetu, pied\u0101v\u0101 b\u016btisku uzlabojumu \u2013 papla\u0161in\u0101tu salonu.<\/p>\n<p>Izcil\u012bba otraj\u0101 rind\u0101: Vair\u0101k vietas un grezn\u012bbas<\/p>\n<p>\u0160\u0137iet, ka papildu garums galvenok\u0101rt pievienots zonai aiz B statnes, skaidri nor\u0101dot uz \u0161\u012bs modifik\u0101cijas galveno fokusu: pasa\u017eieru komfortu otraj\u0101 s\u0113dek\u013cu rind\u0101. Lai gan standarta Xiaomi SU7 jau ir iespaid\u012bgs izm\u0113ra sedans ar 4997 mm garumu un 3000 mm garenb\u0101zi, jaun\u0101 versija, p\u0113c s\u0101kotn\u0113jiem nov\u0113rt\u0113jumiem, var\u0113tu sasniegt pat 5200 mm garumu, savuk\u0101rt garenb\u0101ze palielin\u0101ta par 80-150 mm. \u0160\u0101ds pagarin\u0101jums automobi\u013cu dizain\u0101 ir noz\u012bm\u012bgs solis, kas tie\u0161i noz\u012bm\u0113 krietni vair\u0101k br\u012bvas vietas k\u0101j\u0101m aizmugures pasa\u017eieriem.<\/p>\n<p>\u0160is pagarin\u0101jums fundament\u0101li maina automobi\u013ca raksturu. Ja standarta SU7 tiek pozicion\u0113ts k\u0101 jaud\u012bgs elektriskais auto, kas paredz\u0113ts galvenok\u0101rt vad\u012bt\u0101jam, tad jaun\u0101, pagarin\u0101t\u0101 modifik\u0101cija ac\u012bmredzami m\u0113r\u0137\u0113 uz biznesa klases segmentu, kur priorit\u0101te ir izcils komforts otraj\u0101 s\u0113dek\u013cu rind\u0101. Tas ir l\u012bdz\u012bgi tam, k\u0101 Porsche Panamera Executive tika rad\u012bts klientiem, kas bie\u017e\u0101k izmanto \u0161ofera pakalpojumus.<\/p>\n<p>N\u0101kotnes v\u012bzijas: Mobils birojs vai grezna atp\u016btas telpa<\/p>\n<p>Nav izsl\u0113gts, ka Xiaomi SU7 L (neofici\u0101ls nosaukums) sa\u0146ems v\u0113l pla\u0161\u0101kus un \u0113rt\u0101kus aizmugures s\u0113dek\u013cus, atsevi\u0161\u0137us izklaides ekr\u0101nus un pat papildu luksusa iesp\u0113jas, piem\u0113ram, nelielu ledusskapi. Tas var\u0113tu p\u0101rv\u0113rst aizmugures s\u0113dek\u013cu zonu par funkcion\u0101lu mobilo biroju vai pat greznu atp\u016btas telpu, \u013caujot pasa\u017eieriem str\u0101d\u0101t vai atp\u016bsties brauciena laik\u0101 ar nepieredz\u0113tu komfortu.<\/p>\n<p>Tehniskie uzlabojumi un n\u0101kotnes perspekt\u012bvas<\/p>\n<p>Protams, pagarin\u0101ts virsb\u016bves dizains un palielin\u0101ts svars pieprasa ar\u012b tehniskus piel\u0101gojumus. In\u017eenieriem b\u016bs j\u0101p\u0101rkalibr\u0113 piekare, lai saglab\u0101tu nevainojamu l\u012bdzsvaru starp komfortu un vad\u0101m\u012bbu. Tom\u0113r sagaid\u0101ms, ka jaunais modelis saglab\u0101s 800 voltu arhitekt\u016bru, kas nodro\u0161ina \u0101tru uzl\u0101di, k\u0101 ar\u012b visas modern\u0101s vied\u0101s brauk\u0161anas pal\u012bgsist\u0113mas, kas jau ir paz\u012bstamas no SU7.<\/p>\n<p>\u0160\u012b prototipa par\u0101d\u012b\u0161an\u0101s apliecina, ka Xiaomi amb\u012bcijas auto industrij\u0101 neaprobe\u017eojas tikai ar diviem mode\u013ciem. Insideru inform\u0101cija liecina, ka uz\u0146\u0113mums paral\u0113li test\u0113 vair\u0101kus citus jaunus elektriskos transportl\u012bdzek\u013cus, tostarp jaud\u012bg\u0101ku GT versiju YU7 krosoveram. \u0160obr\u012bd pagarin\u0101tais sedans ir tikai agr\u012bn\u0101 test\u0113\u0161anas stadij\u0101, un t\u0101 prec\u012bzais nosaukums, specifik\u0101cijas un izlai\u0161anas datums v\u0113l nav zin\u0101mi. Tom\u0113r anal\u012bti\u0137i prognoz\u0113, ka pirmizr\u0101de tirg\u016b var\u0113tu notikt jau 2026. gada s\u0101kum\u0101.<\/p>\n<p>Cenu diapazons un konkurence<\/p>\n<p>Lai gan ofici\u0101lu zi\u0146u par cenu v\u0113l nav, tirgus avoti prognoz\u0113, ka jaunais modelis var\u0113tu maks\u0101t vair\u0101k nek\u0101 400 000 jua\u0146u (aptuveni 47 600 eiro). Tas \u013cautu SU7 L ie\u0146emt interesantu poz\u012bciju starp viet\u0113jiem konkurentiem, piem\u0113ram, BYD Han (s\u0101kot no 33 300 eiro), un import\u0113tajiem premium segmenta mode\u013ciem, k\u0101 Tesla Model S (s\u0101kot no 81 600 eiro \u0136\u012bn\u0101).<\/p>\n","protected":false},"excerpt":{"rendered":"Jaunums no Xiaomi: Pagarin\u0101tais SU7 sola karalisku komfortu Automa\u0161\u012bnu pasaule nep\u0101rtraukti att\u012bst\u0101s, un vado\u0161ie ra\u017eot\u0101ji cen\u0161as p\u0101rsteigt savus&hellip;\n","protected":false},"author":2,"featured_media":49119,"comment_status":"","ping_status":"","sticky":false,"template":"","format":"standard","meta":{"footnotes":""},"categories":[16],"tags":[13431,77,76,13433,13432,35,39,38,36,37,34,40,13430,13429],"class_list":{"0":"post-49118","1":"post","2":"type-post","3":"status-publish","4":"format-standard","5":"has-post-thumbnail","7":"category-bizness","8":"tag-biznesa-klases-sedans","9":"tag-bizness","10":"tag-business","11":"tag-jaunakas-auto-tehnologijas","12":"tag-komforta-uzlabojumi","13":"tag-latvia","14":"tag-latvian","15":"tag-latviesu","16":"tag-latviesu-valoda","17":"tag-latviesuvaloda","18":"tag-latvija","19":"tag-lv","20":"tag-pagarinats-elektroauto","21":"tag-xiaomi-su7"},"share_on_mastodon":{"url":"https:\/\/pubeurope.com\/@lv\/115548192987211304","error":""},"_links":{"self":[{"href":"https:\/\/www.europesays.com\/lv\/wp-json\/wp\/v2\/posts\/49118","targetHints":{"allow":["GET"]}}],"collection":[{"href":"https:\/\/www.europesays.com\/lv\/wp-json\/wp\/v2\/posts"}],"about":[{"href":"https:\/\/www.europesays.com\/lv\/wp-json\/wp\/v2\/types\/post"}],"author":[{"embeddable":true,"href":"https:\/\/www.europesays.com\/lv\/wp-json\/wp\/v2\/users\/2"}],"replies":[{"embeddable":true,"href":"https:\/\/www.europesays.com\/lv\/wp-json\/wp\/v2\/comments?post=49118"}],"version-history":[{"count":0,"href":"https:\/\/www.europesays.com\/lv\/wp-json\/wp\/v2\/posts\/49118\/revisions"}],"wp:featuredmedia":[{"embeddable":true,"href":"https:\/\/www.europesays.com\/lv\/wp-json\/wp\/v2\/media\/49119"}],"wp:attachment":[{"href":"https:\/\/www.europesays.com\/lv\/wp-json\/wp\/v2\/media?parent=49118"}],"wp:term":[{"taxonomy":"category","embeddable":true,"href":"https:\/\/www.europesays.com\/lv\/wp-json\/wp\/v2\/categories?post=49118"},{"taxonomy":"post_tag","embeddable":true,"href":"https:\/\/www.europesays.com\/lv\/wp-json\/wp\/v2\/tags?post=49118"}],"curies":[{"name":"wp","href":"https:\/\/api.w.org\/{rel}","templated":true}]}}