{"id":49120,"date":"2025-11-14T13:05:11","date_gmt":"2025-11-14T13:05:11","guid":{"rendered":"https:\/\/www.europesays.com\/lv\/49120\/"},"modified":"2025-11-14T13:05:11","modified_gmt":"2025-11-14T13:05:11","slug":"mierina-izvairiga-par-jautajumu-vai-pec-budzeta-izskatisanas-kritis-valdiba","status":"publish","type":"post","link":"https:\/\/www.europesays.com\/lv\/49120\/","title":{"rendered":"Mieri\u0146a izvair\u012bga par jaut\u0101jumu, vai p\u0113c bud\u017eeta izskat\u012b\u0161anas krit\u012bs vald\u012bba"},"content":{"rendered":"<p>P\u0113c vi\u0146as v\u0101rdiem, <a href=\"https:\/\/www.tvnet.lv\/term\/566698\/zzs\" class=\"topicLink\" target=\"_blank\" rel=\"nofollow noopener\">ZZS<\/a> neesot nol\u0113musi pozicion\u0113ties k\u0101 vald\u012bbas iek\u0161\u0113j\u0101 opozicion\u0101re, bet tikai v\u0113loties &#8220;run\u0101t dzi\u013c\u0101k par jaut\u0101jumiem, kas m\u016bs uztrauc&#8221;.<\/p>\n<p>Mieri\u0146a ar\u012b nepiekr\u012bt, ka faktiski ZZS ir divu koal\u012bciju dal\u012bbniece, kur kaut k\u0101dos jaut\u0101jumos v\u0113l sadarbojas ar ofici\u0101lajiem partneriem vald\u012bb\u0101 &#8211; &#8220;Jauno vienot\u012bbu&#8221; un &#8220;Progres\u012bvajiem&#8221;, bet citos gad\u012bjumos sadarb\u012bbu veido ar opoz\u012bciju.<\/p>\n<p>Run\u0101jot par viedok\u013cu at\u0161\u0137ir\u012bb\u0101m, Mieri\u0146a piev\u0113rs\u0101s pa\u0161laik aktu\u0101lajam bud\u017eeta jaut\u0101jumam. Vi\u0146a uzsv\u0113ra, ka dz\u012bvojam parlament\u0101r\u0101 valst\u012b un par bud\u017eetu gala l\u0113mums j\u0101pie\u0146em parlamentam, t\u0101p\u0113c nedr\u012bkstot turpin\u0101ties prakse, ka vald\u012bba atnes bud\u017eetu, bet Saeima taj\u0101 nedr\u012bkst veikt labojumus.<\/p>\n<p>Tauj\u0101ta, vai p\u0113c bud\u017eeta izskat\u012b\u0161anas krit\u012bs Evikas Sili\u0146as (JV) vald\u012bba, Mieri\u0146a tie\u0161i neatbild\u0113ja, bet sprieda, ka bud\u017eeta proces\u0101 esot v\u0113rojams &#8220;labs pav\u0113rsiens&#8221;, jo partijas sp\u0113ju\u0161as sas\u0113sties pie viena galda, izrun\u0101ties un vienoties. Nevajag baid\u012bties no at\u0161\u0137ir\u012bgiem viedok\u013ciem, bet b\u012bstami b\u016btu tie\u0161i tad, ja &#8220;visi skat\u012btos vien\u0101 virzien\u0101&#8221;, par politiskajiem procesiem izteic\u0101s ZZS politi\u0137e.<\/p>\n<p>Mieri\u0146as v\u0113rt\u0113jum\u0101, viedok\u013cu da\u017e\u0101d\u012bba nenoz\u012bm\u0113jot, ka da\u013ca politi\u0137u &#8220;aizg\u0101ju\u0161i Krem\u013ca narat\u012bv\u0101&#8221;, kas esot tikai nelabv\u0113\u013cu p\u0101rmetumi.<\/p>\n","protected":false},"excerpt":{"rendered":"P\u0113c vi\u0146as v\u0101rdiem, ZZS neesot nol\u0113musi pozicion\u0113ties k\u0101 vald\u012bbas iek\u0161\u0113j\u0101 opozicion\u0101re, bet tikai v\u0113loties &#8220;run\u0101t dzi\u013c\u0101k par jaut\u0101jumiem,&hellip;\n","protected":false},"author":2,"featured_media":49121,"comment_status":"","ping_status":"","sticky":false,"template":"","format":"standard","meta":{"footnotes":""},"categories":[12],"tags":[23,28,29,3524,32,33,22,30,31,35,39,38,36,37,34,40,20,26,27,24,25,21,666],"class_list":{"0":"post-49120","1":"post","2":"type-post","3":"status-publish","4":"format-standard","5":"has-post-thumbnail","7":"category-latvija","8":"tag-aktualitates","9":"tag-breaking-news","10":"tag-breakingnews","11":"tag-daiga-mierina","12":"tag-featured-news","13":"tag-featurednews","14":"tag-headlines","15":"tag-latest-news","16":"tag-latestnews","17":"tag-latvia","18":"tag-latvian","19":"tag-latviesu","20":"tag-latviesu-valoda","21":"tag-latviesuvaloda","22":"tag-latvija","23":"tag-lv","24":"tag-news","25":"tag-popularakas-zinas","26":"tag-popularakaszinas","27":"tag-top-stories","28":"tag-topstories","29":"tag-zinas","30":"tag-zzs"},"share_on_mastodon":{"url":"https:\/\/pubeurope.com\/@lv\/115548201152554845","error":""},"_links":{"self":[{"href":"https:\/\/www.europesays.com\/lv\/wp-json\/wp\/v2\/posts\/49120","targetHints":{"allow":["GET"]}}],"collection":[{"href":"https:\/\/www.europesays.com\/lv\/wp-json\/wp\/v2\/posts"}],"about":[{"href":"https:\/\/www.europesays.com\/lv\/wp-json\/wp\/v2\/types\/post"}],"author":[{"embeddable":true,"href":"https:\/\/www.europesays.com\/lv\/wp-json\/wp\/v2\/users\/2"}],"replies":[{"embeddable":true,"href":"https:\/\/www.europesays.com\/lv\/wp-json\/wp\/v2\/comments?post=49120"}],"version-history":[{"count":0,"href":"https:\/\/www.europesays.com\/lv\/wp-json\/wp\/v2\/posts\/49120\/revisions"}],"wp:featuredmedia":[{"embeddable":true,"href":"https:\/\/www.europesays.com\/lv\/wp-json\/wp\/v2\/media\/49121"}],"wp:attachment":[{"href":"https:\/\/www.europesays.com\/lv\/wp-json\/wp\/v2\/media?parent=49120"}],"wp:term":[{"taxonomy":"category","embeddable":true,"href":"https:\/\/www.europesays.com\/lv\/wp-json\/wp\/v2\/categories?post=49120"},{"taxonomy":"post_tag","embeddable":true,"href":"https:\/\/www.europesays.com\/lv\/wp-json\/wp\/v2\/tags?post=49120"}],"curies":[{"name":"wp","href":"https:\/\/api.w.org\/{rel}","templated":true}]}}