{"id":49122,"date":"2025-11-14T13:06:23","date_gmt":"2025-11-14T13:06:23","guid":{"rendered":"https:\/\/www.europesays.com\/lv\/49122\/"},"modified":"2025-11-14T13:06:23","modified_gmt":"2025-11-14T13:06:23","slug":"kuldiga-godina-brivibas-cinitajus-kurzemnieks-lv","status":"publish","type":"post","link":"https:\/\/www.europesays.com\/lv\/49122\/","title":{"rendered":"Kuld\u012bg\u0101 godina br\u012bv\u012bbas c\u012bn\u012bt\u0101jus \u2013 Kurzemnieks.lv"},"content":{"rendered":"<p>Godinot Latvijas armijas uzvaru p\u0101r Bermonta karasp\u0113ku 1919. gada 11. novembr\u012b, otrdien L\u0101\u010dpl\u0113\u0161a diena Kuld\u012bg\u0101 aizvad\u012bta ar v\u0113rien\u012bgu l\u0101pu g\u0101jienu, koncertu un nodarb\u0113m b\u0113rniem un pieaugu\u0161ajiem.<\/p>\n<p class=\"has-medium-font-size\">Jaun\u0101 paaudze ir l\u012bdz\u0101s<\/p>\n<p>Pils\u0113tas laukum\u0101 var\u0113ja apskat\u012bt Zemessardzes 45. kaujas nodro\u0161in\u0101juma bataljona, Valsts policijas un Valsts ugunsdz\u0113s\u012bbas un gl\u0101b\u0161anas dienesta tehniku un ekip\u0113jumu. B\u0113rni izm\u0113\u0123in\u0101ja sp\u0113kus uzdevumos, ko deva Pulkve\u017ea Oskara Kalpaka profesion\u0101l\u0101s vidusskolas audz\u0113k\u0146i. \u201eM\u0113s st\u0101st\u0101m par m\u016bsu skolu, iesp\u0113j\u0101m, ko t\u0101 pied\u0101v\u0101, un galveno iemeslu, k\u0101p\u0113c vajadz\u0113tu n\u0101kt te m\u0101c\u012bties,\u201d st\u0101sta 3. kursa audz\u0113knis, 18 gadus vecais c\u0113snieks Ingus Ba\u0161kers. \u201eMums ir suven\u012bri, ko b\u0113rni var ieg\u016bt par pietupieniem vai piepump\u0113\u0161anos, un interese ir.\u201d<\/p>\n<p>Milit\u0101ro tehniku apl\u016bkoja ar\u012b kuld\u012bdznieks Ralfs Egle, kuram ir 17 gadu: \u201eGrib\u0113ju apskat\u012bt, kas te notiek. Mani interes\u0113 tehnika. Patriotisms man noz\u012bm\u0113 to, ka atbalstu savus tuviniekus un kaimi\u0146us. V\u0113l es nesen iest\u0101jos Jaunsardz\u0113 \u2013 pieteicos dronu m\u0101c\u012bb\u0101m.\u201d<\/p>\n<p>Kuld\u012bgas b\u0113rnud\u0101rza\u00a0\u0100bel\u012bte\u00a0grupa\u00a0Skudri\u0146as\u00a0jau no r\u012bta nav var\u0113jusi sagaid\u012bt, kad dosies apskat\u012bt da\u017e\u0101du dienestu ekip\u0113jumu. \u201eB\u0113rni izr\u0101da lielu interesi. Grupi\u0146\u0101 jau run\u0101j\u0101m, ko n\u0101ksim apskat\u012bt. B\u0113rni nepaciet\u012bgi gaid\u012bja, kad dosimies ce\u013c\u0101,\u201d st\u0101sta skolot\u0101ja pal\u012bdze Santa Bakria.<\/p>\n<p>Liep\u0101jas iel\u0101 br\u012bv\u012bbas c\u012bn\u012bt\u0101ju piemi\u0146as viet\u0101 svec\u012btes nolika Gertneru \u0123imene no Kuld\u012bgas. Mamma Amanda saka: \u201eL\u0101\u010dpl\u0113\u0161a diena ir valsts sv\u0113tki par godu m\u016bsu br\u012bv\u012bbai un neatkar\u012bbai, t\u0101p\u0113c katru gadu ir \u013coti svar\u012bgi b\u016bt \u0161eit.\u201d Vec\u0101ki piebilst, ka patriotismu m\u0101ca ar\u012b meiti\u0146ai Gabrielai. Visi kop\u0101 dodas ar\u012b l\u0101pu g\u0101jien\u0101 un m\u0101ca, cik \u0161\u012b diena svar\u012bga: \u201eKad meita paaugsies, vi\u0146a saprat\u012bs, k\u0101p\u0113c t\u0101.\u201d<\/p>\n<p class=\"has-medium-font-size\">Varen\u0101 l\u0101pu straum\u0113<\/p>\n<p>Vakarpus\u0113 \u013coti daudzi vienoj\u0101s l\u0101pu g\u0101jien\u0101, lai pateiktos varo\u0146iem. Zemessardzes 4. Kurzemes brig\u0101des kapel\u0101ns M\u0101rti\u0146\u0161 Burke-Burkevics uzrun\u0101 teica: \u201eDievs m\u016bs dara br\u012bvus \u2013 dod br\u012bv\u012bbu izv\u0113l\u0113ties ce\u013cu, kuru ejam, lai piedz\u012bvotu to, ko saucam par sv\u0113t\u012bbu. \u013boti priec\u0101jos, ka \u0161eit ir \u0101rk\u0101rt\u012bgi daudz b\u0113rnu un jaunu cilv\u0113ku. Vienas da\u013cas vec\u0101ki dzimu\u0161i jau br\u012bvvalsts laik\u0101, citi \u2013 Atmodas laik\u0101. T\u0101 ir fantastiska iesp\u0113ja \u2013 atteikties no bail\u0113m, piedz\u012bvot br\u012bv\u012bbas izj\u016btu un ne\u013caut sev uzgr\u016bst t\u0101dus v\u0113st\u012bjumus, kas m\u016bs \u0161\u0137e\u013c.\u201d M\u0101c\u012bt\u0101js, kapel\u0101ns un akt\u012bvais Ukrainas atbalst\u012bt\u0101js uzrunu pabeidza ar savu popul\u0101ro teicienu: \u201eDraugi, turamies veseli un dodam virs\u016b!\u201d<\/p>\n<p>G\u0101jiens beidz\u0101s Pils\u0113tas d\u0101rz\u0101, kur sasild\u012bja cilv\u0113ku nest\u0101s l\u0101pas, t\u0113ja un patriotiskas dziesmas. Koncert\u0101 piedal\u012bj\u0101s novada jaunie\u0161i skolot\u0101jas Sangritas Upenieces vad\u012bb\u0101 \u2013 Sofija Gr\u0113ta France un instrument\u0101l\u0101 grupa: Valters J\u016brmalis (klavieres), Una Raiksti\u0146a (bas\u0123it\u0101ra), Madars Irgensons (elektrisk\u0101 \u0123it\u0101ra), Guntis Ka\u0123is (bungas). Vi\u0146i uzst\u0101j\u0101s kop\u0101 ar Kuld\u012bgas m\u016bzi\u0137iem Arti \u0160impermani un M.Burki-Burkevicu.<\/p>\n<p><img loading=\"lazy\" decoding=\"async\" width=\"1024\" height=\"683\" data-id=\"23306\" src=\"https:\/\/www.europesays.com\/lv\/wp-content\/uploads\/2025\/11\/JekabsAKrumins-1437-1024x683.jpg\" alt=\"Jekabsakrumins 1437\" class=\"wp-image-23306\"  \/><\/p>\n<p><img loading=\"lazy\" decoding=\"async\" width=\"1024\" height=\"683\" data-id=\"23304\" src=\"https:\/\/www.europesays.com\/lv\/wp-content\/uploads\/2025\/11\/JekabsAKrumins-1422-1024x683.jpg\" alt=\"Jekabsakrumins 1422\" class=\"wp-image-23304\"  \/><\/p>\n<p><img loading=\"lazy\" decoding=\"async\" width=\"1024\" height=\"683\" data-id=\"23309\" src=\"https:\/\/www.europesays.com\/lv\/wp-content\/uploads\/2025\/11\/JekabsAKrumins-1412-1024x683.jpg\" alt=\"Jekabsakrumins 1412\" class=\"wp-image-23309\"  \/><\/p>\n<p><img loading=\"lazy\" decoding=\"async\" width=\"1024\" height=\"683\" data-id=\"23308\" src=\"https:\/\/www.europesays.com\/lv\/wp-content\/uploads\/2025\/11\/JekabsAKrumins-1375-1024x683.jpg\" alt=\"Jekabsakrumins 1375\" class=\"wp-image-23308\"  \/><\/p>\n<p><img loading=\"lazy\" decoding=\"async\" width=\"1024\" height=\"683\" data-id=\"23305\" src=\"https:\/\/www.europesays.com\/lv\/wp-content\/uploads\/2025\/11\/JekabsAKrumins-1356-1024x683.jpg\" alt=\"Jekabsakrumins 1356\" class=\"wp-image-23305\"  \/><\/p>\n<p><img loading=\"lazy\" decoding=\"async\" width=\"1024\" height=\"683\" data-id=\"23307\" src=\"https:\/\/www.europesays.com\/lv\/wp-content\/uploads\/2025\/11\/JekabsAKrumins-1327-1024x683.jpg\" alt=\"Jekabsakrumins 1327\" class=\"wp-image-23307\"  \/><\/p>\n<p><img loading=\"lazy\" decoding=\"async\" width=\"1024\" height=\"683\" data-id=\"23314\" src=\"https:\/\/www.europesays.com\/lv\/wp-content\/uploads\/2025\/11\/JekabsAKrumins-1323-1024x683.jpg\" alt=\"Jekabsakrumins 1323\" class=\"wp-image-23314\"  \/><\/p>\n<p><img loading=\"lazy\" decoding=\"async\" width=\"1024\" height=\"683\" data-id=\"23313\" src=\"https:\/\/www.europesays.com\/lv\/wp-content\/uploads\/2025\/11\/JekabsAKrumins-1313-1024x683.jpg\" alt=\"Jekabsakrumins 1313\" class=\"wp-image-23313\"  \/><\/p>\n<p><img loading=\"lazy\" decoding=\"async\" width=\"1024\" height=\"683\" data-id=\"23315\" src=\"https:\/\/www.europesays.com\/lv\/wp-content\/uploads\/2025\/11\/JekabsAKrumins-1290-1024x683.jpg\" alt=\"Jekabsakrumins 1290\" class=\"wp-image-23315\"  \/><\/p>\n<p><img loading=\"lazy\" decoding=\"async\" width=\"1024\" height=\"683\" data-id=\"23310\" src=\"https:\/\/www.europesays.com\/lv\/wp-content\/uploads\/2025\/11\/JekabsAKrumins-1275-1024x683.jpg\" alt=\"Jekabsakrumins 1275\" class=\"wp-image-23310\"  \/><\/p>\n<p><img loading=\"lazy\" decoding=\"async\" width=\"1024\" height=\"683\" data-id=\"23312\" src=\"https:\/\/www.europesays.com\/lv\/wp-content\/uploads\/2025\/11\/JekabsAKrumins-1266-1024x683.jpg\" alt=\"Jekabsakrumins 1266\" class=\"wp-image-23312\"  \/><\/p>\n<p><img loading=\"lazy\" decoding=\"async\" width=\"1024\" height=\"683\" data-id=\"23311\" src=\"https:\/\/www.europesays.com\/lv\/wp-content\/uploads\/2025\/11\/JekabsAKrumins-1251-1024x683.jpg\" alt=\"Jekabsakrumins 1251\" class=\"wp-image-23311\"  \/><\/p>\n<p><img loading=\"lazy\" decoding=\"async\" width=\"1024\" height=\"683\" data-id=\"23317\" src=\"https:\/\/www.europesays.com\/lv\/wp-content\/uploads\/2025\/11\/JekabsAKrumins-1237-1024x683.jpg\" alt=\"Jekabsakrumins 1237\" class=\"wp-image-23317\"  \/><\/p>\n<p><img loading=\"lazy\" decoding=\"async\" width=\"683\" height=\"1024\" data-id=\"23316\" src=\"https:\/\/www.europesays.com\/lv\/wp-content\/uploads\/2025\/11\/JekabsAKrumins-1231-683x1024.jpg\" alt=\"Jekabsakrumins 1231\" class=\"wp-image-23316\"  \/><\/p>\n<p><img loading=\"lazy\" decoding=\"async\" width=\"1024\" height=\"683\" data-id=\"23319\" src=\"https:\/\/www.europesays.com\/lv\/wp-content\/uploads\/2025\/11\/JekabsAKrumins-1227-1024x683.jpg\" alt=\"Jekabsakrumins 1227\" class=\"wp-image-23319\"  \/><\/p>\n<p><img loading=\"lazy\" decoding=\"async\" width=\"1024\" height=\"683\" data-id=\"23318\" src=\"https:\/\/www.europesays.com\/lv\/wp-content\/uploads\/2025\/11\/JekabsAKrumins-1211-1024x683.jpg\" alt=\"Jekabsakrumins 1211\" class=\"wp-image-23318\"  \/><\/p>\n<p><img loading=\"lazy\" decoding=\"async\" width=\"1024\" height=\"683\" data-id=\"23320\" src=\"https:\/\/www.europesays.com\/lv\/wp-content\/uploads\/2025\/11\/JekabsAKrumins-1200-1024x683.jpg\" alt=\"Jekabsakrumins 1200\" class=\"wp-image-23320\"  \/><\/p>\n<p><img loading=\"lazy\" decoding=\"async\" width=\"1024\" height=\"683\" data-id=\"23322\" src=\"https:\/\/www.europesays.com\/lv\/wp-content\/uploads\/2025\/11\/JekabsAKrumins-1189-1024x683.jpg\" alt=\"Jekabsakrumins 1189\" class=\"wp-image-23322\"  \/><\/p>\n<p><img loading=\"lazy\" decoding=\"async\" width=\"1024\" height=\"683\" data-id=\"23323\" src=\"https:\/\/www.europesays.com\/lv\/wp-content\/uploads\/2025\/11\/JekabsAKrumins-1187-1024x683.jpg\" alt=\"Jekabsakrumins 1187\" class=\"wp-image-23323\"  \/><\/p>\n<p><img loading=\"lazy\" decoding=\"async\" width=\"1024\" height=\"683\" data-id=\"23321\" src=\"https:\/\/www.europesays.com\/lv\/wp-content\/uploads\/2025\/11\/JekabsAKrumins-1164-1024x683.jpg\" alt=\"Jekabsakrumins 1164\" class=\"wp-image-23321\"  \/><\/p>\n<p><img loading=\"lazy\" decoding=\"async\" width=\"1024\" height=\"683\" data-id=\"23324\" src=\"https:\/\/www.europesays.com\/lv\/wp-content\/uploads\/2025\/11\/JekabsAKrumins-1160-1024x683.jpg\" alt=\"Jekabsakrumins 1160\" class=\"wp-image-23324\"  \/><\/p>\n<p><img loading=\"lazy\" decoding=\"async\" width=\"1024\" height=\"683\" data-id=\"23325\" src=\"https:\/\/www.europesays.com\/lv\/wp-content\/uploads\/2025\/11\/JekabsAKrumins-1152-1024x683.jpg\" alt=\"Jekabsakrumins 1152\" class=\"wp-image-23325\"  \/><\/p>\n","protected":false},"excerpt":{"rendered":"Godinot Latvijas armijas uzvaru p\u0101r Bermonta karasp\u0113ku 1919. gada 11. novembr\u012b, otrdien L\u0101\u010dpl\u0113\u0161a diena Kuld\u012bg\u0101 aizvad\u012bta ar v\u0113rien\u012bgu&hellip;\n","protected":false},"author":2,"featured_media":49123,"comment_status":"","ping_status":"","sticky":false,"template":"","format":"standard","meta":{"footnotes":""},"categories":[5],"tags":[13390,23,28,29,13434,32,33,22,828,11267,13226,30,31,35,39,38,36,37,34,729,40,20,12206,26,27,24,25,2810,21],"class_list":{"0":"post-49122","1":"post","2":"type-post","3":"status-publish","4":"format-standard","5":"has-post-thumbnail","7":"category-aktualitates","8":"tag-11-novembris","9":"tag-aktualitates","10":"tag-breaking-news","11":"tag-breakingnews","12":"tag-brivibas-cinitaji","13":"tag-featured-news","14":"tag-featurednews","15":"tag-headlines","16":"tag-kuldiga","17":"tag-lacplesa-diena","18":"tag-lapu-gajiens","19":"tag-latest-news","20":"tag-latestnews","21":"tag-latvia","22":"tag-latvian","23":"tag-latviesu","24":"tag-latviesu-valoda","25":"tag-latviesuvaloda","26":"tag-latvija","27":"tag-latvijas-armija","28":"tag-lv","29":"tag-news","30":"tag-patriotisms","31":"tag-popularakas-zinas","32":"tag-popularakaszinas","33":"tag-top-stories","34":"tag-topstories","35":"tag-zemessardze","36":"tag-zinas"},"share_on_mastodon":{"url":"https:\/\/pubeurope.com\/@lv\/115548204912021469","error":""},"_links":{"self":[{"href":"https:\/\/www.europesays.com\/lv\/wp-json\/wp\/v2\/posts\/49122","targetHints":{"allow":["GET"]}}],"collection":[{"href":"https:\/\/www.europesays.com\/lv\/wp-json\/wp\/v2\/posts"}],"about":[{"href":"https:\/\/www.europesays.com\/lv\/wp-json\/wp\/v2\/types\/post"}],"author":[{"embeddable":true,"href":"https:\/\/www.europesays.com\/lv\/wp-json\/wp\/v2\/users\/2"}],"replies":[{"embeddable":true,"href":"https:\/\/www.europesays.com\/lv\/wp-json\/wp\/v2\/comments?post=49122"}],"version-history":[{"count":0,"href":"https:\/\/www.europesays.com\/lv\/wp-json\/wp\/v2\/posts\/49122\/revisions"}],"wp:featuredmedia":[{"embeddable":true,"href":"https:\/\/www.europesays.com\/lv\/wp-json\/wp\/v2\/media\/49123"}],"wp:attachment":[{"href":"https:\/\/www.europesays.com\/lv\/wp-json\/wp\/v2\/media?parent=49122"}],"wp:term":[{"taxonomy":"category","embeddable":true,"href":"https:\/\/www.europesays.com\/lv\/wp-json\/wp\/v2\/categories?post=49122"},{"taxonomy":"post_tag","embeddable":true,"href":"https:\/\/www.europesays.com\/lv\/wp-json\/wp\/v2\/tags?post=49122"}],"curies":[{"name":"wp","href":"https:\/\/api.w.org\/{rel}","templated":true}]}}