{"id":49164,"date":"2025-11-14T14:00:21","date_gmt":"2025-11-14T14:00:21","guid":{"rendered":"https:\/\/www.europesays.com\/lv\/49164\/"},"modified":"2025-11-14T14:00:21","modified_gmt":"2025-11-14T14:00:21","slug":"policija-nogada-majas-nakti-klainojosu-bernu-mate-stipra-alkohola-reibuma","status":"publish","type":"post","link":"https:\/\/www.europesays.com\/lv\/49164\/","title":{"rendered":"Policija nog\u0101d\u0101 m\u0101j\u0101s nakt\u012b klai\u0146ojo\u0161u b\u0113rnu; m\u0101te \u2013 stipr\u0101 alkohola reibum\u0101"},"content":{"rendered":"<p>Nakt\u012b no 1. uz 2. novembri R\u012bgas valstspils\u0113tas pa\u0161vald\u012bbas policisti sa\u0146\u0113ma izsaukumu uz \u0136engaragu, kur, klai\u0146ojot pa ielu bez vec\u0101ku uzraudz\u012bbas, tika atrasta k\u0101da pirmsskolas vecuma meitene, port\u0101lu &#8220;Delfi&#8221; inform\u0113 pa\u0161vald\u012bbas policij\u0101.<\/p>\n<p>Ierodoties notikuma viet\u0101, likumsargus sagaid\u012bja divas sievietes, kuras bija paman\u012bju\u0161as b\u0113rnu uz ielas un inform\u0113ju\u0161as policiju par notiku\u0161o. Sarun\u0101s ar policiju meitene skaidroja, ka devusies \u0101rpus m\u0101jas mekl\u0113t savus vec\u0101kus. Lai izv\u0113rt\u0113tu b\u0113rna vesel\u012bbas st\u0101vokli, uz notikuma vietu tika izsaukti medi\u0137i. P\u0113c apskates, kuras laik\u0101 draudi vesel\u012bbai netika konstat\u0113ti, pa\u0161vald\u012bbas policisti, sekojot meitenes nor\u0101d\u0113m, dev\u0101s uz \u0123imenes dz\u012bvesvietu.<\/p>\n<p>Ien\u0101kot dz\u012bvokl\u012b, uz d\u012bv\u0101na gul\u0113ja b\u0113rna m\u0101te, kuras izskats liecin\u0101ja par atra\u0161anos stipr\u0101 alkohola reibuma st\u0101vokl\u012b. Apskatot dz\u012bvesvietu, bija redzams, ka apk\u0101rt valda nek\u0101rt\u012bba, uz galda atrodas pusizdzerta alkohola pudele un b\u0113rnam nebija nodro\u0161in\u0101tas nepiecie\u0161am\u0101s pamatvajadz\u012bbas.<\/p>\n<p class=\"m-0\">Seko &#8220;Delfi&#8221; ar\u012b  <a target=\"_blank\" href=\"https:\/\/www.instagram.com\/delfi.lv\/\" rel=\"nofollow noopener\">Instagram<\/a>  un <a target=\"_blank\" href=\"https:\/\/www.youtube.com\/channel\/UCw5foWtcJvAbUm64rv7jwUQ\" rel=\"nofollow noopener\">YouTube<\/a>  profil\u0101 \u2013 pievienojies, lai uzzin\u0101tu svar\u012bg\u0101ko un interesant\u0101ko pirmais!<\/p>\n<p>Publik\u0101cijas saturs vai t\u0101s jebk\u0101da apjoma da\u013ca ir aizsarg\u0101ts autorties\u012bbu objekts Autorties\u012bbu likuma izpratn\u0113, un t\u0101 izmanto\u0161ana bez izdev\u0113ja at\u013caujas ir aizliegta. Vair\u0101k lasi  <a target=\"_blank\" href=\"https:\/\/www.delfi.lv\/noteikumi#autortiesibas\" rel=\"nofollow noopener\">\u0161eit<\/a><script async src=\"\/\/www.instagram.com\/embed.js\"><\/script><\/p>\n","protected":false},"excerpt":{"rendered":"Nakt\u012b no 1. uz 2. novembri R\u012bgas valstspils\u0113tas pa\u0161vald\u012bbas policisti sa\u0146\u0113ma izsaukumu uz \u0136engaragu, kur, klai\u0146ojot pa ielu&hellip;\n","protected":false},"author":2,"featured_media":49165,"comment_status":"","ping_status":"","sticky":false,"template":"","format":"standard","meta":{"footnotes":""},"categories":[5],"tags":[23,7986,28,29,32,33,22,30,31,35,39,38,36,37,34,40,20,26,27,1911,24,25,21],"class_list":{"0":"post-49164","1":"post","2":"type-post","3":"status-publish","4":"format-standard","5":"has-post-thumbnail","7":"category-aktualitates","8":"tag-aktualitates","9":"tag-barintiesa","10":"tag-breaking-news","11":"tag-breakingnews","12":"tag-featured-news","13":"tag-featurednews","14":"tag-headlines","15":"tag-latest-news","16":"tag-latestnews","17":"tag-latvia","18":"tag-latvian","19":"tag-latviesu","20":"tag-latviesu-valoda","21":"tag-latviesuvaloda","22":"tag-latvija","23":"tag-lv","24":"tag-news","25":"tag-popularakas-zinas","26":"tag-popularakaszinas","27":"tag-rigas-pasvaldibas-policija","28":"tag-top-stories","29":"tag-topstories","30":"tag-zinas"},"share_on_mastodon":{"url":"https:\/\/pubeurope.com\/@lv\/115548417191065916","error":""},"_links":{"self":[{"href":"https:\/\/www.europesays.com\/lv\/wp-json\/wp\/v2\/posts\/49164","targetHints":{"allow":["GET"]}}],"collection":[{"href":"https:\/\/www.europesays.com\/lv\/wp-json\/wp\/v2\/posts"}],"about":[{"href":"https:\/\/www.europesays.com\/lv\/wp-json\/wp\/v2\/types\/post"}],"author":[{"embeddable":true,"href":"https:\/\/www.europesays.com\/lv\/wp-json\/wp\/v2\/users\/2"}],"replies":[{"embeddable":true,"href":"https:\/\/www.europesays.com\/lv\/wp-json\/wp\/v2\/comments?post=49164"}],"version-history":[{"count":0,"href":"https:\/\/www.europesays.com\/lv\/wp-json\/wp\/v2\/posts\/49164\/revisions"}],"wp:featuredmedia":[{"embeddable":true,"href":"https:\/\/www.europesays.com\/lv\/wp-json\/wp\/v2\/media\/49165"}],"wp:attachment":[{"href":"https:\/\/www.europesays.com\/lv\/wp-json\/wp\/v2\/media?parent=49164"}],"wp:term":[{"taxonomy":"category","embeddable":true,"href":"https:\/\/www.europesays.com\/lv\/wp-json\/wp\/v2\/categories?post=49164"},{"taxonomy":"post_tag","embeddable":true,"href":"https:\/\/www.europesays.com\/lv\/wp-json\/wp\/v2\/tags?post=49164"}],"curies":[{"name":"wp","href":"https:\/\/api.w.org\/{rel}","templated":true}]}}