{"id":49168,"date":"2025-11-14T14:04:06","date_gmt":"2025-11-14T14:04:06","guid":{"rendered":"https:\/\/www.europesays.com\/lv\/49168\/"},"modified":"2025-11-14T14:04:06","modified_gmt":"2025-11-14T14:04:06","slug":"francijas-arzemnieku-legiona-karaviru-palaiz-uz-brivam-kajam","status":"publish","type":"post","link":"https:\/\/www.europesays.com\/lv\/49168\/","title":{"rendered":"Francijas \u0100rzemnieku le\u0123iona karav\u012bru palai\u017e uz br\u012bv\u0101m k\u0101j\u0101m"},"content":{"rendered":"<p class=\"descr\">Latvija tiesa noraid\u012bjusi Valsts policijas (VP) l\u016bgumu piem\u0113rot apcietin\u0101jumu biju\u0161ajam Fran\u010du \u0100rzemnieku le\u0123iona karav\u012bram, kur\u0161 tiek tur\u0113ts aizdom\u0101s par personas nolaup\u012b\u0161anas organiz\u0113\u0161anu V\u0101cijas teritorij\u0101.<\/p>\n<p>Policija l\u016bdza tiesu min\u0113tajai personai k\u0101 dro\u0161\u012bbas l\u012bdzekli piem\u0113rot apcietin\u0101jumu, bet tiesa \u0161o l\u016bgumu noraid\u012bja, l\u012bdz ar to personai piem\u0113rots ar br\u012bv\u012bbas at\u0146em\u0161anu nesaist\u012bts dro\u0161\u012bbas l\u012bdzeklis, a\u0123ent\u016bra LETA noskaidroja VP Sabiedrisko attiec\u012bbu noda\u013c\u0101.<\/p>\n<p>VP Sabiedrisko attiec\u012bbu noda\u013ca iepriek\u0161 a\u0123ent\u016bru LETA inform\u0113ja, ka tre\u0161dien V\u0101cijas policijas vad\u012bt\u0101 starptautisk\u0101 oper\u0101cij\u0101, kur\u0101 piedal\u012bj\u0101s VP, k\u0101 ar\u012b D\u0101nijas, Francijas ties\u012bbsarg\u0101jo\u0161\u0101s iest\u0101des un Eiropols, aizdom\u0101s par personas nolaup\u012b\u0161anas organiz\u0113\u0161anu V\u0101cijas teritorij\u0101 aiztur\u0113ti \u010detri Latvijas valstspieder\u012bgie.<\/p>\n<p>\u0160\u012b starptautisk\u0101 oper\u0101cija v\u0113rsta pret algot\u0146u grupu, kuru bija nol\u012bdzis konkur\u0113jo\u0161s organiz\u0113t\u0101s noziedz\u012bbas grup\u0113jums ar m\u0113r\u0137i nolaup\u012bt alb\u0101\u0146u narkotiku tirdzniec\u012bbas t\u012bkla vad\u012bt\u0101ju. Persona, kuru gras\u012bj\u0101s nolaup\u012bt, saist\u012bta ar vair\u0101ku tonnu marihu\u0101nas z\u0101dz\u012bbas organiz\u0113\u0161anu vair\u0101ku miljonu eiro v\u0113rt\u012bb\u0101.<\/p>\n<p>Balstoties uz iepriek\u0161 sa\u0146emto inform\u0101ciju par iesp\u0113jamu pl\u0101notu noziegumu un sniedzot atbalstu V\u0101cijas kol\u0113\u0123iem, iesaistot VP Starptautisk\u0101s sadarb\u012bbas p\u0101rvaldi un Organiz\u0113t\u0101s noziedz\u012bbas smago un s\u0113rijveida apkaro\u0161anas p\u0101rvaldes 1. noda\u013cas amatpersonas, tika noskaidrota nepiecie\u0161am\u0101 inform\u0101cija par noziedz\u012bg\u0101 nodar\u012bjuma organizatoru un vi\u0146a l\u012bdzdal\u012bbniekiem &#8211; visi ir Latvijas pilso\u0146i.<\/p>\n<p>Veicot izmekl\u0113\u0161anas darb\u012bbas, tika ieg\u016bti pier\u0101d\u012bjumi personu saist\u012bbai ar noziedz\u012bgo nodar\u012bjumu, un tre\u0161dien policisti sadarb\u012bb\u0101 ar VP Pretterorisma vien\u012bbu &#8220;Omega&#8221; R\u012bg\u0101 aiztur\u0113ja k\u0101du 1990. gad\u0101 dzimu\u0161u v\u012brieti, kur\u0161 bija uz\u0146\u0113mies organiz\u0113t personas nolaup\u012b\u0161anu. Savuk\u0101rt p\u0101r\u0113jie nozieguma l\u012bdzdal\u012bbnieki tre\u0161dien aiztur\u0113ti attiec\u012bgi Francij\u0101, D\u0101nij\u0101 un Lielbrit\u0101nij\u0101.<\/p>\n<p>Visiem iesaist\u012btajiem biju\u0161as specifiskas zin\u0101\u0161anas un nozieguma izdar\u012b\u0161anai paredz\u0113ts ekip\u0113jums. Nozieguma organizators ir biju\u0161ais Fran\u010du \u0100rzemnieku le\u0123iona le\u0123ion\u0101rs. V\u0113l divas personas jau iepriek\u0161 tika aiztur\u0113tas V\u0101cij\u0101.<\/p>\n<p>Eiropas Policijas biroja (&#8220;Eiropols&#8221;) m\u0101jaslap\u0101 pieejam\u0101 inform\u0101cija liecina, ka koordin\u0113t\u0101 r\u012bc\u012bba bija v\u0113rsta uz Latvijas valstspieder\u012bgajiem, no kuriem da\u017ei ir biju\u0161i Fran\u010du \u0100rzemnieku le\u0123iona karav\u012bri. \u0160\u012bs augsti apm\u0101c\u012bt\u0101s personas bija apg\u0101d\u0101tas ar profesion\u0101lu ekip\u0113jumu un darboj\u0101s organiz\u0113t\u0101s noziedz\u012bbas grup\u0113juma v\u0101rd\u0101.<\/p>\n<p>Akcijas dien\u0101 D\u0101nij\u0101, Francij\u0101, Latvij\u0101 un Lielbrit\u0101nij\u0101 tika arest\u0113tas \u010detras personas, bet p\u0101r\u0113j\u0101s divas, kas 2014. gada oktobr\u012b tika arest\u0113tas V\u0101cij\u0101, tiesa jau ir noties\u0101jusi.<\/p>\n<p>\u0160\u012b oper\u0101cija ir saist\u012bta ar fenomenu, kad noziedznieki pied\u0101v\u0101 savus pakalpojumus, lai veiktu vardarb\u012bgus aktus citu noziedz\u012bgu sindik\u0101tu v\u0101rd\u0101. \u0160aj\u0101 konkr\u0113taj\u0101 gad\u012bjum\u0101 organiz\u0113t\u0101s noziedz\u012bbas grup\u0113jumi algo augsti apm\u0101c\u012btus speci\u0101listus, lai tie veiktu vardarb\u012bgus aktus. \u0160is darb\u012bbas veids arvien bie\u017e\u0101k tiek atkl\u0101ts da\u017e\u0101d\u0101s oper\u0101cij\u0101s, kas saist\u012btas ar smagiem noziegumiem un organiz\u0113to noziedz\u012bbu. Izmekl\u0113\u0161ana liecina, ka bie\u017ei vien tiek izmantoti biju\u0161ie speci\u0101lo sp\u0113ku darbinieki, nor\u0101d\u012bjis &#8220;Eiropols&#8221;.<\/p>\n<p>Da\u017ei no \u0161aj\u0101 liet\u0101 aizdom\u0101s tur\u0113tajiem ir biju\u0161ie Fran\u010du \u0100rzemnieku le\u0123iona karav\u012bri. Tas liecina par satrauco\u0161u tendenci, kas izriet no kara Ukrain\u0101. Biju\u0161ie kaujas apm\u0101c\u012btie karav\u012bri, atgriezu\u0161ies no frontes, var\u0113tu izmantot savas prasmes organiz\u0113t\u0101s noziedz\u012bbas vajadz\u012bb\u0101m, t\u0101d\u0113j\u0101di radot potenci\u0101lu apdraud\u0113jumu, uzsv\u0113ris &#8220;Eiropols&#8221;.<\/p>\n<p>\u0145emot v\u0113r\u0101, ka kar\u0161 Ukrain\u0101 turpin\u0101s un, iesp\u0113jams, pastiprin\u0101s p\u0113c t\u0101, Eiropa var saskarties ar to, ka palielin\u0101sies \u0161o augsti apm\u0101c\u012bto personu skaits, kas iesaist\u012bsies noziedz\u012bg\u0101s darb\u012bb\u0101s, br\u012bdina &#8220;Eiropols&#8221;.<\/p>\n<p>\u0145emot v\u0113r\u0101, ka izmekl\u0113\u0161anu veic V\u0101cijas ties\u012bbaizsardz\u012bbas iest\u0101des, Latvijas VP pla\u0161\u0101kus koment\u0101rus nesniedza.<\/p>\n<p>\t\t\t\t\t\tinfo<\/p>\n<p>Uzzini pirmais<br \/>kas interesants noticis Latvij\u0101 un pasaul\u0113,<br \/>pievienojoties mums <a href=\"https:\/\/t.me\/neatkariga\" rel=\"nofollow\">Telegram<\/a> vai <a href=\"https:\/\/whatsapp.com\/channel\/0029VaMLFUH5K3zLU5s4wm3y\" rel=\"nofollow noopener\" target=\"_blank\">Whatsapp<\/a> kan\u0101l\u0101<\/p>\n","protected":false},"excerpt":{"rendered":"Latvija tiesa noraid\u012bjusi Valsts policijas (VP) l\u016bgumu piem\u0113rot apcietin\u0101jumu biju\u0161ajam Fran\u010du \u0100rzemnieku le\u0123iona karav\u012bram, kur\u0161 tiek tur\u0113ts aizdom\u0101s&hellip;\n","protected":false},"author":2,"featured_media":49169,"comment_status":"","ping_status":"","sticky":false,"template":"","format":"standard","meta":{"footnotes":""},"categories":[14],"tags":[23,57,28,29,32,33,22,30,31,35,39,38,36,37,34,40,20,26,27,24,25,54,55,56,21,58],"class_list":{"0":"post-49168","1":"post","2":"type-post","3":"status-publish","4":"format-standard","5":"has-post-thumbnail","7":"category-zinas-no-arvalstim","8":"tag-aktualitates","9":"tag-arvalstim","10":"tag-breaking-news","11":"tag-breakingnews","12":"tag-featured-news","13":"tag-featurednews","14":"tag-headlines","15":"tag-latest-news","16":"tag-latestnews","17":"tag-latvia","18":"tag-latvian","19":"tag-latviesu","20":"tag-latviesu-valoda","21":"tag-latviesuvaloda","22":"tag-latvija","23":"tag-lv","24":"tag-news","25":"tag-popularakas-zinas","26":"tag-popularakaszinas","27":"tag-top-stories","28":"tag-topstories","29":"tag-world","30":"tag-world-news","31":"tag-worldnews","32":"tag-zinas","33":"tag-zinas-no-arvalstim"},"share_on_mastodon":{"url":"https:\/\/pubeurope.com\/@lv\/115548432849046572","error":""},"_links":{"self":[{"href":"https:\/\/www.europesays.com\/lv\/wp-json\/wp\/v2\/posts\/49168","targetHints":{"allow":["GET"]}}],"collection":[{"href":"https:\/\/www.europesays.com\/lv\/wp-json\/wp\/v2\/posts"}],"about":[{"href":"https:\/\/www.europesays.com\/lv\/wp-json\/wp\/v2\/types\/post"}],"author":[{"embeddable":true,"href":"https:\/\/www.europesays.com\/lv\/wp-json\/wp\/v2\/users\/2"}],"replies":[{"embeddable":true,"href":"https:\/\/www.europesays.com\/lv\/wp-json\/wp\/v2\/comments?post=49168"}],"version-history":[{"count":0,"href":"https:\/\/www.europesays.com\/lv\/wp-json\/wp\/v2\/posts\/49168\/revisions"}],"wp:featuredmedia":[{"embeddable":true,"href":"https:\/\/www.europesays.com\/lv\/wp-json\/wp\/v2\/media\/49169"}],"wp:attachment":[{"href":"https:\/\/www.europesays.com\/lv\/wp-json\/wp\/v2\/media?parent=49168"}],"wp:term":[{"taxonomy":"category","embeddable":true,"href":"https:\/\/www.europesays.com\/lv\/wp-json\/wp\/v2\/categories?post=49168"},{"taxonomy":"post_tag","embeddable":true,"href":"https:\/\/www.europesays.com\/lv\/wp-json\/wp\/v2\/tags?post=49168"}],"curies":[{"name":"wp","href":"https:\/\/api.w.org\/{rel}","templated":true}]}}