{"id":49187,"date":"2025-11-14T14:24:09","date_gmt":"2025-11-14T14:24:09","guid":{"rendered":"https:\/\/www.europesays.com\/lv\/49187\/"},"modified":"2025-11-14T14:24:09","modified_gmt":"2025-11-14T14:24:09","slug":"kristopana-meita-atklaj-ka-10-gadus-dzivojusi-vardarbigas-attiecibas","status":"publish","type":"post","link":"https:\/\/www.europesays.com\/lv\/49187\/","title":{"rendered":"Kri\u0161topana meita atkl\u0101j, ka 10 gadus dz\u012bvojusi vardarb\u012bg\u0101s attiec\u012bb\u0101s"},"content":{"rendered":"<p>Nikola intervij\u0101 atkl\u0101j, ka 22 gadu vecum\u0101 iem\u012bl\u0113jusies skolasbiedr\u0101, ar kuru pirmie m\u0113ne\u0161i attiec\u012bb\u0101s biju\u0161i intens\u012bvi un emocion\u0101li, ar to dom\u0101jot, ka t\u0101 ir \u012bsta m\u012blest\u012bba. Gadu v\u0113l\u0101k vi\u0146a piedz\u012bvojusi vardarb\u012bbu &#8220;vis\u0101s form\u0101s&#8221;.<\/p>\n<p>Abi tad \u0161\u0137\u012bru\u0161ies, tad sag\u0101ju\u0161i kop\u0101 un, p\u0113c Nikolas v\u0101rdiem, &#8220;bija sol\u012bjumi, atvaino\u0161an\u0101s, ziedi. Teksti, ka tas nekad vairs nenotiks&#8221;.<\/p>\n<p>Jaun\u0101 sieviete atkl\u0101j, ka k\u0101d\u0101 br\u012bd\u012b s\u0101kusi ierakst\u012bt str\u012bdus, kuros, k\u0101 raksta &#8220;Ir&#8221;,<\/p>\n<blockquote class=\"quote ck-widget\" contenteditable=\"false\">\n<p>&#8220;dzirdam\u0101s ska\u0146as izklaus\u0101s p\u0113c sitieniem un sp\u013c\u0101vieniem \u2014 v\u012brietis z\u0101k\u0101 sievieti, kura klusi \u0161\u0146ukst, lai vi\u0146\u0161 izbeidz\u2026&#8221;.<\/p>\n<\/blockquote>\n<p>Ierakstus veikusi k\u0101 pier\u0101d\u012bjumus gad\u012bjumam, &#8220;ja vi\u0146a neizdz\u012bvo&#8221;.<\/p>\n<p>L\u016bzuma punkts bijis ce\u013cojums uz Portug\u0101li un bildin\u0101jums, proti, l\u012bgavainis esot p\u0101rmetis, ka Nikola, svinot \u012bpa\u0161o notikumu, esot par daudz iedz\u0113rusi. P\u0113c Nikolas teikt\u0101, vi\u0146a esot tikusi izrakst\u012bta no viesn\u012bcas numura, palikusi bez mant\u0101m un atpaka\u013cce\u013ca bi\u013cetes.<\/p>\n<p>Nikola atz\u012bst, ka vi\u0146ai pal\u012bdz\u0113ju\u0161as draudzenes un v\u0113l\u0101k ar\u012b v\u0113r\u0161an\u0101s centr\u0101 &#8220;Marta&#8221;. Sarunas br\u012bd\u012b Nikola jau ir v\u0113rsusies Valsts policij\u0101.<\/p>\n<p>Nikolas biju\u0161ais partneris situ\u0101ciju nav koment\u0113jis. Savuk\u0101rt Nikolas t\u0113vs par meitas piedz\u012bvoto vardarb\u012bbu attiec\u012bb\u0101s \u017eurn\u0101lam koment\u0113:<\/p>\n<blockquote class=\"quote ck-widget\" contenteditable=\"false\">\n<p>&#8220;T\u0101 bija divu jaunie\u0161u priv\u0101ta dz\u012bve. (..) Es nekad nejaucos savu b\u0113rnu attiec\u012bb\u0101s. T\u0101 ir vi\u0146u dz\u012bve.&#8221;<\/p>\n<\/blockquote>\n<p>K\u0101 zin\u0101ms, Nikola ir Eiroparlamenta deput\u0101ta Vi\u013ca Kri\u0161topana meita un Saeimas deput\u0101ta Kristapa Kri\u0161topana m\u0101sa. Abu p\u0101rst\u0101v\u0113t\u0101 partija &#8220;Latvija pirmaj\u0101 viet\u0101&#8221; atbalst\u012bjusi Latvijas izst\u0101\u0161anos no Stambulas konvencijas.<\/p>\n<p>Vair\u0101k lasi \u017eurn\u0101la &#8220;Ir&#8221; 13. novembra numur\u0101!<\/p>\n","protected":false},"excerpt":{"rendered":"Nikola intervij\u0101 atkl\u0101j, ka 22 gadu vecum\u0101 iem\u012bl\u0113jusies skolasbiedr\u0101, ar kuru pirmie m\u0113ne\u0161i attiec\u012bb\u0101s biju\u0161i intens\u012bvi un emocion\u0101li,&hellip;\n","protected":false},"author":2,"featured_media":49188,"comment_status":"","ping_status":"","sticky":false,"template":"","format":"standard","meta":{"footnotes":""},"categories":[5],"tags":[23,28,29,2177,32,33,22,30,31,35,39,38,36,37,34,40,20,13448,26,27,2023,24,25,899,21,13449],"class_list":{"0":"post-49187","1":"post","2":"type-post","3":"status-publish","4":"format-standard","5":"has-post-thumbnail","7":"category-aktualitates","8":"tag-aktualitates","9":"tag-breaking-news","10":"tag-breakingnews","11":"tag-centrs-marta","12":"tag-featured-news","13":"tag-featurednews","14":"tag-headlines","15":"tag-latest-news","16":"tag-latestnews","17":"tag-latvia","18":"tag-latvian","19":"tag-latviesu","20":"tag-latviesu-valoda","21":"tag-latviesuvaloda","22":"tag-latvija","23":"tag-lv","24":"tag-news","25":"tag-nikola-kristopane","26":"tag-popularakas-zinas","27":"tag-popularakaszinas","28":"tag-stambulas-konvencija","29":"tag-top-stories","30":"tag-topstories","31":"tag-vardarbiba","32":"tag-zinas","33":"tag-zurnals-ir"},"share_on_mastodon":{"url":"https:\/\/pubeurope.com\/@lv\/115548511688935400","error":""},"_links":{"self":[{"href":"https:\/\/www.europesays.com\/lv\/wp-json\/wp\/v2\/posts\/49187","targetHints":{"allow":["GET"]}}],"collection":[{"href":"https:\/\/www.europesays.com\/lv\/wp-json\/wp\/v2\/posts"}],"about":[{"href":"https:\/\/www.europesays.com\/lv\/wp-json\/wp\/v2\/types\/post"}],"author":[{"embeddable":true,"href":"https:\/\/www.europesays.com\/lv\/wp-json\/wp\/v2\/users\/2"}],"replies":[{"embeddable":true,"href":"https:\/\/www.europesays.com\/lv\/wp-json\/wp\/v2\/comments?post=49187"}],"version-history":[{"count":0,"href":"https:\/\/www.europesays.com\/lv\/wp-json\/wp\/v2\/posts\/49187\/revisions"}],"wp:featuredmedia":[{"embeddable":true,"href":"https:\/\/www.europesays.com\/lv\/wp-json\/wp\/v2\/media\/49188"}],"wp:attachment":[{"href":"https:\/\/www.europesays.com\/lv\/wp-json\/wp\/v2\/media?parent=49187"}],"wp:term":[{"taxonomy":"category","embeddable":true,"href":"https:\/\/www.europesays.com\/lv\/wp-json\/wp\/v2\/categories?post=49187"},{"taxonomy":"post_tag","embeddable":true,"href":"https:\/\/www.europesays.com\/lv\/wp-json\/wp\/v2\/tags?post=49187"}],"curies":[{"name":"wp","href":"https:\/\/api.w.org\/{rel}","templated":true}]}}