{"id":49195,"date":"2025-11-14T14:30:12","date_gmt":"2025-11-14T14:30:12","guid":{"rendered":"https:\/\/www.europesays.com\/lv\/49195\/"},"modified":"2025-11-14T14:30:12","modified_gmt":"2025-11-14T14:30:12","slug":"meteorologs-toms-bricis-nosauc-dienu-kad-latvija-saksies-ziema","status":"publish","type":"post","link":"https:\/\/www.europesays.com\/lv\/49195\/","title":{"rendered":"meteorologs Toms Bricis nosauc dienu, kad Latvij\u0101 s\u0101ksies ziema"},"content":{"rendered":"<p><img loading=\"lazy\" decoding=\"async\" class=\"lazy lazy-hidden alignnone size-full wp-image-219199\" src=\"data:image\/gif;base64,R0lGODlhAQABAIAAAAAAAP\/\/\/yH5BAEAAAAALAAAAAABAAEAAAIBRAA7\" data-lazy-type=\"image\" data-lazy-src=\"https:\/\/www.europesays.com\/lv\/wp-content\/uploads\/2025\/11\/snow-2565566_1280.jpg\" alt=\"\" width=\"818\" height=\"545\" data-lazy- data-lazy-\/><\/p>\n<p>Meteorologs Toms Bricis ned\u0113\u013cas s\u0101kum\u0101 jau st\u0101st\u012bja par to, k\u0101di laika apst\u0101k\u013ci Latvij\u0101 b\u016bs sv\u0113tku br\u012bvdien\u0101s, tagad vi\u0146\u0161 n\u0101cis klaj\u0101 ar daudz prec\u012bz\u0101k\u0101m prognoz\u0113m. <\/p>\n<p>Sestdien un sv\u0113tdien nokri\u0161\u0146u b\u016bs sal\u012bdzino\u0161i maz, t\u0101p\u0113c notur\u012bga sniega sega v\u0113l neveidosies. Tom\u0113r atmosf\u0113ras apst\u0101k\u013ci main\u012bsies nakt\u012b uz pirmdienu, kad Latvijas austrumu da\u013c\u0101, \u012bpa\u0161i Latgales pus\u0113, b\u016bs snig\u0161ana un t\u0101 k\u013c\u016bs izteikt\u0101ka. Tur, kur snig\u0161ana b\u016bs ilgsto\u0161\u0101ka, zemi var p\u0101rkl\u0101t da\u017eu centimetru bieza, \u012bslaic\u012bga sniega k\u0101rta.<\/p>\n<p>Br\u012bvdienu gait\u0101 debesis bie\u017ei skaidrosies, jo \u012bpa\u0161i sestdien, kad teju vis\u0101 Latvijas teritorij\u0101 iesp\u0113jama pla\u0161a saulaina laika josla. Saule gan nesasild\u012bs, tom\u0113r pie\u0161\u0137irs dienai pat\u012bkamu gai\u0161umu, kas p\u0113d\u0113j\u0101s dien\u0101s mums tik \u013coti ir pietr\u016bcis.<\/p>\n<p><img loading=\"lazy\" decoding=\"async\" class=\"lazy lazy-hidden size-full wp-image-220614\" src=\"data:image\/gif;base64,R0lGODlhAQABAIAAAAAAAP\/\/\/yH5BAEAAAAALAAAAAABAAEAAAIBRAA7\" data-lazy-type=\"image\" data-lazy-src=\"https:\/\/www.europesays.com\/lv\/wp-content\/uploads\/2025\/11\/Ekranuznemums-2025-11-12-181457.jpg\" alt=\"\" width=\"818\" height=\"547\" data-lazy- data-lazy-\/>Foto \u2013 ekr\u0101nuz\u0146\u0113mums<\/p>\n<p>Minim\u0101l\u0101 gaisa temperat\u016bra br\u012bvdienu nakt\u012bs b\u016bs no -4 l\u012bdz +3 gr\u0101du robe\u017e\u0101s. Liel\u0101kaj\u0101 valsts da\u013c\u0101 nakt\u012bs vald\u012bs neliels sals, bet piekrast\u0113 daudzviet gaiss saglab\u0101sies nedaudz virs nulles. Savuk\u0101rt dienas vid\u016b termometra stabi\u0146\u0161 pak\u0101psies no 0 l\u012bdz +5 gr\u0101diem, bet viet\u0101m, piekrast\u0113, par k\u0101du gr\u0101du silt\u0101ks \u2013 no +6 l\u012bdz +7 gr\u0101diem.<\/p>\n<p>\n&#13;<br \/>\n&#13;<br \/>\n&#13;<br \/>\n&#13;<br \/>\nVIDEO: &#13;<br \/>\n &#13;<\/p>\n<p>Lasi v\u0113l:\u00a0<a style=\"color: #ff0000;\" href=\"https:\/\/dzentlmenis.lv\/4-zodiaka-zimes-lidz-2025-gada-beigam-gus-panakumus-beidzot-pienaks-tas-ko-vini-gaidija-tik-ilgi\/221081\/\" target=\"_blank\" rel=\"noopener nofollow\">4 Zodiaka z\u012bmes l\u012bdz 2025. gada beig\u0101m g\u016bs pan\u0101kumus: beidzot pien\u0101ks tas, ko vi\u0146i gaid\u012bja tik ilgi<\/a><\/p>\n<p>Pa\u0161reiz\u0113j\u0101s prognozes liecina, ka valsts sv\u0113tku dien\u0101 \u2014 18. novembr\u012b \u2014 liel\u0101 da\u013c\u0101 Latvijas iesp\u0113jams neliels sniegs vai slapj\u0161 sniegs. Sniegputenis gan nav gaid\u0101ms, ta\u010du daudzviet zeme vismaz uz br\u012bdi, visticam\u0101k, k\u013c\u016bt balta, radot ziem\u012bgu un pat svin\u012bgu noska\u0146u.<\/p>\n<p><img loading=\"lazy\" decoding=\"async\" class=\"lazy lazy-hidden alignnone size-full wp-image-213080\" src=\"data:image\/gif;base64,R0lGODlhAQABAIAAAAAAAP\/\/\/yH5BAEAAAAALAAAAAABAAEAAAIBRAA7\" data-lazy-type=\"image\" data-lazy-src=\"https:\/\/www.europesays.com\/lv\/wp-content\/uploads\/2025\/11\/snow-3916172_1280.jpg\" alt=\"\" width=\"818\" height=\"545\" data-lazy- data-lazy-\/><\/p>\n<p>Autovad\u012bt\u0101jiem j\u0101\u0146em v\u0113r\u0101, ka ce\u013ci daudzviet var k\u013c\u016bt slideni, \u012bpa\u0161i r\u012btos un vakaros, kad veidojas atkala vai sasalsto\u0161s mitrums, t\u0101p\u0113c ir p\u0113d\u0113jais br\u012bdis, lai s\u0101ktu dom\u0101t par ziemas riep\u0101m, it \u012bpa\u0161i, ja jums kaut kur t\u0101l\u0101k j\u0101dodas.<\/p>\n<p>Ar\u012b p\u0113c sv\u0113tku br\u012bvdien\u0101m laika apst\u0101k\u013ci iev\u0113rojami nemain\u012bsies \u2014 turpin\u0101sies v\u0113sums, nakt\u012bs bie\u017ei gaid\u0101ms neliels sals, un viet\u0101m, br\u012b\u017eiem, atkal snigs. Tas noz\u012bm\u0113, ka tuv\u0101kaj\u0101s dien\u0101s saglab\u0101sies ne tikai v\u0113la rudens, bet jau agras ziemas saj\u016bta. Ne tikai izskat\u0101, bet ar\u012b gaisa dzestrum\u0101.<\/p>\n","protected":false},"excerpt":{"rendered":"Meteorologs Toms Bricis ned\u0113\u013cas s\u0101kum\u0101 jau st\u0101st\u012bja par to, k\u0101di laika apst\u0101k\u013ci Latvij\u0101 b\u016bs sv\u0113tku br\u012bvdien\u0101s, tagad vi\u0146\u0161&hellip;\n","protected":false},"author":2,"featured_media":49196,"comment_status":"","ping_status":"","sticky":false,"template":"","format":"standard","meta":{"footnotes":""},"categories":[5],"tags":[23,28,29,32,33,22,152,396,30,31,35,39,38,36,37,34,40,20,26,27,1257,24,25,21],"class_list":{"0":"post-49195","1":"post","2":"type-post","3":"status-publish","4":"format-standard","5":"has-post-thumbnail","7":"category-aktualitates","8":"tag-aktualitates","9":"tag-breaking-news","10":"tag-breakingnews","11":"tag-featured-news","12":"tag-featurednews","13":"tag-headlines","14":"tag-laika-prognoze","15":"tag-laika-zinas","16":"tag-latest-news","17":"tag-latestnews","18":"tag-latvia","19":"tag-latvian","20":"tag-latviesu","21":"tag-latviesu-valoda","22":"tag-latviesuvaloda","23":"tag-latvija","24":"tag-lv","25":"tag-news","26":"tag-popularakas-zinas","27":"tag-popularakaszinas","28":"tag-toms-bricis","29":"tag-top-stories","30":"tag-topstories","31":"tag-zinas"},"share_on_mastodon":{"url":"https:\/\/pubeurope.com\/@lv\/115548535202477275","error":""},"_links":{"self":[{"href":"https:\/\/www.europesays.com\/lv\/wp-json\/wp\/v2\/posts\/49195","targetHints":{"allow":["GET"]}}],"collection":[{"href":"https:\/\/www.europesays.com\/lv\/wp-json\/wp\/v2\/posts"}],"about":[{"href":"https:\/\/www.europesays.com\/lv\/wp-json\/wp\/v2\/types\/post"}],"author":[{"embeddable":true,"href":"https:\/\/www.europesays.com\/lv\/wp-json\/wp\/v2\/users\/2"}],"replies":[{"embeddable":true,"href":"https:\/\/www.europesays.com\/lv\/wp-json\/wp\/v2\/comments?post=49195"}],"version-history":[{"count":0,"href":"https:\/\/www.europesays.com\/lv\/wp-json\/wp\/v2\/posts\/49195\/revisions"}],"wp:featuredmedia":[{"embeddable":true,"href":"https:\/\/www.europesays.com\/lv\/wp-json\/wp\/v2\/media\/49196"}],"wp:attachment":[{"href":"https:\/\/www.europesays.com\/lv\/wp-json\/wp\/v2\/media?parent=49195"}],"wp:term":[{"taxonomy":"category","embeddable":true,"href":"https:\/\/www.europesays.com\/lv\/wp-json\/wp\/v2\/categories?post=49195"},{"taxonomy":"post_tag","embeddable":true,"href":"https:\/\/www.europesays.com\/lv\/wp-json\/wp\/v2\/tags?post=49195"}],"curies":[{"name":"wp","href":"https:\/\/api.w.org\/{rel}","templated":true}]}}