{"id":49220,"date":"2025-11-14T14:50:09","date_gmt":"2025-11-14T14:50:09","guid":{"rendered":"https:\/\/www.europesays.com\/lv\/49220\/"},"modified":"2025-11-14T14:50:09","modified_gmt":"2025-11-14T14:50:09","slug":"ronaldu-pec-sarkanas-kartites-draud-diskvalifikacija-pasaules-kausa-finalturnira-spele","status":"publish","type":"post","link":"https:\/\/www.europesays.com\/lv\/49220\/","title":{"rendered":"Ronaldu p\u0113c sarkan\u0101s kart\u012btes draud diskvalifik\u0101cija Pasaules kausa fin\u0101lturn\u012bra sp\u0113l\u0113"},"content":{"rendered":"<p>Ja Portug\u0101le kvalific\u0113sies 2026. gada Pasaules kausa fin\u0101lturn\u012bram, portug\u0101\u013cu futbolistam Kri\u0161tianu Ronaldu p\u0113c sarkan\u0101s kart\u012btes par sitienu ar elkoni \u012arijas aizsargam Daram O&#8217;\u0160ejam ceturtdien Pasaules kausa kvalifik\u0101cijas turn\u012bra sp\u0113l\u0113 Dublin\u0101 draud diskvalifik\u0101cija fin\u0101lturn\u012bra pirmaj\u0101 sp\u0113l\u0113.<\/p>\n<p>Jau zi\u0146ots, ka \u012arija ar 2:0 uzvar\u0113ja Portug\u0101li, divus v\u0101rtus g\u016bstot Trojam Parotam, bet Ronaldu 61. min\u016bt\u0113 tika noraid\u012bts no laukuma.<\/p>\n<p>Ronaldu pagriez\u0101s un ar labo elkoni iesita O&#8217;\u0160ejam pa muguru.<\/p>\n<p>Tiesnesis pie\u0161\u0137\u012bra dzelteno kart\u012bti, bet p\u0113c videoatk\u0101rtojuma noskat\u012b\u0161an\u0101s da\u017eas min\u016btes v\u0113l\u0101k to nomain\u012bja pret sarkano kart\u012bti.<\/p>\n<p>Ronaldu p\u0113c sarkan\u0101s kart\u012btes nedr\u012bkst\u0113s sp\u0113l\u0113t sv\u0113tdien Portug\u0101les izlases ma\u010d\u0101 sav\u0101 laukum\u0101 ar Arm\u0113niju, bet Starptautisk\u0101s Futbola feder\u0101ciju asoci\u0101cijas (FIFA) disciplin\u0101rie noteikumi paredz, ka tiesne\u0161iem &#8220;par smagu noteikumu p\u0101rk\u0101pumu ir j\u0101piem\u0113ro diskvalifik\u0101cija vismaz divu sp\u0113\u013cu apm\u0113r\u0101&#8221;.<\/p>\n<p>Diskvalifik\u0101cijai j\u0101b\u016bt &#8220;vismaz tr\u012bs sp\u0113\u013cu apm\u0113r\u0101 par vardarb\u012bgu uzved\u012bbu&#8221; vai ar\u012b &#8220;vismaz tr\u012bs sp\u0113\u013cu apm\u0113r\u0101 vai tam atbilsto\u0161\u0101 laika period\u0101 par uzbrukumu, tai skait\u0101 par sitienu ar elkoni&#8221;.<\/p>\n<p>FIFA diskvalifik\u0101cija neattiecas uz p\u0101rbaudes sp\u0113l\u0113m.<\/p>\n<p>Portug\u0101lei piec\u0101s sp\u0113l\u0113s F grup\u0101 ir desmit punkti, Ung\u0101rijai &#8211; asto\u0146i punkti, \u012arijai &#8211; septi\u0146i, bet Arm\u0113nijai &#8211; tr\u012bs punkti.<\/p>\n<p>Ronaldu, kur\u0161 febru\u0101r\u012b k\u013c\u016bs 41 gadu vecs, v\u0113las sp\u0113l\u0113t sav\u0101 sestaj\u0101 Pasaules kausa turn\u012br\u0101.<\/p>\n<p>Turn\u012bra izloze notiks 5. decembr\u012b Va\u0161ington\u0101.<\/p>\n<p>Pasaules kausa fin\u0101lturn\u012brs Kan\u0101d\u0101, Meksik\u0101 un ASV norisin\u0101sies 2026. gada j\u016bnij\u0101 un j\u016blij\u0101.<\/p>\n<p><img decoding=\"async\" src=\"https:\/\/www.europesays.com\/lv\/wp-content\/uploads\/2025\/11\/26360aac6321c5e517a0a62879c6a245.jpg\" title=\"Ronaldu p\u0113c sarkan\u0101s kart\u012btes sa\u0146em\u0161anas. Foto: scanpix\/AP Photo\/Peter Morrison)\" alt=\"Ronaldu p\u0113c sarkan\u0101s kart\u012btes sa\u0146em\u0161anas. Foto: scanpix\/AP Photo\/Peter Morrison)\"\/><\/p>\n<p class=\"article-img-desc\">Ronaldu p\u0113c sarkan\u0101s kart\u012btes sa\u0146em\u0161anas. Foto: scanpix\/AP Photo\/Peter Morrison)<\/p>\n","protected":false},"excerpt":{"rendered":"Ja Portug\u0101le kvalific\u0113sies 2026. gada Pasaules kausa fin\u0101lturn\u012bram, portug\u0101\u013cu futbolistam Kri\u0161tianu Ronaldu p\u0113c sarkan\u0101s kart\u012btes par sitienu ar&hellip;\n","protected":false},"author":2,"featured_media":49221,"comment_status":"","ping_status":"","sticky":false,"template":"","format":"standard","meta":{"footnotes":""},"categories":[17],"tags":[129,2064,126,35,39,38,36,37,34,40,2459,127,67,2460,128],"class_list":{"0":"post-49220","1":"post","2":"type-post","3":"status-publish","4":"format-standard","5":"has-post-thumbnail","7":"category-sports","8":"tag-__typenameadvicekeyword","9":"tag-id381","10":"tag-id770","11":"tag-latvia","12":"tag-latvian","13":"tag-latviesu","14":"tag-latviesu-valoda","15":"tag-latviesuvaloda","16":"tag-latvija","17":"tag-lv","18":"tag-slugfutbols","19":"tag-slugsports","20":"tag-sports","21":"tag-titlefutbols","22":"tag-titlesports"},"share_on_mastodon":{"url":"https:\/\/pubeurope.com\/@lv\/115548613908694876","error":""},"_links":{"self":[{"href":"https:\/\/www.europesays.com\/lv\/wp-json\/wp\/v2\/posts\/49220","targetHints":{"allow":["GET"]}}],"collection":[{"href":"https:\/\/www.europesays.com\/lv\/wp-json\/wp\/v2\/posts"}],"about":[{"href":"https:\/\/www.europesays.com\/lv\/wp-json\/wp\/v2\/types\/post"}],"author":[{"embeddable":true,"href":"https:\/\/www.europesays.com\/lv\/wp-json\/wp\/v2\/users\/2"}],"replies":[{"embeddable":true,"href":"https:\/\/www.europesays.com\/lv\/wp-json\/wp\/v2\/comments?post=49220"}],"version-history":[{"count":0,"href":"https:\/\/www.europesays.com\/lv\/wp-json\/wp\/v2\/posts\/49220\/revisions"}],"wp:featuredmedia":[{"embeddable":true,"href":"https:\/\/www.europesays.com\/lv\/wp-json\/wp\/v2\/media\/49221"}],"wp:attachment":[{"href":"https:\/\/www.europesays.com\/lv\/wp-json\/wp\/v2\/media?parent=49220"}],"wp:term":[{"taxonomy":"category","embeddable":true,"href":"https:\/\/www.europesays.com\/lv\/wp-json\/wp\/v2\/categories?post=49220"},{"taxonomy":"post_tag","embeddable":true,"href":"https:\/\/www.europesays.com\/lv\/wp-json\/wp\/v2\/tags?post=49220"}],"curies":[{"name":"wp","href":"https:\/\/api.w.org\/{rel}","templated":true}]}}