{"id":49224,"date":"2025-11-14T14:56:08","date_gmt":"2025-11-14T14:56:08","guid":{"rendered":"https:\/\/www.europesays.com\/lv\/49224\/"},"modified":"2025-11-14T14:56:08","modified_gmt":"2025-11-14T14:56:08","slug":"graudina-samoilova-un-plavins-fokerots-saks-pasaules-cempionatu","status":"publish","type":"post","link":"https:\/\/www.europesays.com\/lv\/49224\/","title":{"rendered":"Graudi\u0146a\/Samoilova un P\u013cavi\u0146\u0161\/Fokerots s\u0101ks pasaules \u010dempion\u0101tu"},"content":{"rendered":"<p>P\u013cavi\u0146am \u0161is ir jau astotais pasaules \u010dempion\u0101ts. Visaugst\u0101k P\u013cavi\u0146\u0161 p\u0101r\u012b ar J\u0101ni \u0160m\u0113di\u0146u tika 2011. gad\u0101 Rom\u0101, izc\u012bnot ceturto vietu, bet p\u0101r\u012b ar Edgaru To\u010du 2019. gad\u0101 Hamburg\u0101 tika ie\u0146emta dal\u012bta dev\u012bt\u0101 vieta. Pasaules \u010dempion\u0101tos P\u013cavi\u0146\u0161 ir start\u0113jis ar\u012b ar Aleksandru Samoilovu, Lauri Iecelnieku, J\u0101ni P\u0113du un Haraldu Reg\u017eu.<\/p>\n<p>Fokerotam \u0161is ir pirmais starts pasaules meistarsac\u012bkst\u0113s.<\/p>\n<p>Sacens\u012bb\u0101s gan v\u012brie\u0161iem, gan sieviet\u0113m piedal\u0101s 48 komandas, kas ir sadal\u012btas grup\u0101s pa \u010detr\u0101m komand\u0101m.<\/p>\n<p>Katras grupas divas lab\u0101k\u0101s vien\u012bbas, k\u0101 ar\u012b \u010detras lab\u0101k\u0101s tre\u0161o vietu ie\u0146\u0113m\u0113jas uzreiz iek\u013c\u016bs izsl\u0113g\u0161anas c\u012b\u0146\u0101s. P\u0101r\u0113jie asto\u0146i tre\u0161o vietu ie\u0146\u0113mu\u0161ie dueti \u010detros p\u0101ros vien\u0101 &#8220;play-off&#8221; c\u012b\u0146\u0101 noskaidros p\u0113d\u0113jos \u010detrus izsl\u0113g\u0161anas sp\u0113\u013cu dal\u012bbniekus. P\u0113c tam sacens\u012bbas turpin\u0101sies p\u0113c olimpisk\u0101s sist\u0113mas.<\/p>\n<p>Sacens\u012bbas Adelaid\u0113 beigsies 23. novembr\u012b.<\/p>\n","protected":false},"excerpt":{"rendered":"P\u013cavi\u0146am \u0161is ir jau astotais pasaules \u010dempion\u0101ts. Visaugst\u0101k P\u013cavi\u0146\u0161 p\u0101r\u012b ar J\u0101ni \u0160m\u0113di\u0146u tika 2011. gad\u0101 Rom\u0101, izc\u012bnot&hellip;\n","protected":false},"author":2,"featured_media":49225,"comment_status":"","ping_status":"","sticky":false,"template":"","format":"standard","meta":{"footnotes":""},"categories":[17],"tags":[566,2477,35,39,38,36,37,34,40,2831,564,67,565],"class_list":{"0":"post-49224","1":"post","2":"type-post","3":"status-publish","4":"format-standard","5":"has-post-thumbnail","7":"category-sports","8":"tag-anastasija-samoilova","9":"tag-kristians-fokerots","10":"tag-latvia","11":"tag-latvian","12":"tag-latviesu","13":"tag-latviesu-valoda","14":"tag-latviesuvaloda","15":"tag-latvija","16":"tag-lv","17":"tag-martins-plavins","18":"tag-pludmales-volejbols","19":"tag-sports","20":"tag-tina-graudina"},"share_on_mastodon":{"url":"https:\/\/pubeurope.com\/@lv\/115548637602664940","error":""},"_links":{"self":[{"href":"https:\/\/www.europesays.com\/lv\/wp-json\/wp\/v2\/posts\/49224","targetHints":{"allow":["GET"]}}],"collection":[{"href":"https:\/\/www.europesays.com\/lv\/wp-json\/wp\/v2\/posts"}],"about":[{"href":"https:\/\/www.europesays.com\/lv\/wp-json\/wp\/v2\/types\/post"}],"author":[{"embeddable":true,"href":"https:\/\/www.europesays.com\/lv\/wp-json\/wp\/v2\/users\/2"}],"replies":[{"embeddable":true,"href":"https:\/\/www.europesays.com\/lv\/wp-json\/wp\/v2\/comments?post=49224"}],"version-history":[{"count":0,"href":"https:\/\/www.europesays.com\/lv\/wp-json\/wp\/v2\/posts\/49224\/revisions"}],"wp:featuredmedia":[{"embeddable":true,"href":"https:\/\/www.europesays.com\/lv\/wp-json\/wp\/v2\/media\/49225"}],"wp:attachment":[{"href":"https:\/\/www.europesays.com\/lv\/wp-json\/wp\/v2\/media?parent=49224"}],"wp:term":[{"taxonomy":"category","embeddable":true,"href":"https:\/\/www.europesays.com\/lv\/wp-json\/wp\/v2\/categories?post=49224"},{"taxonomy":"post_tag","embeddable":true,"href":"https:\/\/www.europesays.com\/lv\/wp-json\/wp\/v2\/tags?post=49224"}],"curies":[{"name":"wp","href":"https:\/\/api.w.org\/{rel}","templated":true}]}}