{"id":49228,"date":"2025-11-14T15:02:14","date_gmt":"2025-11-14T15:02:14","guid":{"rendered":"https:\/\/www.europesays.com\/lv\/49228\/"},"modified":"2025-11-14T15:02:14","modified_gmt":"2025-11-14T15:02:14","slug":"nopietni-apdraudeta-seska-komandas-biedra-wrc-karjera","status":"publish","type":"post","link":"https:\/\/www.europesays.com\/lv\/49228\/","title":{"rendered":"Nopietni apdraud\u0113ta Seska komandas biedra WRC karjera"},"content":{"rendered":"<p>Nopietni apdraud\u0113ta latvie\u0161u pilota M\u0101rti\u0146a Seska komandas biedra Gregu\u0101ra Munstera n\u0101kotne pasaules autorallija \u010dempion\u0101t\u0101 (<a rel=\"noopener nofollow\" target=\"_blank\" href=\"https:\/\/www.delfi.lv\/temas\/37573835\/wrc\" tag-id=\"37573835\">WRC<\/a>), jo Luksemburgas sportists zaud\u0113jis savu galveno sponsoru.<\/p>\n<p>Munsteram \u0161is ir otrais gads, kad vi\u0146\u0161 aizvada pilnu WRC sezonu, to darot &#8220;<a rel=\"noopener nofollow\" target=\"_blank\" href=\"https:\/\/www.delfi.lv\/temas\/42973716\/m-sport\" tag-id=\"42973716\">M-Sport<\/a> Ford&#8221; komand\u0101. Tiesa, 26 gadus vecais pilots rallija karjeras att\u012bst\u012bbu piedz\u012bvojis, liel\u0101 m\u0113r\u0101 pateicoties saviem atbalst\u012bt\u0101jiem \u2013 l\u012bdz \u0161im vi\u0146u nopietni finans\u0113jis grie\u0137u uz\u0146\u0113m\u0113js Hordans Serderidis, kur\u0161 dz\u012bvo Be\u013c\u0123ij\u0101. Nu medijs &#8220;Ralliy.fi&#8221; zi\u0146o, ka biznesmenis vairs neatbalst\u012bs Luksemburgas brauc\u0113ju.<\/p>\n<p>&#8220;Run\u0101ju ar visiem \u2013 augst\u0101kaj\u0101 klas\u0113 t\u0101s ir &#8220;M-Sport&#8221; un &#8220;Hyundai&#8221; komandas, t\u0101pat sarunas ir ar WRC2 vien\u012bb\u0101m,&#8221; piebilst brauc\u0113js. Vi\u0146\u0161 galveno akcentu v\u0113r\u0161 uz 2027. gadu, kad WRC augst\u0101kaj\u0101 klas\u0113 start\u0113s ar cit\u0101m automa\u0161\u012bn\u0101m, ne &#8220;Rally1&#8221;, k\u0101 tas b\u016bs v\u0113l n\u0101kamgad. P\u0113c n\u0101kam\u0101s sezonas WRC ma\u0161\u012bnas b\u016bs balst\u012btas uz &#8220;Rally2&#8221; tehnolo\u0123iju.<\/p>\n<p class=\"m-0\">Seko &#8220;Delfi&#8221; ar\u012b  <a target=\"_blank\" href=\"https:\/\/www.instagram.com\/delfi.lv\/\" rel=\"nofollow noopener\">Instagram<\/a>  un <a target=\"_blank\" href=\"https:\/\/www.youtube.com\/channel\/UCw5foWtcJvAbUm64rv7jwUQ\" rel=\"nofollow noopener\">YouTube<\/a>  profil\u0101 \u2013 pievienojies, lai uzzin\u0101tu svar\u012bg\u0101ko un interesant\u0101ko pirmais!<\/p>\n<p>Publik\u0101cijas saturs vai t\u0101s jebk\u0101da apjoma da\u013ca ir aizsarg\u0101ts autorties\u012bbu objekts Autorties\u012bbu likuma izpratn\u0113, un t\u0101 izmanto\u0161ana bez izdev\u0113ja at\u013caujas ir aizliegta. Vair\u0101k lasi  <a target=\"_blank\" href=\"https:\/\/www.delfi.lv\/noteikumi#autortiesibas\" rel=\"nofollow noopener\">\u0161eit<\/a><script async src=\"\/\/www.instagram.com\/embed.js\"><\/script><\/p>\n","protected":false},"excerpt":{"rendered":"Nopietni apdraud\u0113ta latvie\u0161u pilota M\u0101rti\u0146a Seska komandas biedra Gregu\u0101ra Munstera n\u0101kotne pasaules autorallija \u010dempion\u0101t\u0101 (WRC), jo Luksemburgas sportists&hellip;\n","protected":false},"author":2,"featured_media":49229,"comment_status":"","ping_status":"","sticky":false,"template":"","format":"standard","meta":{"footnotes":""},"categories":[17],"tags":[35,39,38,36,37,34,40,13456,282,67,5675],"class_list":{"0":"post-49228","1":"post","2":"type-post","3":"status-publish","4":"format-standard","5":"has-post-thumbnail","7":"category-sports","8":"tag-latvia","9":"tag-latvian","10":"tag-latviesu","11":"tag-latviesu-valoda","12":"tag-latviesuvaloda","13":"tag-latvija","14":"tag-lv","15":"tag-m-sport","16":"tag-martins-sesks","17":"tag-sports","18":"tag-wrc"},"share_on_mastodon":{"url":"https:\/\/pubeurope.com\/@lv\/115548661050577338","error":""},"_links":{"self":[{"href":"https:\/\/www.europesays.com\/lv\/wp-json\/wp\/v2\/posts\/49228","targetHints":{"allow":["GET"]}}],"collection":[{"href":"https:\/\/www.europesays.com\/lv\/wp-json\/wp\/v2\/posts"}],"about":[{"href":"https:\/\/www.europesays.com\/lv\/wp-json\/wp\/v2\/types\/post"}],"author":[{"embeddable":true,"href":"https:\/\/www.europesays.com\/lv\/wp-json\/wp\/v2\/users\/2"}],"replies":[{"embeddable":true,"href":"https:\/\/www.europesays.com\/lv\/wp-json\/wp\/v2\/comments?post=49228"}],"version-history":[{"count":0,"href":"https:\/\/www.europesays.com\/lv\/wp-json\/wp\/v2\/posts\/49228\/revisions"}],"wp:featuredmedia":[{"embeddable":true,"href":"https:\/\/www.europesays.com\/lv\/wp-json\/wp\/v2\/media\/49229"}],"wp:attachment":[{"href":"https:\/\/www.europesays.com\/lv\/wp-json\/wp\/v2\/media?parent=49228"}],"wp:term":[{"taxonomy":"category","embeddable":true,"href":"https:\/\/www.europesays.com\/lv\/wp-json\/wp\/v2\/categories?post=49228"},{"taxonomy":"post_tag","embeddable":true,"href":"https:\/\/www.europesays.com\/lv\/wp-json\/wp\/v2\/tags?post=49228"}],"curies":[{"name":"wp","href":"https:\/\/api.w.org\/{rel}","templated":true}]}}