{"id":49230,"date":"2025-11-14T15:03:07","date_gmt":"2025-11-14T15:03:07","guid":{"rendered":"https:\/\/www.europesays.com\/lv\/49230\/"},"modified":"2025-11-14T15:03:07","modified_gmt":"2025-11-14T15:03:07","slug":"460-zs-35s-lidz-100-km-h-un-580-km-nobraukums-no-e62-tukstosiem-lente-lv","status":"publish","type":"post","link":"https:\/\/www.europesays.com\/lv\/49230\/","title":{"rendered":"460 ZS, 3,5s l\u012bdz 100 km\/h un 580 km nobraukums no \u20ac62 t\u016bksto\u0161iem\u00a0\u2014\u00a0Lente.lv"},"content":{"rendered":"<p>Tesla Model Y Performance \u2013 Sp\u0113ka un Stila Jaunais V\u0113stnesis Eirop\u0101<\/p>\n<p>Tesla ir izzi\u0146ojusi ilgi gaid\u012bt\u0101s Model Y Performance modifik\u0101cijas pieejam\u012bbu Eiropas tirg\u016b, radot aizraujo\u0161u a\u017eiot\u0101\u017eu auto entuziastu vid\u016b. Pirm\u0101s pieg\u0101des pl\u0101nots uzs\u0101kt jau septembr\u012b, un jaunais sportiskais krosovers sola iespaid\u012bgu dinamiku un uzlabotu brauk\u0161anas pieredzi, vienlaikus saglab\u0101jot augstu efektivit\u0101ti.<\/p>\n<p>Tehniskie Inov\u0101cijas un Iespaid\u012bg\u0101 Dinamika<\/p>\n<p>Galvenais jaun\u0101s Model Y Performance versijas trumpis ir t\u0101s iespaid\u012bg\u0101 jauda un pa\u0101trin\u0101jums. Ar jaud\u012bgu 460 zirgsp\u0113ku agreg\u0101tu, \u0161is elektriskais krosovers sp\u0113j sasniegt 100 km\/h tikai 3,5 sekun\u017eu laik\u0101 (vai 3,3 sekund\u0113s l\u012bdz 60 j\u016bd\u017eu stund\u0101). Sal\u012bdzin\u0101jumam, standarta Model Y versijai \u0161is pa\u0101trin\u0101jums prasa 4,8 sekundes, t\u0101d\u0113\u013c Performance versijas sniegums ir patie\u0161\u0101m iev\u0113rojams un j\u016btams. Tas ir solis tuv\u0101k sac\u012bk\u0161u automobi\u013cu saj\u016bt\u0101m SUV form\u0101t\u0101.<\/p>\n<p>Darb\u012bbas R\u0101diuss un Uzl\u0101des Iesp\u0113jas<\/p>\n<p>Lai gan dinamika ir uzlabota, Tesla nav pie\u013c\u0101vusi kompromisus attiec\u012bb\u0101 uz darb\u012bbas r\u0101diusu. Model Y Performance joproj\u0101m sp\u0113j veikt iespaid\u012bgus 580 kilometrus p\u0113c WLTP cikla, padarot to par praktisku izv\u0113li ikdienas gait\u0101m un gar\u0101kiem p\u0101rbraucieniem. \u0100tr\u0101s uzl\u0101des iesp\u0113jas ir ar\u012b uzlabotas \u2013 vien 15 min\u016b\u0161u laik\u0101 iesp\u0113jams papildin\u0101t kr\u0101jumus par 243 kilometriem brauk\u0161anas. Lai gan prec\u012bza akumulatora ietilp\u012bba netiek atkl\u0101ta, Tesla nor\u0101da, ka tiek izmantoti jauni, augstsprieguma akumulatoru elementi, kas veicina gan jaudu, gan efektivit\u0101ti.<\/p>\n<p>Uzlabota Vad\u0101m\u012bba un Komforts<\/p>\n<p>Performance versija izce\u013cas ar\u012b ar piln\u012bb\u0101 moderniz\u0113tu piekares sist\u0113mu, kas apr\u012bkota ar elektroniski vad\u0101miem amortizatoriem. \u0160\u0101da sist\u0113ma, kas iepriek\u0161 debit\u0113ja Model Y L model\u012b un sa\u0146\u0113ma pozit\u012bvas atsauksmes par izcilo vad\u0101m\u012bbu pat piln\u0101 noslogojum\u0101, nodro\u0161ina prec\u012bz\u0101ku un atsauc\u012bg\u0101ku auto vad\u012bbu. Turkl\u0101t, jaunais &#8220;Stability Assist Mode&#8221; pied\u0101v\u0101 autovad\u012bt\u0101jam tr\u012bs re\u017e\u012bmus \u2013 &#8220;Standard&#8221;, &#8220;Reduced&#8221; un &#8220;Off&#8221; \u2013 kas \u013cauj piel\u0101got vilci un stabilit\u0101ti atbilsto\u0161i brauk\u0161anas stilam un ce\u013ca apst\u0101k\u013ciem. Tas sniedz papildu kontroli un dro\u0161\u012bbas saj\u016btu.<\/p>\n<p>Dizaina Akcenti un Interjera Izsmalcin\u0101t\u012bba<\/p>\n<p>\u0100r\u0113ji Model Y Performance atpaz\u012bstams p\u0113c jauniem 21 collu &#8220;Arachnid 2.0&#8221; diskiem un agres\u012bv\u0101ka dizaina priek\u0161\u0113j\u0101 un aizmugur\u0113j\u0101 bampera p\u0101rb\u016bves. Salon\u0101 debit\u0113 \u012bpa\u0161i &#8220;Performance&#8221; embl\u0113mas, kas atg\u0101dina par Tesla &#8220;Plaid&#8221; s\u0113riju. Centr\u0101lais displejs ir palielin\u0101ts no 15,4 l\u012bdz 16 coll\u0101m un tam ir uzlabota iz\u0161\u0137irtsp\u0113ja, nodro\u0161inot v\u0113l pat\u012bkam\u0101ku lietot\u0101ja pieredzi. Priek\u0161\u0113jie s\u0113dek\u013ci tagad pied\u0101v\u0101 regul\u0113jamu gurnu atbalstu, kas \u012bpa\u0161i nov\u0113rt\u0113s gar\u0101ka auguma vad\u012bt\u0101ji.<\/p>\n<p>Cenu Politika un Tirgus Pozicion\u0113jums<\/p>\n<p>Tesla Model Y Performance Eirop\u0101 b\u016bs pieejama, s\u0101kot no 62 000 eiro. Gal\u012bg\u0101 cena var at\u0161\u0137irties atkar\u012bb\u0101 no konkr\u0113t\u0101s valsts, ta\u010du tendence saglab\u0101sies \u0161aj\u0101 cenu diapazon\u0101. Tesla jau ir atv\u0113rusi tie\u0161saistes konfiguratoru, \u013caujot potenci\u0101lajiem pirc\u0113jiem p\u0101rbaud\u012bt pieejam\u012bbu un prec\u012bzas cenas savos re\u0123ionos. Sagaid\u0101ms, ka \u0161\u012b jaun\u0101 modifik\u0101cija k\u013c\u016bs par sp\u0113c\u012bgu sp\u0113l\u0113t\u0101ju dinamisko elektrisko krosoveru segment\u0101, apliecinot Tesla sp\u0113ju rad\u012bt automobi\u013cus, kas apvieno sportisku veiktsp\u0113ju, praktiskumu un iespaid\u012bgu dizainu.<\/p>\n","protected":false},"excerpt":{"rendered":"Tesla Model Y Performance \u2013 Sp\u0113ka un Stila Jaunais V\u0113stnesis Eirop\u0101 Tesla ir izzi\u0146ojusi ilgi gaid\u012bt\u0101s Model Y&hellip;\n","protected":false},"author":2,"featured_media":49231,"comment_status":"","ping_status":"","sticky":false,"template":"","format":"standard","meta":{"footnotes":""},"categories":[16],"tags":[3234,77,76,13350,3394,6771,35,39,38,36,37,34,40,13457],"class_list":{"0":"post-49230","1":"post","2":"type-post","3":"status-publish","4":"format-standard","5":"has-post-thumbnail","7":"category-bizness","8":"tag-auto-zinas","9":"tag-bizness","10":"tag-business","11":"tag-elektriskais-krosovers","12":"tag-ev","13":"tag-jauda","14":"tag-latvia","15":"tag-latvian","16":"tag-latviesu","17":"tag-latviesu-valoda","18":"tag-latviesuvaloda","19":"tag-latvija","20":"tag-lv","21":"tag-tesla-model-y-performance"},"share_on_mastodon":{"url":"https:\/\/pubeurope.com\/@lv\/115548664821194845","error":""},"_links":{"self":[{"href":"https:\/\/www.europesays.com\/lv\/wp-json\/wp\/v2\/posts\/49230","targetHints":{"allow":["GET"]}}],"collection":[{"href":"https:\/\/www.europesays.com\/lv\/wp-json\/wp\/v2\/posts"}],"about":[{"href":"https:\/\/www.europesays.com\/lv\/wp-json\/wp\/v2\/types\/post"}],"author":[{"embeddable":true,"href":"https:\/\/www.europesays.com\/lv\/wp-json\/wp\/v2\/users\/2"}],"replies":[{"embeddable":true,"href":"https:\/\/www.europesays.com\/lv\/wp-json\/wp\/v2\/comments?post=49230"}],"version-history":[{"count":0,"href":"https:\/\/www.europesays.com\/lv\/wp-json\/wp\/v2\/posts\/49230\/revisions"}],"wp:featuredmedia":[{"embeddable":true,"href":"https:\/\/www.europesays.com\/lv\/wp-json\/wp\/v2\/media\/49231"}],"wp:attachment":[{"href":"https:\/\/www.europesays.com\/lv\/wp-json\/wp\/v2\/media?parent=49230"}],"wp:term":[{"taxonomy":"category","embeddable":true,"href":"https:\/\/www.europesays.com\/lv\/wp-json\/wp\/v2\/categories?post=49230"},{"taxonomy":"post_tag","embeddable":true,"href":"https:\/\/www.europesays.com\/lv\/wp-json\/wp\/v2\/tags?post=49230"}],"curies":[{"name":"wp","href":"https:\/\/api.w.org\/{rel}","templated":true}]}}