{"id":49234,"date":"2025-11-14T15:08:14","date_gmt":"2025-11-14T15:08:14","guid":{"rendered":"https:\/\/www.europesays.com\/lv\/49234\/"},"modified":"2025-11-14T15:08:14","modified_gmt":"2025-11-14T15:08:14","slug":"kubulins-nosledz-jaunu-ligumu-ar-jk-yamaha-un-parcelas-uz-emx250-klasi-motoru-sports-sportacentrs-com","status":"publish","type":"post","link":"https:\/\/www.europesays.com\/lv\/49234\/","title":{"rendered":"Kubuli\u0146\u0161 nosl\u0113dz jaunu l\u012bgumu ar &#8220;JK Yamaha&#8221; un p\u0101rce\u013cas uz EMX250 klasi \u2013 Motoru sports \u2013 Sportacentrs.com"},"content":{"rendered":"<p>Jaunais Latvijas motokrosa talants \u0161ogad aizvad\u012bja iespaid\u012bgu sezonu EMX125 klas\u0113, kur ar\u012b guva uzvaru vien\u0101 braucien\u0101, se\u0161as reizes iek\u013cuva pirmaj\u0101 trijniek\u0101, bet kopv\u0113rt\u0113jum\u0101 ie\u0146\u0113ma sesto vietu, pavisam nedaudz atpaliekot no priek\u0161\u0101 eso\u0161ajiem sportistiem.<\/p>\n<p>Augusta otraj\u0101 pus\u0113 Kubuli\u0146\u0161 ar\u012b debit\u0113ja EMX250 klas\u0113, aizvadot posmu Arnhem\u0101, kur dzi\u013caj\u0101s smilt\u012bs p\u0101rsteidza ar \u013coti p\u0101rliecino\u0161u sniegumu un brauk\u0161anu l\u012bderu temp\u0101. Braucienos izdev\u0101s izc\u012bn\u012bt astoto un desmito vietu jau ar pirmo pieg\u0101jienu.<\/p>\n<p>P\u0113c \u0161\u012bs snieguma demonstr\u0113\u0161anas vi\u0146\u0161 sev nopeln\u012bja jaunu uztic\u012bbas kred\u012btu \u2013 Kubuli\u0146\u0161 paliks &#8220;JK Yamaha&#8221; rind\u0101s ar\u012b 2026. gad\u0101 un pilna laika re\u017e\u012bm\u0101 p\u0101ries uz EMX250 \u010dempion\u0101tu, kur turpin\u0101s savu straujo progresu.<\/p>\n<p>&#8220;Esmu patie\u0161\u0101m \u013coti priec\u012bgs ar\u012b n\u0101kamgad turpin\u0101t str\u0101d\u0101t kop\u0101 ar &#8220;JK Yamaha&#8221;. Man patika \u0161\u012b sezona un atmosf\u0113ra komand\u0101,&#8221; st\u0101sta J\u0113kabs Kubuli\u0146\u0161. &#8220;Gr\u016bti ko prognoz\u0113t. Grib\u0113tos b\u016bt lab\u0101ko desmitniek\u0101, bet cen\u0161os sevi p\u0101r\u0101k nepiep\u016bl\u0113t ar m\u0113r\u0137iem. Brauk\u0161u ar &#8220;Yamaha&#8221; 250cm3 divtaktu motociklu EMX250 klas\u0113, un tas, k\u0101 visi zina, ir pavisam cits l\u012bmenis. Ta\u010du Arnhema par\u0101d\u012bja, ka varu tur braukt konkur\u0113tsp\u0113j\u012bgi. Protams, tas bija tikai viens posms, bet tas man deva lielu p\u0101rliec\u012bbu, un es ar nepaciet\u012bbu gaidu jauno sezonu. Esmu \u013coti pateic\u012bgs &#8220;Yamaha&#8221; un &#8220;JK&#8221; par \u0161o iesp\u0113ju.&#8221;<\/p>\n<p>Izmantotie resursi:<br \/><a target=\"_blank\" href=\"http:\/\/www.gatedrop.com\" rel=\"nofollow noopener\">GateDrop.com \u2013 Get the jump on Motocross&#8230;<\/a><\/p>\n","protected":false},"excerpt":{"rendered":"Jaunais Latvijas motokrosa talants \u0161ogad aizvad\u012bja iespaid\u012bgu sezonu EMX125 klas\u0113, kur ar\u012b guva uzvaru vien\u0101 braucien\u0101, se\u0161as reizes&hellip;\n","protected":false},"author":2,"featured_media":49235,"comment_status":"","ping_status":"","sticky":false,"template":"","format":"standard","meta":{"footnotes":""},"categories":[17],"tags":[35,39,38,36,37,34,40,165,67],"class_list":{"0":"post-49234","1":"post","2":"type-post","3":"status-publish","4":"format-standard","5":"has-post-thumbnail","7":"category-sports","8":"tag-latvia","9":"tag-latvian","10":"tag-latviesu","11":"tag-latviesu-valoda","12":"tag-latviesuvaloda","13":"tag-latvija","14":"tag-lv","15":"tag-motoru-sports","16":"tag-sports"},"share_on_mastodon":{"url":"https:\/\/pubeurope.com\/@lv\/115548684611958963","error":""},"_links":{"self":[{"href":"https:\/\/www.europesays.com\/lv\/wp-json\/wp\/v2\/posts\/49234","targetHints":{"allow":["GET"]}}],"collection":[{"href":"https:\/\/www.europesays.com\/lv\/wp-json\/wp\/v2\/posts"}],"about":[{"href":"https:\/\/www.europesays.com\/lv\/wp-json\/wp\/v2\/types\/post"}],"author":[{"embeddable":true,"href":"https:\/\/www.europesays.com\/lv\/wp-json\/wp\/v2\/users\/2"}],"replies":[{"embeddable":true,"href":"https:\/\/www.europesays.com\/lv\/wp-json\/wp\/v2\/comments?post=49234"}],"version-history":[{"count":0,"href":"https:\/\/www.europesays.com\/lv\/wp-json\/wp\/v2\/posts\/49234\/revisions"}],"wp:featuredmedia":[{"embeddable":true,"href":"https:\/\/www.europesays.com\/lv\/wp-json\/wp\/v2\/media\/49235"}],"wp:attachment":[{"href":"https:\/\/www.europesays.com\/lv\/wp-json\/wp\/v2\/media?parent=49234"}],"wp:term":[{"taxonomy":"category","embeddable":true,"href":"https:\/\/www.europesays.com\/lv\/wp-json\/wp\/v2\/categories?post=49234"},{"taxonomy":"post_tag","embeddable":true,"href":"https:\/\/www.europesays.com\/lv\/wp-json\/wp\/v2\/tags?post=49234"}],"curies":[{"name":"wp","href":"https:\/\/api.w.org\/{rel}","templated":true}]}}