{"id":49278,"date":"2025-11-14T15:52:14","date_gmt":"2025-11-14T15:52:14","guid":{"rendered":"https:\/\/www.europesays.com\/lv\/49278\/"},"modified":"2025-11-14T15:52:14","modified_gmt":"2025-11-14T15:52:14","slug":"jau-22-gadu-brivibas-piemineklim-pasniedz-apdrosinasanas-polisi-soreiz-15-miljonu-eiro-apmera","status":"publish","type":"post","link":"https:\/\/www.europesays.com\/lv\/49278\/","title":{"rendered":"Jau 22. gadu Br\u012bv\u012bbas piemineklim pasniedz apdro\u0161in\u0101\u0161anas polisi. \u0160oreiz 1,5 miljonu eiro apm\u0113r\u0101"},"content":{"rendered":"<p>Tikai 10% iedz\u012bvot\u0101ju valsts sv\u0113tku laik\u0101 dodas pie Br\u012bv\u012bbas pieminek\u013ca, noliek ziedus un svec\u012btes Br\u0101\u013cu kapos vai pie R\u012bgas pils m\u016bra. Vienlaikus 33% aptauj\u0101to atbild\u0113ju\u0161i, ka valsts sv\u0113tku laik\u0101 patriotisk\u0101s aktivit\u0101t\u0113s nepiedal\u0101s visp\u0101r. Tas noz\u012bm\u0113, ka Latvijas sabiedr\u012bb\u0101 ir b\u016btiski veicin\u0101t patriotismu un dal\u012b\u0161anos ar to.<\/p>\n<p>\u201cBr\u012bv\u012bbas piemineklis jau 90 gadus ir Latvijas sp\u0113c\u012bg\u0101kais vienot\u012bbas un br\u012bv\u012bbas simbols, un t\u0101 sarg\u0101\u0161ana noz\u012bm\u0113 ar\u012b r\u016bpes par Latviju, valsts iedz\u012bvot\u0101jiem un m\u016bsu kop\u012bgo v\u0113rt\u012bbu \u2013 br\u012bv\u012bbu. Neatkar\u012bba un br\u012bv\u012bba nav pa\u0161saprotamas lietas \u2013 t\u0101s ir v\u0113rt\u012bbas, kas past\u0101v\u012bgi j\u0101uztur m\u016bsu sird\u012bs un j\u0101nodod t\u0101l\u0101k ar\u012b n\u0101kamaj\u0101m paaudz\u0113m, t\u0101 vairojot tautas sp\u0113ku. Esam pagodin\u0101ti, ka jau vair\u0101k nek\u0101 divas dek\u0101des varam r\u016bp\u0113ties par m\u016bsu br\u012bv\u012bbas simbola dro\u0161\u012bbu, vienlaikus piev\u0113r\u0161ot uzman\u012bbu tam, cik b\u016btiski ir veicin\u0101t un uztur\u0113t patriotismu sabiedr\u012bb\u0101 kopum\u0101,\u201d akcent\u0113 Evija Matveja, BTA valdes locekle.<\/p>\n<p>            <img loading=\"lazy\" decoding=\"async\" class=\"size-full wp-image-3672523 skaties-content-image\" src=\"https:\/\/www.europesays.com\/lv\/wp-content\/uploads\/2025\/11\/47c5-69170b0cdf33e-scaled.jpg\" alt=\"\" width=\"2000\" height=\"1309\"  \/><\/p>\n<p>                FOTO: Evija Trifanova, LETA<\/p>\n<p>Ik gadu Br\u012bv\u012bbas pieminek\u013ca apdro\u0161in\u0101\u0161anas polis\u0113 iek\u013cauta aizsardz\u012bba pret uguns, dabas stihiju, \u0161\u0137idruma nopl\u016bdes un tre\u0161o personu prettiesiskas r\u012bc\u012bbas rad\u012btiem boj\u0101jumiem. Polises d\u0101vin\u0101\u0161ana R\u012bgas pils\u0113tai ir k\u013cuvusi par trad\u012bciju valsts sv\u0113tku laik\u0101, un \u0161ogad polise 1,5 miljonu eiro v\u0113rt\u012bb\u0101 tika pasniegta R\u012bgas m\u0113ram Viesturam Kleinbergam.<\/p>\n<p>\u201cMan\u0101s b\u0113rn\u012bbas atmi\u0146\u0101s Br\u012bv\u012bbas piemineklis ir ar tramvaja slied\u0113m apk\u0101rt, un dzirdu, k\u0101 mamma man toreiz st\u0101st\u012bja, cik noz\u012bm\u012bgs tas ir m\u016bsu valstij un tautai. T\u0101p\u0113c tagad, kad sv\u0113tkos n\u0101kam \u0161eit kop\u0101 ar \u0123imeni, \u0161\u012b vieta vienm\u0113r liek sajust lepnumu, pieder\u012bbu un prieku, ka varam st\u0101v\u0113t m\u016bsu Mildai tik tuvu. Br\u012bv\u012bba ir v\u0113rt\u012bba, kas j\u0101sarg\u0101 \u2013 t\u0101pat ar\u012b Br\u012bv\u012bbas piemineklis. Paldies BTA par r\u016bp\u0113m un to, ka pal\u012bdzat sarg\u0101t m\u016bsu br\u012bv\u012bbas simbolu,\u201d pau\u017e R\u012bgas domes priek\u0161s\u0113d\u0113t\u0101js Viesturs Kleinbergs.<\/p>\n<p class=\"ad-desc ad-desc-main\">Saturs turpin\u0101s p\u0113c rekl\u0101mas<\/p>\n<p class=\"ad-desc ad-desc-sec\">Rekl\u0101ma<\/p>\n<p>Polises pasnieg\u0161ana 14. novembr\u012b notika Br\u012bv\u012bbas pieminek\u013ca pak\u0101j\u0113, un \u0161aj\u0101 simboliskaj\u0101 mirkl\u012b piedal\u012bj\u0101s BTA valdes locekle Evija Matveja, R\u012bgas m\u0113rs Viesturs Kleinbergs un BTA darbinieki \u2013 zemessargi. P\u0113c polises d\u0101vin\u0101\u0161anas R\u012bgas m\u0113rs un BTA p\u0101rst\u0101vji kop\u012bgi nolika ziedus pie pieminek\u013ca, apliecinot cie\u0146u tiem, kuri m\u016bsu br\u012bv\u012bbu ir izc\u012bn\u012bju\u0161i, un tiem, kuri to turpina sarg\u0101t.<\/p>\n<p class=\"tv3-fw-500\">Zi\u0146o par k\u013c\u016bdu rakst\u0101<\/p>\n<p class=\"d-md-block d-none\">Iez\u012bm\u0113 k\u013c\u016bdaino tekstu un spied Ctrl+Enter.<\/p>\n<p class=\"d-md-none d-block\">Iez\u012bm\u0113 k\u013c\u016bdaino tekstu un zi\u0146o par to!<\/p>\n","protected":false},"excerpt":{"rendered":"Tikai 10% iedz\u012bvot\u0101ju valsts sv\u0113tku laik\u0101 dodas pie Br\u012bv\u012bbas pieminek\u013ca, noliek ziedus un svec\u012btes Br\u0101\u013cu kapos vai pie&hellip;\n","protected":false},"author":2,"featured_media":49279,"comment_status":"","ping_status":"","sticky":false,"template":"","format":"standard","meta":{"footnotes":""},"categories":[14],"tags":[23,13475,57,28,29,32,33,22,30,31,35,39,38,36,37,34,40,20,26,27,24,25,54,55,56,21,58],"class_list":{"0":"post-49278","1":"post","2":"type-post","3":"status-publish","4":"format-standard","5":"has-post-thumbnail","7":"category-zinas-no-arvalstim","8":"tag-aktualitates","9":"tag-apdrosinasanabrivibas-piemineklisvalsts-svetki","10":"tag-arvalstim","11":"tag-breaking-news","12":"tag-breakingnews","13":"tag-featured-news","14":"tag-featurednews","15":"tag-headlines","16":"tag-latest-news","17":"tag-latestnews","18":"tag-latvia","19":"tag-latvian","20":"tag-latviesu","21":"tag-latviesu-valoda","22":"tag-latviesuvaloda","23":"tag-latvija","24":"tag-lv","25":"tag-news","26":"tag-popularakas-zinas","27":"tag-popularakaszinas","28":"tag-top-stories","29":"tag-topstories","30":"tag-world","31":"tag-world-news","32":"tag-worldnews","33":"tag-zinas","34":"tag-zinas-no-arvalstim"},"share_on_mastodon":{"url":"https:\/\/pubeurope.com\/@lv\/115548857527167753","error":""},"_links":{"self":[{"href":"https:\/\/www.europesays.com\/lv\/wp-json\/wp\/v2\/posts\/49278","targetHints":{"allow":["GET"]}}],"collection":[{"href":"https:\/\/www.europesays.com\/lv\/wp-json\/wp\/v2\/posts"}],"about":[{"href":"https:\/\/www.europesays.com\/lv\/wp-json\/wp\/v2\/types\/post"}],"author":[{"embeddable":true,"href":"https:\/\/www.europesays.com\/lv\/wp-json\/wp\/v2\/users\/2"}],"replies":[{"embeddable":true,"href":"https:\/\/www.europesays.com\/lv\/wp-json\/wp\/v2\/comments?post=49278"}],"version-history":[{"count":0,"href":"https:\/\/www.europesays.com\/lv\/wp-json\/wp\/v2\/posts\/49278\/revisions"}],"wp:featuredmedia":[{"embeddable":true,"href":"https:\/\/www.europesays.com\/lv\/wp-json\/wp\/v2\/media\/49279"}],"wp:attachment":[{"href":"https:\/\/www.europesays.com\/lv\/wp-json\/wp\/v2\/media?parent=49278"}],"wp:term":[{"taxonomy":"category","embeddable":true,"href":"https:\/\/www.europesays.com\/lv\/wp-json\/wp\/v2\/categories?post=49278"},{"taxonomy":"post_tag","embeddable":true,"href":"https:\/\/www.europesays.com\/lv\/wp-json\/wp\/v2\/tags?post=49278"}],"curies":[{"name":"wp","href":"https:\/\/api.w.org\/{rel}","templated":true}]}}