{"id":49317,"date":"2025-11-14T16:42:09","date_gmt":"2025-11-14T16:42:09","guid":{"rendered":"https:\/\/www.europesays.com\/lv\/49317\/"},"modified":"2025-11-14T16:42:09","modified_gmt":"2025-11-14T16:42:09","slug":"ka-bernibas-draugu-stasti-par-devindesmito-gadu-jaunibu-veidoja-izradi-bistama-zona-lente-lv","status":"publish","type":"post","link":"https:\/\/www.europesays.com\/lv\/49317\/","title":{"rendered":"K\u0101 b\u0113rn\u012bbas draugu st\u0101sti par devi\u0146desmito gadu jaun\u012bbu veidoja izr\u0101di \u00abB\u012bstam\u0101 zona\u00bb\u00a0\u2014\u00a0Lente.lv"},"content":{"rendered":"<p>Ce\u013cojums uz devi\u0146desmito gadu jaun\u012bbu: K\u0101 b\u0113rn\u012bbas st\u0101sti p\u0101rtapa izr\u0101d\u0113 \u00abB\u012bstam\u0101 zona\u00bb<\/p>\n<p>Aktieris Dainis Gr\u016bbe un m\u016bzi\u0137is M\u0101rcis Auzi\u0146\u0161, b\u0113rn\u012bbas draugi, dal\u0101s aizraujo\u0161\u0101 st\u0101st\u0101 par izr\u0101des \u00abB\u012bstam\u0101 zona\u00bb tap\u0161anu \u2013 ce\u013cojum\u0101 uz savas paaudzes dz\u012bvi mazpils\u0113t\u0101 devi\u0146desmitajos gados. \u0160is skatuves projekts, kas iestud\u0113ts m\u016bzikas nam\u0101 \u00abDaile\u00bb, ir k\u0101 emocion\u0101ls atskats un cie\u0146as apliecin\u0101jums aizg\u0101ju\u0161ajiem laikiem, kuru kop\u012bg\u0101s atmi\u0146as un pieredzes ir k\u013cuvu\u0161as par \u0161\u012bs izr\u0101des dv\u0113seli.<\/p>\n<p>Drauga aicin\u0101jums un rado\u0161ais dzirksts<\/p>\n<p>\u00abM\u0113s ar M\u0101rci kaut kad satik\u0101mies sporta z\u0101l\u0113, un es M\u0101rcim saku, ka vajag laikam uztais\u012bt to izr\u0101di. Vi\u0146\u0161 man tik negaid\u012bti pateica \u2013 vai nu tais\u0101m, vai netais\u0101m, viss atkar\u012bgs no tevis. Es saku \u2013 nu labi, tais\u0101m! Vi\u0146\u0161 \u2013 tais\u0101m, r\u012btdien sarun\u0101\u0161u pie Andas,\u00bb atceras Dainis Gr\u016bbe, uzsverot, cik spont\u0101ni un tom\u0113r m\u0113r\u0137tiec\u012bgi s\u0101k\u0101s \u00abB\u012bstam\u0101s zonas\u00bb ce\u013c\u0161. \u0160is br\u012bdis, kad ideja ieguva re\u0101lu formu, apliecina rado\u0161u cilv\u0113ku sp\u0113ju \u0101tri rea\u0123\u0113t un p\u0101rv\u0113rst ieceres darb\u012bb\u0101. M\u0101rcis Auzi\u0146\u0161, piekr\u012btot Dainim, uzsv\u0113ris, ka nepiecie\u0161ams stingrs l\u0113mums, lai rado\u0161ais process virz\u012btos uz priek\u0161u, nevis paliktu tikai ieceru l\u012bmen\u012b. \u0160\u012b ap\u0146\u0113m\u012bba ir viens no galvenajiem dzin\u0113jsp\u0113kiem, kas \u013cauj p\u0101rv\u0113rst atmi\u0146as un idejas dz\u012bv\u0101 m\u0101ksl\u0101.<\/p>\n<p>Dz\u012bve mazpils\u0113t\u0101 devi\u0146desmitajos: Nostalgija un realit\u0101te<\/p>\n<p>\u00abB\u012bstam\u0101 zona\u00bb nav tikai izr\u0101de, t\u0101 ir kapsula, kas aizved skat\u012bt\u0101jus atpaka\u013c uz devi\u0146desmitajiem gadiem, laiku, kas daudziem asoci\u0113jas ar \u012bpa\u0161u br\u012bv\u012bbas saj\u016btu, mekl\u0113jumiem un ar\u012b izaicin\u0101jumiem. Gr\u016bbe un Auzi\u0146\u0161, balstoties uz sav\u0101m b\u0113rn\u012bbas un jaun\u012bbas atmi\u0146\u0101m, izveidoju\u0161i st\u0101stu, kas atspogu\u013co paaudzes pieredzi dz\u012bvojot mazpils\u0113t\u0101. Tas ir laiks, kad pasaule \u0161\u0137ita cit\u0101da \u2013 gan tehnolo\u0123isk\u0101s att\u012bst\u012bbas, gan soci\u0101lo attiec\u012bbu zi\u0146\u0101. Izr\u0101de ar emocion\u0101lu kr\u0101sojumu atkl\u0101j mazpils\u0113tas ikdienu, t\u0101s \u012bpa\u0161o atmosf\u0113ru, jaunie\u0161u sap\u0146us un ar\u012b pirm\u0101s saskarsmes ar dz\u012bves \u00abb\u012bstamaj\u0101m zon\u0101m\u00bb. Tie nav tikai personiski st\u0101sti, bet gan spilgti atspulsti visas paaudzes kop\u012bgaj\u0101 pieredz\u0113, kas liek smaid\u012bt un reiz\u0113 aizdom\u0101ties par pag\u0101ju\u0161\u0101 laika v\u0113rt\u012bb\u0101m.<\/p>\n<p>M\u016bsdienu rado\u0161\u0101 ainava un n\u0101kotnes projekti<\/p>\n<p>Dainis Gr\u016bbe un M\u0101rcis Auzi\u0146\u0161, p\u0113c izr\u0101des \u00abB\u012bstam\u0101 zona\u00bb pan\u0101kumiem, turpina akt\u012bvi darboties Latvijas kult\u016bras dz\u012bv\u0113. Vi\u0146u kop\u012bg\u0101 pieredze un rado\u0161\u0101 \u0137\u012bmija ir apliecin\u0101jums tam, ka draudz\u012bba un kop\u012bgi projekti var rad\u012bt patiesi v\u0113rt\u012bgu m\u0101kslu. Abi m\u0101kslinieki neapst\u0101jas pie sasniegt\u0101, bet gan mekl\u0113 jaunus izaicin\u0101jumus un veidus, k\u0101 ar savu talantu iepriecin\u0101t un iedvesmot skat\u012bt\u0101jus. Lai gan izr\u0101de jau aizvad\u012bjusi savus pirmos priek\u0161nesumus, t\u0101s rad\u012btais vilnis turpina uz\u0146emt apgriezienus, piev\u0113r\u0161ot uzman\u012bbu ar\u012b citiem rado\u0161ajiem darbiem, ko abi m\u0101kslinieki pl\u0101noju\u0161i un \u012bstenoju\u0161i sav\u0101s karjer\u0101s. \u0160is projekts ir apliecin\u0101jums tam, ka pag\u0101tnes atmi\u0146as, ja t\u0101s tiek pasniegtas ar sirsn\u012bbu un talantu, var k\u013c\u016bt par sp\u0113c\u012bgu pamatu jauniem un aizraujo\u0161iem m\u0101kslas darbiem.<\/p>\n","protected":false},"excerpt":{"rendered":"Ce\u013cojums uz devi\u0146desmito gadu jaun\u012bbu: K\u0101 b\u0113rn\u012bbas st\u0101sti p\u0101rtapa izr\u0101d\u0113 \u00abB\u012bstam\u0101 zona\u00bb Aktieris Dainis Gr\u016bbe un m\u016bzi\u0137is M\u0101rcis&hellip;\n","protected":false},"author":2,"featured_media":49318,"comment_status":"","ping_status":"","sticky":false,"template":"","format":"standard","meta":{"footnotes":""},"categories":[5],"tags":[23,7607,28,29,7305,5585,32,33,22,30,31,35,39,38,3054,36,37,34,40,2604,20,26,27,24,25,21],"class_list":{"0":"post-49317","1":"post","2":"type-post","3":"status-publish","4":"format-standard","5":"has-post-thumbnail","7":"category-aktualitates","8":"tag-aktualitates","9":"tag-bistama-zona","10":"tag-breaking-news","11":"tag-breakingnews","12":"tag-dainis-grube","13":"tag-devindesmitie-gadi","14":"tag-featured-news","15":"tag-featurednews","16":"tag-headlines","17":"tag-latest-news","18":"tag-latestnews","19":"tag-latvia","20":"tag-latvian","21":"tag-latviesu","22":"tag-latviesu-teatris","23":"tag-latviesu-valoda","24":"tag-latviesuvaloda","25":"tag-latvija","26":"tag-lv","27":"tag-marcis-auzins","28":"tag-news","29":"tag-popularakas-zinas","30":"tag-popularakaszinas","31":"tag-top-stories","32":"tag-topstories","33":"tag-zinas"},"share_on_mastodon":{"url":"https:\/\/pubeurope.com\/@lv\/115549054105759386","error":""},"_links":{"self":[{"href":"https:\/\/www.europesays.com\/lv\/wp-json\/wp\/v2\/posts\/49317","targetHints":{"allow":["GET"]}}],"collection":[{"href":"https:\/\/www.europesays.com\/lv\/wp-json\/wp\/v2\/posts"}],"about":[{"href":"https:\/\/www.europesays.com\/lv\/wp-json\/wp\/v2\/types\/post"}],"author":[{"embeddable":true,"href":"https:\/\/www.europesays.com\/lv\/wp-json\/wp\/v2\/users\/2"}],"replies":[{"embeddable":true,"href":"https:\/\/www.europesays.com\/lv\/wp-json\/wp\/v2\/comments?post=49317"}],"version-history":[{"count":0,"href":"https:\/\/www.europesays.com\/lv\/wp-json\/wp\/v2\/posts\/49317\/revisions"}],"wp:featuredmedia":[{"embeddable":true,"href":"https:\/\/www.europesays.com\/lv\/wp-json\/wp\/v2\/media\/49318"}],"wp:attachment":[{"href":"https:\/\/www.europesays.com\/lv\/wp-json\/wp\/v2\/media?parent=49317"}],"wp:term":[{"taxonomy":"category","embeddable":true,"href":"https:\/\/www.europesays.com\/lv\/wp-json\/wp\/v2\/categories?post=49317"},{"taxonomy":"post_tag","embeddable":true,"href":"https:\/\/www.europesays.com\/lv\/wp-json\/wp\/v2\/tags?post=49317"}],"curies":[{"name":"wp","href":"https:\/\/api.w.org\/{rel}","templated":true}]}}