{"id":49350,"date":"2025-11-14T17:10:11","date_gmt":"2025-11-14T17:10:11","guid":{"rendered":"https:\/\/www.europesays.com\/lv\/49350\/"},"modified":"2025-11-14T17:10:11","modified_gmt":"2025-11-14T17:10:11","slug":"stokholma-autobuss-ietriecies-pietura-ir-bojagajusie","status":"publish","type":"post","link":"https:\/\/www.europesays.com\/lv\/49350\/","title":{"rendered":"Stokholm\u0101 autobuss ietriecies pietur\u0101, ir boj\u0101g\u0101ju\u0161ie"},"content":{"rendered":"<p>&#8220;Ir gan ievainotie, gan boj\u0101 g\u0101ju\u0161ie. \u0160obr\u012bd policija nekoment\u0113 upuru skaitu, vi\u0146u dzimumu un vecumu,&#8221; policija pazi\u0146oja sav\u0101 pazi\u0146ojum\u0101.<\/p>\n<p>Sadursme notika apm\u0113ram plkst.15 p\u0113c viet\u0113j\u0101 laika Stokholmas centr\u0101. Ir inform\u0101cija, ka pieci cilv\u0113ki guvu\u0161i traumas, divi no vi\u0146iem ar \u0101tro pal\u012bdz\u012bbu nog\u0101d\u0101ti slimn\u012bc\u0101.<\/p>\n<p>Gl\u0101b\u0161anas dienesti jau ir pabeigu\u0161i darbu negad\u012bjuma viet\u0101.<\/p>\n<p>&#8220;Autobuss neveica reisus, taj\u0101 atrad\u0101s tikai vad\u012bt\u0101js,&#8221; pazi\u0146oja \u0101rk\u0101rtas dienestu operat\u012bv\u0101s grupas vad\u012bt\u0101js Matiass Haglunds.<\/p>\n<p>Autobuss pieder uz\u0146\u0113mumam &#8220;Transdev&#8221;.<\/p>\n<p>&#8220;Viens no m\u016bsu autobusiem iek\u013cuva av\u0101rij\u0101, tas bija divst\u0101vu autobuss. Man ir zin\u0101ms ar\u012b par cietu\u0161ajiem, bet \u0161obr\u012bd man nav inform\u0101cijas par to, k\u0101 notika av\u0101rija,&#8221; teica &#8220;Transdev&#8221; komunik\u0101cijas noda\u013cas vad\u012bt\u0101ja Lovisa Oboma.<\/p>\n<p>Autobusa vad\u012bt\u0101js ir arest\u0113ts, lieta tiek izmekl\u0113ta. Negad\u012bjuma iemesls pagaid\u0101m nav zin\u0101ms.<\/p>\n","protected":false},"excerpt":{"rendered":"&#8220;Ir gan ievainotie, gan boj\u0101 g\u0101ju\u0161ie. \u0160obr\u012bd policija nekoment\u0113 upuru skaitu, vi\u0146u dzimumu un vecumu,&#8221; policija pazi\u0146oja sav\u0101&hellip;\n","protected":false},"author":2,"featured_media":49351,"comment_status":"","ping_status":"","sticky":false,"template":"","format":"standard","meta":{"footnotes":""},"categories":[14],"tags":[23,57,63,28,29,32,33,22,30,31,35,39,38,36,37,34,40,6234,20,26,27,24,25,54,55,56,21,58],"class_list":{"0":"post-49350","1":"post","2":"type-post","3":"status-publish","4":"format-standard","5":"has-post-thumbnail","7":"category-zinas-no-arvalstim","8":"tag-aktualitates","9":"tag-arvalstim","10":"tag-arvalstis","11":"tag-breaking-news","12":"tag-breakingnews","13":"tag-featured-news","14":"tag-featurednews","15":"tag-headlines","16":"tag-latest-news","17":"tag-latestnews","18":"tag-latvia","19":"tag-latvian","20":"tag-latviesu","21":"tag-latviesu-valoda","22":"tag-latviesuvaloda","23":"tag-latvija","24":"tag-lv","25":"tag-negadijums","26":"tag-news","27":"tag-popularakas-zinas","28":"tag-popularakaszinas","29":"tag-top-stories","30":"tag-topstories","31":"tag-world","32":"tag-world-news","33":"tag-worldnews","34":"tag-zinas","35":"tag-zinas-no-arvalstim"},"share_on_mastodon":{"url":"https:\/\/pubeurope.com\/@lv\/115549164211481567","error":""},"_links":{"self":[{"href":"https:\/\/www.europesays.com\/lv\/wp-json\/wp\/v2\/posts\/49350","targetHints":{"allow":["GET"]}}],"collection":[{"href":"https:\/\/www.europesays.com\/lv\/wp-json\/wp\/v2\/posts"}],"about":[{"href":"https:\/\/www.europesays.com\/lv\/wp-json\/wp\/v2\/types\/post"}],"author":[{"embeddable":true,"href":"https:\/\/www.europesays.com\/lv\/wp-json\/wp\/v2\/users\/2"}],"replies":[{"embeddable":true,"href":"https:\/\/www.europesays.com\/lv\/wp-json\/wp\/v2\/comments?post=49350"}],"version-history":[{"count":0,"href":"https:\/\/www.europesays.com\/lv\/wp-json\/wp\/v2\/posts\/49350\/revisions"}],"wp:featuredmedia":[{"embeddable":true,"href":"https:\/\/www.europesays.com\/lv\/wp-json\/wp\/v2\/media\/49351"}],"wp:attachment":[{"href":"https:\/\/www.europesays.com\/lv\/wp-json\/wp\/v2\/media?parent=49350"}],"wp:term":[{"taxonomy":"category","embeddable":true,"href":"https:\/\/www.europesays.com\/lv\/wp-json\/wp\/v2\/categories?post=49350"},{"taxonomy":"post_tag","embeddable":true,"href":"https:\/\/www.europesays.com\/lv\/wp-json\/wp\/v2\/tags?post=49350"}],"curies":[{"name":"wp","href":"https:\/\/api.w.org\/{rel}","templated":true}]}}