{"id":49384,"date":"2025-11-14T17:58:22","date_gmt":"2025-11-14T17:58:22","guid":{"rendered":"https:\/\/www.europesays.com\/lv\/49384\/"},"modified":"2025-11-14T17:58:22","modified_gmt":"2025-11-14T17:58:22","slug":"lavrova-izteikumi-liecina-par-augsnes-gatavosanu-iespejamam-iebrukumam-baltijas-valstis","status":"publish","type":"post","link":"https:\/\/www.europesays.com\/lv\/49384\/","title":{"rendered":"Lavrova izteikumi liecina par augsnes gatavo\u0161anu iesp\u0113jamam iebrukumam Baltijas valst\u012bs"},"content":{"rendered":"<p>Kremlis pret Baltijas valst\u012bm izv\u0113r\u0161 vair\u0101kas informat\u012bv\u0101s oper\u0101cijas, l\u012bdz\u012bgi k\u0101 tika attaisnots 2022. gada pilna m\u0113roga iebrukums Ukrain\u0101. Dom\u0101jams, t\u0101 ir da\u013ca no &#8220;nulles f\u0101zes&#8221; augsnes sagatavo\u0161anas iesp\u0113jamam iebrukumam kaut kad n\u0101kotn\u0113, sprie\u017e ASV b\u0101z\u0113t\u0101 domn\u012bca &#8220;Institute For The Study Of War&#8221; (ISW).<\/p>\n<p>Domn\u012bca jau iepriek\u0161 ir secin\u0101jusi, ka <a rel=\"noopener nofollow\" target=\"_blank\" href=\"https:\/\/www.delfi.lv\/temas\/35525519\/krievija\" tag-id=\"35525519\">Krievija<\/a> ir  intensific\u0113jusi savus sl\u0113ptos un atkl\u0101tos uzbrukumus Eiropai un ka <a rel=\"noopener nofollow\" target=\"_blank\" href=\"https:\/\/www.delfi.lv\/46713439\/arzemes\/120091001\/nulles-faze-iespejama-kara-pret-nato-isw-par-zalajiem-cilveciniem-pie-igaunijas-robezas\" data-rel-date-range=\"[]\">Krievija ir ieg\u0101jusi &#8220;nulles f\u0101z\u0113<\/a>&#8221; \u2013 informat\u012bv\u0101 un psiholo\u0123isk\u0101 st\u0101vok\u013ca rad\u012b\u0161anas posm\u0101, gatavojoties iesp\u0113jamam NATO-Krievijas karam n\u0101kotn\u0113.<\/p>\n<p>Lasiet ar\u012b<\/p>\n<p><a href=\"https:\/\/www.delfi.lv\/46713439\/arzemes\/120091001\/nulles-faze-iespejama-kara-pret-nato-isw-par-zalajiem-cilveciniem-pie-igaunijas-robezas\" class=\"headline__image-link\" itemprop=\"url\" rel=\"nofollow noopener\" target=\"_blank\"><img decoding=\"async\" loading=\"lazy\" itemprop=\"image\" src=\"https:\/\/www.europesays.com\/lv\/wp-content\/uploads\/2025\/11\/335c7987-9e9b-4ff6-a57d-e5252b8e9fa1.jpg\" alt=\"&quot;Nulles f\u0101ze&quot; iesp\u0113jam\u0101 kar\u0101 pret NATO: ISW par &quot;za\u013cajiem cilv\u0113ci\u0146iem&quot; pie Igaunijas robe\u017eas\" title=\"&quot;Nulles f\u0101ze&quot; iesp\u0113jam\u0101 kar\u0101 pret NATO: ISW par &quot;za\u013cajiem cilv\u0113ci\u0146iem&quot; pie Igaunijas robe\u017eas\" class=\"headline__image img-fluid w-100\"\/><\/a><\/p>\n<p>13. novembr\u012b public\u0113taj\u0101 zi\u0146ojum\u0101 ISW v\u0113r\u0161 uzman\u012bbu Krievijas \u0101rlietu ministra Sergeja Lavrova izteikumiem Krievijas medijos. Anal\u012bti\u0137i atz\u012bm\u0113, ka \u0161aj\u0101 11. novembr\u012b notiku\u0161aj\u0101 intervij\u0101 Lavrovs apvienojis vair\u0101kas ilgsto\u0161i \u012bstenotas informat\u012bv\u0101s oper\u0101cijas pret Baltijas valst\u012bm.<\/p>\n<p>Ministrs Baltijas valstis aps\u016bdz\u0113ja par rusofobiju, pretkrievisku noska\u0146ojumu, par sliktu iztur\u0113\u0161anos pret krievvalod\u012bgajiem, k\u0101 ar\u012b par ar Krieviju nosl\u0113gto saist\u012bbu neiev\u0113ro\u0161anu. Lavrovs Baltijas valstis m\u0101l\u0113ja k\u0101 Lielbrit\u0101nijas &#8220;pakalpi\u0146us&#8221;, kas esot zaud\u0113ju\u0161as savu identit\u0101ti. T\u0101pat krievu ministrs izteica pie\u0146\u0113mumu, ka Baltijas valstis nav \u012bsti eiropeiskas, netie\u0161i nor\u0101dot, ka t\u0101s pieder Krievijas telpai, atz\u012bm\u0113 anal\u012bti\u0137i.<\/p>\n<p>T\u0101pat Lavrovs Baltijas valstis raksturoja k\u0101 draudu Krievijai un apgalvoja, ka &#8220;da\u017eas fig\u016bras&#8221; Eiropas Savien\u012bb\u0101 (ES) ir &#8220;uzkurin\u0101ju\u0161as&#8221; baltie\u0161us uz dom\u0101m, ka Krievijas Kara\u013cau\u010du ekskl\u0101vs var\u0113tu tikt &#8220;nol\u012bdzin\u0101ts l\u012bdz ar zemi&#8221;.<\/p>\n<p>Lasiet ar\u012b<\/p>\n<p><a href=\"https:\/\/www.delfi.lv\/46713439\/arzemes\/120091186\/tas-butu-cits-kars-eksperti-zemu-verte-krievijas-izredzes-pret-nato-un-kaliningradas-izdzivosanu\" class=\"headline__image-link\" itemprop=\"url\" rel=\"nofollow noopener\" target=\"_blank\"><img decoding=\"async\" loading=\"lazy\" itemprop=\"image\" src=\"https:\/\/www.europesays.com\/lv\/wp-content\/uploads\/2025\/10\/a1621fba-c72a-4ef8-b806-4bf1a8b309fe.jpg\" alt=\"Tas b\u016btu cits kar\u0161: eksperti zemu v\u0113rt\u0113 Krievijas izredzes pret NATO un Ka\u013ci\u0146ingradas izdz\u012bvo\u0161anu \" title=\"Tas b\u016btu cits kar\u0161: eksperti zemu v\u0113rt\u0113 Krievijas izredzes pret NATO un Ka\u013ci\u0146ingradas izdz\u012bvo\u0161anu \" class=\"headline__image img-fluid w-100\"\/><\/a><\/p>\n<p>Kremlis ar\u012b iepriek\u0161 pret Baltijas valst\u012bm ir v\u0113rsis l\u012bdz\u012bgus p\u0101rmetumus, ta\u010du, k\u0101 uzsver ISW anal\u012bti\u0137i, b\u016btiskais \u0161oreiz ir tas, ka Lavrovs tos visus apkopojis vien\u0101 pazi\u0146ojum\u0101.<\/p>\n<p>Lavrova gan tie\u0161ie, gan sl\u0113ptie p\u0101rmetumi pret Baltijas valst\u012bm cie\u0161i sasaucas ar aps\u016bdz\u012bb\u0101m, ko Kremlis ir izteicis pret Ukrainu, lai attaisnotu savu nelikum\u012bgo Krimas okup\u0101ciju un iebrukumu Luhanskas, Doneckas apgabalos 2014. gad\u0101, k\u0101 ar\u012b pilna m\u0113roga iebrukumu 2022. gad\u0101.<\/p>\n<p>&#8220;Lavrova 11. novembra pazi\u0146ojumi ir turpin\u0101jums pa\u0161reiz\u0113jiem Krem\u013ca centieniem rad\u012bt informat\u012bvus priek\u0161nosac\u012bjumus iesp\u0113jamam n\u0101kotnes uzbrukumam k\u0101dai vai vis\u0101m Baltijas valst\u012bm, un t\u0101d\u0113j\u0101di tie ir da\u013ca no pa\u0161reiz\u0113j\u0101m Krievijas nulles f\u0101zes oper\u0101cij\u0101m, lai sagatavotos iesp\u0113jamam NATO un Krievijas karam n\u0101kotn\u0113,&#8221; teikts zi\u0146ojum\u0101.<\/p>\n<p>ISW gan akcent\u0113, ka pa\u0161reiz\u0113j\u0101 br\u012bd\u012b nenov\u0113ro tie\u0161as paz\u012bmes, ka Krievijas gatavotos uzbrukt NATO jau \u0161obr\u012bd. Eksperti nor\u0101da, ka &#8220;nulles f\u0101zes&#8221; oper\u0101cijas var ilgt ar\u012b gadiem.<\/p>\n<p>&#8220;Kremlis var ar\u012b izv\u0113l\u0113ties neuzbrukt pat p\u0113c tam, kad ir rad\u012bti nosac\u012bjumi, lai to dar\u012btu,&#8221; skaidro anal\u012bti\u0137i.<\/p>\n<p>ISW raksta, ka \u0161\u012bm &#8220;nulles f\u0101zes&#8221; oper\u0101cij\u0101m uzman\u012bbu piev\u0113r\u0161, nor\u0101dot uz paral\u0113l\u0113m ar Krievijas darb\u012bb\u0101m pirms 2022. gada iebrukuma, bet pa\u0161laik tas nav br\u012bdin\u0101jums par t\u016bl\u012bt\u0113ja iebrukuma draudiem.<\/p>\n<p><a rel=\"noopener nofollow\" target=\"_blank\" href=\"https:\/\/www.delfi.lv\/temas\/35525519\/krievija\" data-rel-date-range=\"[]\">Krievijas<\/a> pilna m\u0113roga iebrukums Ukrain\u0101 ilgst kop\u0161 2022. gada 24. febru\u0101ra. Savuk\u0101rt kopum\u0101 kar\u0161 rit kop\u0161 2014. gada, kad Krievija okup\u0113ja <a rel=\"noopener nofollow\" target=\"_blank\" href=\"https:\/\/www.delfi.lv\/temas\/35467179\/ukraina\" data-rel-date-range=\"[]\">Ukrainas<\/a> <a rel=\"noopener nofollow\" target=\"_blank\" href=\"https:\/\/www.delfi.lv\/temas\/44261869\/krima\" data-rel-date-range=\"[]\">Krimas<\/a> pussalu un s\u0101ka karadarb\u012bbu Donbas\u0101.<\/p>\n<p class=\"m-0\">Seko &#8220;Delfi&#8221; ar\u012b  <a target=\"_blank\" href=\"https:\/\/www.instagram.com\/delfi.lv\/\" rel=\"nofollow noopener\">Instagram<\/a>  un <a target=\"_blank\" href=\"https:\/\/www.youtube.com\/channel\/UCw5foWtcJvAbUm64rv7jwUQ\" rel=\"nofollow noopener\">YouTube<\/a>  profil\u0101 \u2013 pievienojies, lai uzzin\u0101tu svar\u012bg\u0101ko un interesant\u0101ko pirmais!<\/p>\n<p>Publik\u0101cijas saturs vai t\u0101s jebk\u0101da apjoma da\u013ca ir aizsarg\u0101ts autorties\u012bbu objekts Autorties\u012bbu likuma izpratn\u0113, un t\u0101 izmanto\u0161ana bez izdev\u0113ja at\u013caujas ir aizliegta. Vair\u0101k lasi  <a target=\"_blank\" href=\"https:\/\/www.delfi.lv\/noteikumi#autortiesibas\" rel=\"nofollow noopener\">\u0161eit<\/a><script async src=\"\/\/www.instagram.com\/embed.js\"><\/script><\/p>\n","protected":false},"excerpt":{"rendered":"Kremlis pret Baltijas valst\u012bm izv\u0113r\u0161 vair\u0101kas informat\u012bv\u0101s oper\u0101cijas, l\u012bdz\u012bgi k\u0101 tika attaisnots 2022. gada pilna m\u0113roga iebrukums Ukrain\u0101.&hellip;\n","protected":false},"author":2,"featured_media":49385,"comment_status":"","ping_status":"","sticky":false,"template":"","format":"standard","meta":{"footnotes":""},"categories":[14],"tags":[23,57,28,29,32,33,22,234,74,30,31,35,39,38,36,37,34,40,20,26,27,24,25,276,54,55,56,21,58],"class_list":{"0":"post-49384","1":"post","2":"type-post","3":"status-publish","4":"format-standard","5":"has-post-thumbnail","7":"category-zinas-no-arvalstim","8":"tag-aktualitates","9":"tag-arvalstim","10":"tag-breaking-news","11":"tag-breakingnews","12":"tag-featured-news","13":"tag-featurednews","14":"tag-headlines","15":"tag-krievija","16":"tag-krievijas-iebrukums-ukraina","17":"tag-latest-news","18":"tag-latestnews","19":"tag-latvia","20":"tag-latvian","21":"tag-latviesu","22":"tag-latviesu-valoda","23":"tag-latviesuvaloda","24":"tag-latvija","25":"tag-lv","26":"tag-news","27":"tag-popularakas-zinas","28":"tag-popularakaszinas","29":"tag-top-stories","30":"tag-topstories","31":"tag-ukraina","32":"tag-world","33":"tag-world-news","34":"tag-worldnews","35":"tag-zinas","36":"tag-zinas-no-arvalstim"},"share_on_mastodon":{"url":"https:\/\/pubeurope.com\/@lv\/115549353141349279","error":""},"_links":{"self":[{"href":"https:\/\/www.europesays.com\/lv\/wp-json\/wp\/v2\/posts\/49384","targetHints":{"allow":["GET"]}}],"collection":[{"href":"https:\/\/www.europesays.com\/lv\/wp-json\/wp\/v2\/posts"}],"about":[{"href":"https:\/\/www.europesays.com\/lv\/wp-json\/wp\/v2\/types\/post"}],"author":[{"embeddable":true,"href":"https:\/\/www.europesays.com\/lv\/wp-json\/wp\/v2\/users\/2"}],"replies":[{"embeddable":true,"href":"https:\/\/www.europesays.com\/lv\/wp-json\/wp\/v2\/comments?post=49384"}],"version-history":[{"count":0,"href":"https:\/\/www.europesays.com\/lv\/wp-json\/wp\/v2\/posts\/49384\/revisions"}],"wp:featuredmedia":[{"embeddable":true,"href":"https:\/\/www.europesays.com\/lv\/wp-json\/wp\/v2\/media\/49385"}],"wp:attachment":[{"href":"https:\/\/www.europesays.com\/lv\/wp-json\/wp\/v2\/media?parent=49384"}],"wp:term":[{"taxonomy":"category","embeddable":true,"href":"https:\/\/www.europesays.com\/lv\/wp-json\/wp\/v2\/categories?post=49384"},{"taxonomy":"post_tag","embeddable":true,"href":"https:\/\/www.europesays.com\/lv\/wp-json\/wp\/v2\/tags?post=49384"}],"curies":[{"name":"wp","href":"https:\/\/api.w.org\/{rel}","templated":true}]}}