{"id":49386,"date":"2025-11-14T17:59:13","date_gmt":"2025-11-14T17:59:13","guid":{"rendered":"https:\/\/www.europesays.com\/lv\/49386\/"},"modified":"2025-11-14T17:59:13","modified_gmt":"2025-11-14T17:59:13","slug":"kadi-laikapstakli-gaidami-brivdienas-apollo-lv","status":"publish","type":"post","link":"https:\/\/www.europesays.com\/lv\/49386\/","title":{"rendered":"K\u0101di laikapst\u0101k\u013ci gaid\u0101mi br\u012bvdien\u0101s? &#8211; Apollo.lv"},"content":{"rendered":"<ol>\n<li><a href=\"https:\/\/news.google.com\/rss\/articles\/CBMidEFVX3lxTE9TNHIxemNEN0dFYjF5M2IwS1RoYXkxdUdsTzFpbjBnS09OMTgwMnR5cDgtN09INnVSb090UWtSdU1BUW16eFNEMnJDbW1QVHFOYk9IOHBTcWY3ME4xQWp4aGZxZkp0Vms4YWFTTllZdkZ1cDhF?oc=5\" target=\"_blank\" rel=\"nofollow noopener\">K\u0101di laikapst\u0101k\u013ci gaid\u0101mi br\u012bvdien\u0101s?<\/a>&nbsp;&nbsp;Apollo.lv<\/li>\n<li><a href=\"https:\/\/news.google.com\/rss\/articles\/CBMiqgFBVV95cUxQOEdJV0FWNV93V2RQdGRsVkk3bVI0STBwRXh2Szc3Z29HdWpBYnpZQ2RGbThVcTk0NWhSZk8zYjZhTFVsdmVUbTBVclpWMl9TeUJMMGJveU56V1UtbHpGSVBhMloxNlhDSXlXRldtazhCVTBjZVR1MDVJUzVtOVZDQk9tV2FZVk9lN05DNW1uTXBSLV9rTXB4YnZBX2lpMmJTdnViVC1DQXM3QQ?oc=5\" target=\"_blank\" rel=\"nofollow noopener\">Latvij\u0101 s\u0101kas v\u0113s\u0101ks periods; sv\u0113tkos iesp\u0113jama sniega sega l\u012bdz 10 cm<\/a>&nbsp;&nbsp;Jauns.lv<\/li>\n<li><a href=\"https:\/\/news.google.com\/rss\/articles\/CBMivgFBVV95cUxOR3g0QlRkNnBxVUFqcVQ5M3o4b0E1RjkwcDRaZW5mTnJtWkllbGpxOU1ObUlvUVpQTzhlT08zWC1salNGT1c2cmpDYnkybnJBcVJDNDdKblJqNzlEeHRTZVdLWVNHMDVXZC1IRXZ3MGpiTF9kN2VMLXctNU5PcEhHUHU3djRrdldnX1ZScUhoM25EeDlfdUVIb2dUSDRseDVLYV9SLWRKdV9IUUwzS01Ua29JQzA3U2Y1cnRUVnRR?oc=5\" target=\"_blank\" rel=\"nofollow noopener\">Garaj\u0101s sv\u0113tku br\u012bvdien\u0101s k\u013c\u016bs v\u0113s\u0101ks, nedaudz snigs \/ Raksts<\/a>&nbsp;&nbsp;LSM<\/li>\n<li><a href=\"https:\/\/news.google.com\/rss\/articles\/CBMiogFBVV95cUxQbEl3V2owZWdXeTl3LUJvY1dnTFp6SVU2ZGVZYWZ3UTIzZFNZUWdKdnJ5WWltdXdSb1VzSHkxNHhjSjNKTmdLVnhxLUpYZzl2V1JBRUo4ODREaGd3WmZnVUJseHllSmloU1ZMVnVpeDlKZVN6dVBLdEJGemFiM2wyY0VZcFlMREFwTFV1dmNoWkgyeUd0YkJSM2x5cFktNUdDOUE?oc=5\" target=\"_blank\" rel=\"nofollow noopener\">Latvijai tuvojas aukst\u0101 atmosf\u0113ras fronte \u2013 b\u016bs gan lietus, gan sniegs<\/a>&nbsp;&nbsp;tv3.lv<\/li>\n<li><a href=\"https:\/\/news.google.com\/rss\/articles\/CBMiwgFBVV95cUxNajJfdUdRZTBJbThvM3FqTWJDTHBfaVBZVDFGYmd6TllqeXhIYkVXaVdiUjBZMkRqU2d6N3JYYnNnSnk2SUhaT2s4SlB6dHl4enRXa1BMMWJZZXdoZEZsMVF4ZVZpbUgxM05PUjZ3S2s1dkRUeWg3R081R3lpVGtMLUtQS20xNmx4VFV1OEdDdjVQcXhma3FNeVZVSkhqX21VQ1dCUWdYSU5oRkYwbHNYQmIzRmdDeUcxZVBmYVRPVURRUQ?oc=5\" target=\"_blank\" rel=\"nofollow noopener\">Laim\u012bgi b\u016bs tie, kuri laikus uzliku\u0161i ziemas riepas\u2026 Sv\u0113tku br\u012bvdienas sinopti\u0137i prognoz\u0113 p\u0101rsteigumu pilnas<\/a>&nbsp;&nbsp;LA.LV<\/li>\n<\/ol>\n","protected":false},"excerpt":{"rendered":"K\u0101di laikapst\u0101k\u013ci gaid\u0101mi br\u012bvdien\u0101s?&nbsp;&nbsp;Apollo.lv Latvij\u0101 s\u0101kas v\u0113s\u0101ks periods; sv\u0113tkos iesp\u0113jama sniega sega l\u012bdz 10 cm&nbsp;&nbsp;Jauns.lv Garaj\u0101s sv\u0113tku br\u012bvdien\u0101s&hellip;\n","protected":false},"author":2,"featured_media":49387,"comment_status":"","ping_status":"","sticky":false,"template":"","format":"standard","meta":{"footnotes":""},"categories":[12],"tags":[23,28,29,13497,32,33,22,396,397,30,31,35,39,38,36,37,34,40,20,26,27,24,25,21],"class_list":{"0":"post-49386","1":"post","2":"type-post","3":"status-publish","4":"format-standard","5":"has-post-thumbnail","7":"category-latvija","8":"tag-aktualitates","9":"tag-breaking-news","10":"tag-breakingnews","11":"tag-brivdienas","12":"tag-featured-news","13":"tag-featurednews","14":"tag-headlines","15":"tag-laika-zinas","16":"tag-laikapstakli","17":"tag-latest-news","18":"tag-latestnews","19":"tag-latvia","20":"tag-latvian","21":"tag-latviesu","22":"tag-latviesu-valoda","23":"tag-latviesuvaloda","24":"tag-latvija","25":"tag-lv","26":"tag-news","27":"tag-popularakas-zinas","28":"tag-popularakaszinas","29":"tag-top-stories","30":"tag-topstories","31":"tag-zinas"},"share_on_mastodon":{"url":"https:\/\/pubeurope.com\/@lv\/115549356920056346","error":""},"_links":{"self":[{"href":"https:\/\/www.europesays.com\/lv\/wp-json\/wp\/v2\/posts\/49386","targetHints":{"allow":["GET"]}}],"collection":[{"href":"https:\/\/www.europesays.com\/lv\/wp-json\/wp\/v2\/posts"}],"about":[{"href":"https:\/\/www.europesays.com\/lv\/wp-json\/wp\/v2\/types\/post"}],"author":[{"embeddable":true,"href":"https:\/\/www.europesays.com\/lv\/wp-json\/wp\/v2\/users\/2"}],"replies":[{"embeddable":true,"href":"https:\/\/www.europesays.com\/lv\/wp-json\/wp\/v2\/comments?post=49386"}],"version-history":[{"count":0,"href":"https:\/\/www.europesays.com\/lv\/wp-json\/wp\/v2\/posts\/49386\/revisions"}],"wp:featuredmedia":[{"embeddable":true,"href":"https:\/\/www.europesays.com\/lv\/wp-json\/wp\/v2\/media\/49387"}],"wp:attachment":[{"href":"https:\/\/www.europesays.com\/lv\/wp-json\/wp\/v2\/media?parent=49386"}],"wp:term":[{"taxonomy":"category","embeddable":true,"href":"https:\/\/www.europesays.com\/lv\/wp-json\/wp\/v2\/categories?post=49386"},{"taxonomy":"post_tag","embeddable":true,"href":"https:\/\/www.europesays.com\/lv\/wp-json\/wp\/v2\/tags?post=49386"}],"curies":[{"name":"wp","href":"https:\/\/api.w.org\/{rel}","templated":true}]}}