{"id":49392,"date":"2025-11-14T18:04:21","date_gmt":"2025-11-14T18:04:21","guid":{"rendered":"https:\/\/www.europesays.com\/lv\/49392\/"},"modified":"2025-11-14T18:04:21","modified_gmt":"2025-11-14T18:04:21","slug":"tramps-paraksta-valdibas-finansesanas-likumu-izbeidzot-rekordgaro-dikstavi-asv-lente-lv","status":"publish","type":"post","link":"https:\/\/www.europesays.com\/lv\/49392\/","title":{"rendered":"Tramps paraksta vald\u012bbas finans\u0113\u0161anas likumu, izbeidzot rekordgaro d\u012bkst\u0101vi ASV\u00a0\u2014\u00a0Lente.lv"},"content":{"rendered":"<p>Vald\u012bbas finans\u0113\u0161anas likuma parakst\u012b\u0161ana izbeidz rekordgaro d\u012bkst\u0101vi<\/p>\n<p>ASV prezidents Donalds Tramps ir parakst\u012bjis likumu par vald\u012bbas finans\u0113\u0161anu, pieliekot punktu 43 dienas ilgu\u0161ajai d\u012bkst\u0101vei, kas bija gar\u0101k\u0101 valsts v\u0113stur\u0113. \u0160is l\u0113mums tika pie\u0146emts \u012bsi p\u0113c tam, kad P\u0101rst\u0101vju pal\u0101ta apstiprin\u0101ja attiec\u012bgo likumprojektu ar 222 bals\u012bm par un 209 pret, nedaudz \u0161\u0137e\u013coties partiju rind\u0101s. Sen\u0101ts to jau bija paveicis iepriek\u0161\u0113j\u0101 dien\u0101.<\/p>\n<p>\u0160\u012b bija jau otr\u0101 d\u012bkst\u0101ve Trampa prezident\u016bras laik\u0101, un t\u0101 dzi\u013c\u0101k sa\u0161\u0137\u0113la politisko klimatu Va\u0161ington\u0101. Prezidenta administr\u0101cija pie\u0146\u0113ma nepieredz\u0113tas vienpus\u0113jas darb\u012bbas, tostarp projektu atcel\u0161anu un m\u0113\u0123in\u0101jumus atlaist feder\u0101los darbiniekus, lai izdar\u012btu spiedienu uz demokr\u0101tiem, lai tie piek\u0101ptos sav\u0101m pras\u012bb\u0101m.<\/p>\n<p>Rekordliel\u0101 43 dienu d\u012bkst\u0101ve rad\u012bja finansi\u0101lu spriedzi feder\u0101lajiem darbiniekiem, kuri nesa\u0146\u0113ma algas, lika kav\u0113ties pasa\u017eieriem lidost\u0101s un izrais\u012bja garas rindas pie da\u017e\u0101m p\u0101rtikas bank\u0101m. Tas rad\u012bja milz\u012bgu satraukumu un nenoteikt\u012bbu par ikdienas dz\u012bvi t\u016bksto\u0161iem cilv\u0113ku.<\/p>\n<p>Politisk\u0101s domstarp\u012bbas un kompromisa pan\u0101k\u0161ana<\/p>\n<p>D\u012bkst\u0101ve s\u0101k\u0101s p\u0113c tam, kad demokr\u0101ti noraid\u012bja \u012bstermi\u0146a izdevumu likumprojektu, kur\u0101 nebija iek\u013cauts eso\u0161\u0101 uzlabot\u0101 nodok\u013cu atvieglojuma pagarin\u0101jums, kas samazina vesel\u012bbas apr\u016bpes izmaksu seg\u0161anu, ko ieg\u016bst, izmantojot Affordable Care Act tirgus. Bez \u0161iem atvieglojumiem pr\u0113mijas vid\u0113ji vair\u0101k nek\u0101 divk\u0101r\u0161otos miljoniem amerik\u0101\u0146u, un, saska\u0146\u0101 ar Kongresa Bud\u017eeta biroja prognoz\u0113m, vair\u0101k nek\u0101 2 miljoni cilv\u0113ku n\u0101kamaj\u0101 gad\u0101 zaud\u0113tu vesel\u012bbas apdro\u0161in\u0101\u0161anas segumu.<\/p>\n<p>\u0160is likums ir rezult\u0101ts vieno\u0161an\u0101s, ko pan\u0101ca asto\u0146i senatori, kuri \u0161\u0137\u012br\u0101s no partijas l\u012bnijas, secinot, ka republik\u0101\u0146i nav gatavi piek\u0101pties \u0161aj\u0101 jaut\u0101jum\u0101. Str\u012bd\u012bg\u0101s diskusijas P\u0101rst\u0101vju pal\u0101t\u0101 atspogu\u013coja d\u012bkst\u0101ves rad\u012bto spriedzi. Republik\u0101\u0146i apgalvoja, ka demokr\u0101ti m\u0113\u0123in\u0101ju\u0161i izmantot d\u012bkst\u0101ves rad\u012bt\u0101s cie\u0161anas, lai uzvar\u0113tu politisk\u0101 str\u012bd\u0101. P\u0101rst\u0101vju pal\u0101tas sp\u012bkers Maiks D\u017eonsons teica: <\/p>\n<blockquote><p>Vi\u0146i zin\u0101ja, ka tas rad\u012bs s\u0101pes, un tom\u0113r to dar\u012bja.<\/p><\/blockquote>\n<p>Demokr\u0101ti savuk\u0101rt nor\u0101d\u012bja, ka republik\u0101\u0146i agr\u0101k \u0161ogad steig\u0101 pie\u0146\u0113mu\u0161i nodok\u013cu atvieglojumus, kas, vi\u0146upr\u0101t, galvenok\u0101rt n\u0101ks par labu tur\u012bgajiem. Demokr\u0101tu p\u0101rst\u0101vis D\u017eims Makgov\u0113rns kritiz\u0113ja likumu, sakot, ka tas atst\u0101j \u0123imenes nezi\u0146\u0101, bez jebk\u0101das garantijas, ka k\u0101dreiz tiks balsots par nodok\u013cu atvieglojumu pagarin\u0101\u0161anu, lai pal\u012bdz\u0113tu ikdienas cilv\u0113kiem segt vesel\u012bbas apr\u016bpes izmaksas. Demokr\u0101tu l\u012bderis Hakeems D\u017eefrijs uzsv\u0113ra, ka demokr\u0101ti neatteiksies no subs\u012bdiju pagarin\u0101\u0161anas, sakot: <\/p>\n<blockquote><p>\u0160\u012b c\u012b\u0146a nav beigusies. M\u0113s tikai s\u0101kam.<\/p><\/blockquote>\n<p>Likuma b\u016bt\u012bba un turpm\u0101k\u0101s perspekt\u012bvas<\/p>\n<p>Likumprojekts nodro\u0161ina finans\u0113jumu trim ikgad\u0113jiem t\u0113ri\u0146u likumiem un pagarina p\u0101r\u0113jo vald\u012bbas finans\u0113jumu l\u012bdz 30. janv\u0101rim. Republik\u0101\u0146i ir apsol\u012bju\u0161i l\u012bdz decembra vidum sar\u012bkot balsojumu par vesel\u012bbas apr\u016bpes subs\u012bdiju pagarin\u0101\u0161anu, ta\u010du pan\u0101kumu garantijas nav.<\/p>\n<p>Likums paredz atcelt Trampa administr\u0101cijas pie\u0146emtos feder\u0101lo darbinieku atlai\u0161anas, kas notika d\u012bkst\u0101ves laik\u0101. Tas ar\u012b aizsarg\u0101 feder\u0101los darbiniekus pret turpm\u0101ku atlai\u0161anu l\u012bdz janv\u0101rim un garant\u0113 vi\u0146u atalgojumu p\u0113c d\u012bkst\u0101ves beig\u0101m. Lauksaimniec\u012bbas departamentam paredz\u0113tais likums nodro\u0161in\u0101s, ka cilv\u0113ki, kas pa\u013caujas uz svar\u012bg\u0101m p\u0101rtikas pal\u012bdz\u012bbas programm\u0101m, sa\u0146ems finans\u0113jumu bez p\u0101rtraukumu draudiem l\u012bdz bud\u017eeta gada beig\u0101m.<\/p>\n<p>Paket\u0113 ir iek\u013cauti 203,5 miljoni dol\u0101ru, lai uzlabotu likumdev\u0113ju dro\u0161\u012bbu, un papildu 28 miljoni dol\u0101ru Augst\u0101k\u0101s tiesas tiesne\u0161u dro\u0161\u012bbai. Demokr\u0101ti kritiz\u0113ja ar\u012b likuma pantu, kas \u013cautu senatoriem ties\u0101ties, ja feder\u0101l\u0101 a\u0123ent\u016bra vai darbinieks vi\u0146u elektroniskos datus p\u0101rbaud\u012btu bez br\u012bdin\u0101juma, paredzot l\u012bdz pat 500 000 dol\u0101ru kompens\u0101ciju par katru p\u0101rk\u0101pumu. \u0160is noteikums, \u0161\u0137iet, bija v\u0113rsts uz to, lai pal\u012bdz\u0113tu republik\u0101\u0146u senatoriem pan\u0101kt zaud\u0113jumu atl\u012bdz\u012bbu, ja vi\u0146u telefona ierakstus b\u016btu analiz\u0113jis FIB, izmekl\u0113jot Trampa centienus atcelt 2020. gada v\u0113l\u0113\u0161anu rezult\u0101tus.<\/p>\n<p>\u0160\u012bs normas izrais\u012bja kritiku ar\u012b no republik\u0101\u0146u puses. Sp\u012bkers D\u017eonsons pauda savu neapmierin\u0101t\u012bbu: <\/p>\n<blockquote><p>Tas tika pievienots p\u0113d\u0113j\u0101 br\u012bd\u012b, un man tas nepatika, t\u0101pat k\u0101 liel\u0101kajai da\u013cai P\u0101rst\u0101vju pal\u0101tas locek\u013cu.<\/p><\/blockquote>\n<p> Vi\u0146\u0161 sol\u012bja sar\u012bkot balsojumu par \u0161o jaut\u0101jumu jau n\u0101kamaj\u0101 ned\u0113\u013c\u0101. Joproj\u0101m nav skaidrs, vai partijas sp\u0113s rast kop\u012bgu valodu par vesel\u012bbas apr\u016bpi pirms decembra balsojuma Sen\u0101t\u0101. D\u017eonsons ir nor\u0101d\u012bjis, ka neap\u0146emas to izskat\u012bt sav\u0101 pal\u0101t\u0101. Da\u017ei republik\u0101\u0146i ir atzinu\u0161i, ka ir atv\u0113rti COVID-19 pand\u0113mijas laik\u0101 ieviesto nodok\u013cu atvieglojumu pagarin\u0101\u0161anai, ta\u010du v\u0113las ar\u012b jaunus ierobe\u017eojumus tam, kas var sa\u0146emt subs\u012bdijas. Da\u017ei uzskata, ka nodok\u013cu maks\u0101t\u0101ju nauda \u0161iem pl\u0101niem b\u016btu j\u0101novirza tie\u0161i indiv\u012bdiem, nevis j\u0101iet tie\u0161i apdro\u0161in\u0101\u0161anas komp\u0101nij\u0101m. P\u0101rst\u0101vju pal\u0101tas demokr\u0101ti paudu\u0161i lielas \u0161aubas, ka Sen\u0101ta centieni noved\u012bs pie k\u0101da izr\u0101viena. <\/p>\n","protected":false},"excerpt":{"rendered":"Vald\u012bbas finans\u0113\u0161anas likuma parakst\u012b\u0161ana izbeidz rekordgaro d\u012bkst\u0101vi ASV prezidents Donalds Tramps ir parakst\u012bjis likumu par vald\u012bbas finans\u0113\u0161anu, pieliekot&hellip;\n","protected":false},"author":2,"featured_media":49393,"comment_status":"","ping_status":"","sticky":false,"template":"","format":"standard","meta":{"footnotes":""},"categories":[14],"tags":[23,57,13504,28,29,542,32,33,22,30,31,35,39,38,36,37,34,40,20,13505,26,27,24,25,13503,787,54,55,56,21,58],"class_list":{"0":"post-49392","1":"post","2":"type-post","3":"status-publish","4":"format-standard","5":"has-post-thumbnail","7":"category-zinas-no-arvalstim","8":"tag-aktualitates","9":"tag-arvalstim","10":"tag-asv-dikstave","11":"tag-breaking-news","12":"tag-breakingnews","13":"tag-donalds-tramps","14":"tag-featured-news","15":"tag-featurednews","16":"tag-headlines","17":"tag-latest-news","18":"tag-latestnews","19":"tag-latvia","20":"tag-latvian","21":"tag-latviesu","22":"tag-latviesu-valoda","23":"tag-latviesuvaloda","24":"tag-latvija","25":"tag-lv","26":"tag-news","27":"tag-parstavju-palata","28":"tag-popularakas-zinas","29":"tag-popularakaszinas","30":"tag-top-stories","31":"tag-topstories","32":"tag-valdibas-finansesana","33":"tag-veselibas-aprupe","34":"tag-world","35":"tag-world-news","36":"tag-worldnews","37":"tag-zinas","38":"tag-zinas-no-arvalstim"},"share_on_mastodon":{"url":"","error":"Validation failed: Text character limit of 500 exceeded"},"_links":{"self":[{"href":"https:\/\/www.europesays.com\/lv\/wp-json\/wp\/v2\/posts\/49392","targetHints":{"allow":["GET"]}}],"collection":[{"href":"https:\/\/www.europesays.com\/lv\/wp-json\/wp\/v2\/posts"}],"about":[{"href":"https:\/\/www.europesays.com\/lv\/wp-json\/wp\/v2\/types\/post"}],"author":[{"embeddable":true,"href":"https:\/\/www.europesays.com\/lv\/wp-json\/wp\/v2\/users\/2"}],"replies":[{"embeddable":true,"href":"https:\/\/www.europesays.com\/lv\/wp-json\/wp\/v2\/comments?post=49392"}],"version-history":[{"count":0,"href":"https:\/\/www.europesays.com\/lv\/wp-json\/wp\/v2\/posts\/49392\/revisions"}],"wp:featuredmedia":[{"embeddable":true,"href":"https:\/\/www.europesays.com\/lv\/wp-json\/wp\/v2\/media\/49393"}],"wp:attachment":[{"href":"https:\/\/www.europesays.com\/lv\/wp-json\/wp\/v2\/media?parent=49392"}],"wp:term":[{"taxonomy":"category","embeddable":true,"href":"https:\/\/www.europesays.com\/lv\/wp-json\/wp\/v2\/categories?post=49392"},{"taxonomy":"post_tag","embeddable":true,"href":"https:\/\/www.europesays.com\/lv\/wp-json\/wp\/v2\/tags?post=49392"}],"curies":[{"name":"wp","href":"https:\/\/api.w.org\/{rel}","templated":true}]}}