{"id":49417,"date":"2025-11-14T19:19:09","date_gmt":"2025-11-14T19:19:09","guid":{"rendered":"https:\/\/www.europesays.com\/lv\/49417\/"},"modified":"2025-11-14T19:19:09","modified_gmt":"2025-11-14T19:19:09","slug":"divi-ipasi-koncerti-riga-2026-gada-janvari-lente-lv-2","status":"publish","type":"post","link":"https:\/\/www.europesays.com\/lv\/49417\/","title":{"rendered":"divi \u012bpa\u0161i koncerti R\u012bg\u0101 2026. gada janv\u0101r\u012b\u00a0\u2014\u00a0Lente.lv"},"content":{"rendered":"<p>Piemi\u0146as koncerti Ilm\u0101ra Dze\u0146a godin\u0101\u0161anai<\/p>\n<p>2026. gada s\u0101kum\u0101 divos noz\u012bm\u012bgos kult\u016bras centros \u2013 VEF Kult\u016bras pil\u012b un Kult\u016bras centr\u0101 &#8220;Ulbrokas p\u0113rle&#8221; \u2013 notiks \u012bpa\u0161i koncerti, kas velt\u012bti talant\u012bg\u0101 dzied\u0101t\u0101ja un dziesmu autora Ilm\u0101ra Dze\u0146a piemi\u0146ai. \u0160ie pas\u0101kumi iecer\u0113ti k\u0101 sirsn\u012bgs atskats uz m\u0101kslinieka bag\u0101to rado\u0161o mantojumu un vi\u0146a dziesmu neizdz\u0113\u0161amo ietekmi uz klaus\u012bt\u0101ju sird\u012bm. Koncerti norisin\u0101sies 6. janv\u0101r\u012b VEF Kult\u016bras pil\u012b un 11. janv\u0101r\u012b Kult\u016bras centr\u0101 &#8220;Ulbrokas p\u0113rle&#8221;, pied\u0101v\u0101jot klaus\u012bt\u0101jiem iesp\u0113ju vienoties kop\u012bg\u0101 piemi\u0146as br\u012bd\u012b.<\/p>\n<p>Ilm\u0101ra Dze\u0146a m\u016bzikas mantojums<\/p>\n<p>Ilm\u0101rs Dzenis (1931-2025) bija spilgta person\u012bba latvie\u0161u trimdas m\u016bzik\u0101, kura dziesmas ar savu dzi\u013co emocion\u0101lo v\u0113st\u012bjumu un latvisko dv\u0113seli sp\u0113ja uzrun\u0101t daudzas paaudzes. Vi\u0146a dai\u013crade, kas bie\u017ei vien atspogu\u013coja dzimtenes ilgas un latvisk\u0101s identit\u0101tes stiprin\u0101\u0161anu sve\u0161um\u0101, joproj\u0101m skan ar pilnu sp\u0113ku. \u0160ie gaid\u0101mie piemi\u0146as koncerti b\u016bs ne tikai izcil\u0101s m\u016bzikas atska\u0146ojums, bet ar\u012b emocion\u0101ls ce\u013cojums cauri Ilm\u0101ra Dze\u0146a dz\u012bves un rado\u0161\u0101s darb\u012bbas spilgt\u0101kajiem br\u012b\u017eiem, \u013caujot izbaud\u012bt vi\u0146a dziesmu neaiz\u0113nojamo skaistumu un dzi\u013cumu.<\/p>\n<p>Iesp\u0113ja vienoties piemi\u0146\u0101<\/p>\n<p>Apmekl\u0113jot \u0161os koncertus, ikvienam b\u016bs iesp\u0113ja ne tikai kl\u0101tien\u0113 izdz\u012bvot Ilm\u0101ra Dze\u0146a dziesmu burv\u012bbu, bet ar\u012b kop\u012bgi godin\u0101t vi\u0146a piemi\u0146u. \u0160ie pas\u0101kumi apliecina, cik svar\u012bgi ir saglab\u0101t un nodot t\u0101l\u0101k latvie\u0161u kult\u016bras v\u0113rt\u012bbas, \u012bpa\u0161i t\u0101s, kas rad\u012btas \u0101rpus dzimtenes robe\u017e\u0101m. Koncerti sol\u0101s b\u016bt neaizmirstams notikums ikvienam, kas m\u012bl latvie\u0161u dziesmu un ciena Ilm\u0101ra Dze\u0146a rado\u0161o mantojumu.<\/p>\n","protected":false},"excerpt":{"rendered":"Piemi\u0146as koncerti Ilm\u0101ra Dze\u0146a godin\u0101\u0161anai 2026. gada s\u0101kum\u0101 divos noz\u012bm\u012bgos kult\u016bras centros \u2013 VEF Kult\u016bras pil\u012b un Kult\u016bras&hellip;\n","protected":false},"author":2,"featured_media":49418,"comment_status":"","ping_status":"","sticky":false,"template":"","format":"standard","meta":{"footnotes":""},"categories":[19],"tags":[89,8268,90,35,39,38,194,36,37,34,40,13154,13155,6480,431],"class_list":{"0":"post-49417","1":"post","2":"type-post","3":"status-publish","4":"format-standard","5":"has-post-thumbnail","7":"category-izklaide","8":"tag-entertainment","9":"tag-ilmars-dzenis","10":"tag-izklaide","11":"tag-latvia","12":"tag-latvian","13":"tag-latviesu","14":"tag-latviesu-muzika","15":"tag-latviesu-valoda","16":"tag-latviesuvaloda","17":"tag-latvija","18":"tag-lv","19":"tag-pieminas-koncerti","20":"tag-trimdas-dziedatajs","21":"tag-ulbrokas-perle","22":"tag-vef-kulturas-pils"},"share_on_mastodon":{"url":"https:\/\/pubeurope.com\/@lv\/115549671511846418","error":""},"_links":{"self":[{"href":"https:\/\/www.europesays.com\/lv\/wp-json\/wp\/v2\/posts\/49417","targetHints":{"allow":["GET"]}}],"collection":[{"href":"https:\/\/www.europesays.com\/lv\/wp-json\/wp\/v2\/posts"}],"about":[{"href":"https:\/\/www.europesays.com\/lv\/wp-json\/wp\/v2\/types\/post"}],"author":[{"embeddable":true,"href":"https:\/\/www.europesays.com\/lv\/wp-json\/wp\/v2\/users\/2"}],"replies":[{"embeddable":true,"href":"https:\/\/www.europesays.com\/lv\/wp-json\/wp\/v2\/comments?post=49417"}],"version-history":[{"count":0,"href":"https:\/\/www.europesays.com\/lv\/wp-json\/wp\/v2\/posts\/49417\/revisions"}],"wp:featuredmedia":[{"embeddable":true,"href":"https:\/\/www.europesays.com\/lv\/wp-json\/wp\/v2\/media\/49418"}],"wp:attachment":[{"href":"https:\/\/www.europesays.com\/lv\/wp-json\/wp\/v2\/media?parent=49417"}],"wp:term":[{"taxonomy":"category","embeddable":true,"href":"https:\/\/www.europesays.com\/lv\/wp-json\/wp\/v2\/categories?post=49417"},{"taxonomy":"post_tag","embeddable":true,"href":"https:\/\/www.europesays.com\/lv\/wp-json\/wp\/v2\/tags?post=49417"}],"curies":[{"name":"wp","href":"https:\/\/api.w.org\/{rel}","templated":true}]}}