{"id":49439,"date":"2025-11-14T19:48:15","date_gmt":"2025-11-14T19:48:15","guid":{"rendered":"https:\/\/www.europesays.com\/lv\/49439\/"},"modified":"2025-11-14T19:48:15","modified_gmt":"2025-11-14T19:48:15","slug":"svetku-brivdienas-latvija-prognoze-sauli-lietu-un-sniegu-lente-lv","status":"publish","type":"post","link":"https:\/\/www.europesays.com\/lv\/49439\/","title":{"rendered":"Sv\u0113tku br\u012bvdien\u0101s Latvij\u0101 prognoz\u0113 sauli, lietu un sniegu\u00a0\u2014\u00a0Lente.lv"},"content":{"rendered":"<p>Laika prognozes sv\u0113tku br\u012bvdien\u0101m Latvij\u0101<\/p>\n<p>Gaid\u0101m\u0101s sv\u0113tku br\u012bvdienas Latvij\u0101 sol\u0101s b\u016bt p\u0101rmai\u0146\u0101m bag\u0101tas, jo sinopti\u0137i prognoz\u0113 gan saulainus br\u012b\u017eus, gan ar\u012b da\u017e\u0101dus nokri\u0161\u0146us \u2013 lietu un sniegu. Piektdien Latvijas teritoriju sasniegs aukst\u0101ks gaiss no zieme\u013ciem, kas main\u012bs ierastos rudens laikapst\u0101k\u013cus.<\/p>\n<p>Nokri\u0161\u0146i un temperat\u016bras sv\u0101rst\u012bbas<\/p>\n<p>Ned\u0113\u013cas nogal\u0113 gaid\u0101ms, ka Latvij\u0101 br\u012b\u017eiem sp\u012bd\u0113s saule, ta\u010du br\u012b\u017eiem ar\u012b l\u012bs un sniegs. Viet\u0101m izveidosies sniega sega, \u012bpa\u0161i tas var\u0113tu notikt sestdien un sv\u0113tdien, kad prognoz\u0113ti pla\u0161\u0101ki un stipr\u0101ki nokri\u0161\u0146i. Ce\u013cu segums var k\u013c\u016bt apledojis, t\u0101p\u0113c j\u0101b\u016bt \u012bpa\u0161i uzman\u012bgiem. Gaisa temperat\u016bra sv\u0113tku br\u012bvdien\u0101s galvenok\u0101rt sv\u0101rst\u012bsies starp -5 un +5 gr\u0101diem p\u0113c Celsija, ta\u010du da\u017eviet, \u012bpa\u0161i piekrast\u0113, t\u0101 var saglab\u0101ties virs nulles. P\u016bt\u012bs l\u0113ns l\u012bdz m\u0113reni stiprs main\u012bga virziena v\u0113j\u0161.<\/p>\n<p>\u012apa\u0161i br\u012bvdienu s\u0101kums un beigas<\/p>\n<p>Ceturtdien un uz piektdienas nakti Latvij\u0101 v\u0113l vald\u012bs sam\u0113r\u0101 silti laikapst\u0101k\u013ci, gaisa temperat\u016brai pak\u0101pjoties l\u012bdz pat +7..+12 gr\u0101diem. Piektdien k\u013c\u016bs v\u0113s\u0101ks, un nakt\u012b uz sestdienu temperat\u016bra jau nosl\u012bd\u0113s l\u012bdz 0..-5 gr\u0101diem. Lai gan sestdiena sol\u0101s b\u016bt visai saulaina ar \u012bslaic\u012bgiem nokri\u0161\u0146iem, br\u012bvdienu turpin\u0101jum\u0101 nokri\u0161\u0146u intensit\u0101te pieaugs. Ar\u012b 18. novembr\u012b tiek prognoz\u0113ta main\u012bga laikapst\u0101k\u013cu aina ar sauli un da\u017e\u0101diem nokri\u0161\u0146iem, no j\u016bras n\u0101ko\u0161i m\u0101ko\u0146i var sag\u0101d\u0101t stipru snieg\u0161anu. P\u0113c sv\u0113tkiem sniega un neliela sala iesp\u0113jam\u012bba saglab\u0101sies.<\/p>\n","protected":false},"excerpt":{"rendered":"Laika prognozes sv\u0113tku br\u012bvdien\u0101m Latvij\u0101 Gaid\u0101m\u0101s sv\u0113tku br\u012bvdienas Latvij\u0101 sol\u0101s b\u016bt p\u0101rmai\u0146\u0101m bag\u0101tas, jo sinopti\u0137i prognoz\u0113 gan saulainus&hellip;\n","protected":false},"author":2,"featured_media":49440,"comment_status":"","ping_status":"","sticky":false,"template":"","format":"standard","meta":{"footnotes":""},"categories":[5],"tags":[23,28,29,32,33,22,152,30,31,35,39,38,36,37,34,40,20,1599,26,27,4807,13515,24,25,21],"class_list":{"0":"post-49439","1":"post","2":"type-post","3":"status-publish","4":"format-standard","5":"has-post-thumbnail","7":"category-aktualitates","8":"tag-aktualitates","9":"tag-breaking-news","10":"tag-breakingnews","11":"tag-featured-news","12":"tag-featurednews","13":"tag-headlines","14":"tag-laika-prognoze","15":"tag-latest-news","16":"tag-latestnews","17":"tag-latvia","18":"tag-latvian","19":"tag-latviesu","20":"tag-latviesu-valoda","21":"tag-latviesuvaloda","22":"tag-latvija","23":"tag-lv","24":"tag-news","25":"tag-nokrisni","26":"tag-popularakas-zinas","27":"tag-popularakaszinas","28":"tag-sniegs","29":"tag-svetku-brivdienas","30":"tag-top-stories","31":"tag-topstories","32":"tag-zinas"},"share_on_mastodon":{"url":"https:\/\/pubeurope.com\/@lv\/115549785496030993","error":""},"_links":{"self":[{"href":"https:\/\/www.europesays.com\/lv\/wp-json\/wp\/v2\/posts\/49439","targetHints":{"allow":["GET"]}}],"collection":[{"href":"https:\/\/www.europesays.com\/lv\/wp-json\/wp\/v2\/posts"}],"about":[{"href":"https:\/\/www.europesays.com\/lv\/wp-json\/wp\/v2\/types\/post"}],"author":[{"embeddable":true,"href":"https:\/\/www.europesays.com\/lv\/wp-json\/wp\/v2\/users\/2"}],"replies":[{"embeddable":true,"href":"https:\/\/www.europesays.com\/lv\/wp-json\/wp\/v2\/comments?post=49439"}],"version-history":[{"count":0,"href":"https:\/\/www.europesays.com\/lv\/wp-json\/wp\/v2\/posts\/49439\/revisions"}],"wp:featuredmedia":[{"embeddable":true,"href":"https:\/\/www.europesays.com\/lv\/wp-json\/wp\/v2\/media\/49440"}],"wp:attachment":[{"href":"https:\/\/www.europesays.com\/lv\/wp-json\/wp\/v2\/media?parent=49439"}],"wp:term":[{"taxonomy":"category","embeddable":true,"href":"https:\/\/www.europesays.com\/lv\/wp-json\/wp\/v2\/categories?post=49439"},{"taxonomy":"post_tag","embeddable":true,"href":"https:\/\/www.europesays.com\/lv\/wp-json\/wp\/v2\/tags?post=49439"}],"curies":[{"name":"wp","href":"https:\/\/api.w.org\/{rel}","templated":true}]}}