{"id":49492,"date":"2025-11-14T21:00:10","date_gmt":"2025-11-14T21:00:10","guid":{"rendered":"https:\/\/www.europesays.com\/lv\/49492\/"},"modified":"2025-11-14T21:00:10","modified_gmt":"2025-11-14T21:00:10","slug":"lacplesa-diena-riga-gaidami-satiksmes-ierobezojumi-ko-jazina-autovaditajiem-un-pasazieriem-lente-lv-2","status":"publish","type":"post","link":"https:\/\/www.europesays.com\/lv\/49492\/","title":{"rendered":"L\u0101\u010dpl\u0113\u0161a dien\u0101 R\u012bg\u0101 gaid\u0101mi satiksmes ierobe\u017eojumi: Ko j\u0101zina autovad\u012bt\u0101jiem un pasa\u017eieriem &#8211; Lente.lv"},"content":{"rendered":"<ol>\n<li><a href=\"https:\/\/news.google.com\/rss\/articles\/CBMi4gFBVV95cUxNV3pVSjM0aVEwSG9KLXNTZmRxRERaSHNWMmJaelZEZEtub21mLUs5NHBfQ3FURTRLWk5sbzdFdHJ0Skhkc1JyUm9SRG1ld0lua1d4eVhNV0FwajZ0UGQ2bi1mNnVuQm1ZQ21GTE5MVkc0U0NOUFZuMVAydGJ5YXhFc3c2cVJRY3Zmd1ZhVXN6UXNLT3kzdFkwRk95VTR0ZE8yRndKdFFlZFFpaGJJWEZ2R2xBbUFYREllbkhWc21GRHJtNXYzN0J3M25Ic0JsSXlTaHhzMmRmUmVSelE4VVBrSkh3?oc=5\" target=\"_blank\" rel=\"nofollow noopener\">L\u0101\u010dpl\u0113\u0161a dien\u0101 R\u012bg\u0101 gaid\u0101mi satiksmes ierobe\u017eojumi: Ko j\u0101zina autovad\u012bt\u0101jiem un pasa\u017eieriem<\/a>&nbsp;&nbsp;Lente.lv<\/li>\n<li><a href=\"https:\/\/news.google.com\/rss\/articles\/CBMiogFBVV95cUxORG5QUF9qS1FMbzU2Um16SUJrLVZJNWNrRVZ1T2tSczR0bG50M3RIUHQ1VXVZMUR1VnBQOVJld2s4bHVrclk0Q205RGF5bFVtbEFGMEdYMVRRdUh6TVU4ME1CS0E0NE1oNFd1VnE2S0tVaWxjZ2dLdkhEMmx1Tzg2Nk1wc2dmemFmT1hGLUgydzdXRUdtemYwOGYycm1KbnFSY0E?oc=5\" target=\"_blank\" rel=\"nofollow noopener\">Intervija ar Valsts prezidentu Edgaru Rink\u0113vi\u010du \/ 13.11.2025<\/a>&nbsp;&nbsp;REplay.lv<\/li>\n<li><a href=\"https:\/\/news.google.com\/rss\/articles\/CBMifEFVX3lxTFBVOXZsaTQzZGd6cGhWQ1lBSXVNYTNaQ0d3Y0xZMXdheGgycU1WZkV6QnVWa2FrQUt5a1pfYldzb0JLVXRqdGVnc1dyaXBkX2s1RXdWX0I0ZmVyT0k1eGs1cW5UcUlkeW9oMUxVU1RoeVF5b1dDMXF6dnd6b3Y?oc=5\" target=\"_blank\" rel=\"nofollow noopener\">FOTO \u27e9 Svin\u012bg\u0101 vakara junda R\u012bgas Br\u0101\u013cu kapos<\/a>&nbsp;&nbsp;TVNET<\/li>\n<li><a href=\"https:\/\/news.google.com\/rss\/articles\/CBMivgFBVV95cUxOc2tyZk5qb0JhM0ZRSl96ekxRcWZIQ3hSNWx2eEhUTmljVTE0ZTZsbkpJRE9DLTZOQjlpakJERmxoUlhBTDZLRU5TQVNGY1JEbHFOZW5JQnJzMUpDVVlEMG8xeHY5WnBwMHEwWGQxa3gtS3lZejk0WEU3NHJEd2RKbjdHaFVKWTlxWDRkY0Y4U1ozU2p4REVVMzVvckpTRGpKZ2xQVGxDaDVDaFhJN3V6bDdDMmttOGltbnRST0FR?oc=5\" target=\"_blank\" rel=\"nofollow noopener\">Foto: Uzvaras park\u0101 mirdz starme\u0161i un izskan koncertprogramma &#8220;Saules m\u016b\u017es&#8221;<\/a>&nbsp;&nbsp;Delfi<\/li>\n<li><a href=\"https:\/\/news.google.com\/rss\/articles\/CBMiyAFBVV95cUxQaXlYVzd3blZhX1JCRFhYSVNOOFhRZGc1R1VLSGpqeEZRZ1VlV1VNREM0NFpJLThxdk9QNV9JNzJTS3pkS3l5RXFxMWh0bHBJeWlUV21Ja3c2N1l4YmVwTGNUdF9HRmdmajk2bnVQbU5EekNVOXZqdHlEOWVmUkt4N3FEQXJ5ejc5dUowVFlmN25mMWV5eENEek40WWFaeGdYX0FXSmJxU3ltNXp4VHVGcEZaeHNjMWtXTVlyak5nLWFFOEpJQlFDcg?oc=5\" target=\"_blank\" rel=\"nofollow noopener\">FOTO Prezidents godasardzes mai\u0146as ceremonij\u0101 aicina sarg\u0101t valsti ne tikai sv\u0113tkos, bet ar\u012b ikdien\u0101<\/a>&nbsp;&nbsp;Apollo.lv<\/li>\n<\/ol>\n","protected":false},"excerpt":{"rendered":"L\u0101\u010dpl\u0113\u0161a dien\u0101 R\u012bg\u0101 gaid\u0101mi satiksmes ierobe\u017eojumi: Ko j\u0101zina autovad\u012bt\u0101jiem un pasa\u017eieriem&nbsp;&nbsp;Lente.lv Intervija ar Valsts prezidentu Edgaru Rink\u0113vi\u010du \/&hellip;\n","protected":false},"author":2,"featured_media":49493,"comment_status":"","ping_status":"","sticky":false,"template":"","format":"standard","meta":{"footnotes":""},"categories":[5],"tags":[13390,23,28,29,32,33,22,11267,30,31,35,39,38,36,37,34,40,20,26,27,13354,13458,24,25,13459,21],"class_list":{"0":"post-49492","1":"post","2":"type-post","3":"status-publish","4":"format-standard","5":"has-post-thumbnail","7":"category-aktualitates","8":"tag-11-novembris","9":"tag-aktualitates","10":"tag-breaking-news","11":"tag-breakingnews","12":"tag-featured-news","13":"tag-featurednews","14":"tag-headlines","15":"tag-lacplesa-diena","16":"tag-latest-news","17":"tag-latestnews","18":"tag-latvia","19":"tag-latvian","20":"tag-latviesu","21":"tag-latviesu-valoda","22":"tag-latviesuvaloda","23":"tag-latvija","24":"tag-lv","25":"tag-news","26":"tag-popularakas-zinas","27":"tag-popularakaszinas","28":"tag-rigas-pasakumi","29":"tag-satiksmes-ierobezojumi-riga","30":"tag-top-stories","31":"tag-topstories","32":"tag-transporta-izmainas","33":"tag-zinas"},"share_on_mastodon":{"url":"https:\/\/pubeurope.com\/@lv\/115550068781511221","error":""},"_links":{"self":[{"href":"https:\/\/www.europesays.com\/lv\/wp-json\/wp\/v2\/posts\/49492","targetHints":{"allow":["GET"]}}],"collection":[{"href":"https:\/\/www.europesays.com\/lv\/wp-json\/wp\/v2\/posts"}],"about":[{"href":"https:\/\/www.europesays.com\/lv\/wp-json\/wp\/v2\/types\/post"}],"author":[{"embeddable":true,"href":"https:\/\/www.europesays.com\/lv\/wp-json\/wp\/v2\/users\/2"}],"replies":[{"embeddable":true,"href":"https:\/\/www.europesays.com\/lv\/wp-json\/wp\/v2\/comments?post=49492"}],"version-history":[{"count":0,"href":"https:\/\/www.europesays.com\/lv\/wp-json\/wp\/v2\/posts\/49492\/revisions"}],"wp:featuredmedia":[{"embeddable":true,"href":"https:\/\/www.europesays.com\/lv\/wp-json\/wp\/v2\/media\/49493"}],"wp:attachment":[{"href":"https:\/\/www.europesays.com\/lv\/wp-json\/wp\/v2\/media?parent=49492"}],"wp:term":[{"taxonomy":"category","embeddable":true,"href":"https:\/\/www.europesays.com\/lv\/wp-json\/wp\/v2\/categories?post=49492"},{"taxonomy":"post_tag","embeddable":true,"href":"https:\/\/www.europesays.com\/lv\/wp-json\/wp\/v2\/tags?post=49492"}],"curies":[{"name":"wp","href":"https:\/\/api.w.org\/{rel}","templated":true}]}}