{"id":49521,"date":"2025-11-14T22:19:10","date_gmt":"2025-11-14T22:19:10","guid":{"rendered":"https:\/\/www.europesays.com\/lv\/49521\/"},"modified":"2025-11-14T22:19:10","modified_gmt":"2025-11-14T22:19:10","slug":"ka-spelmanu-nakts-nominetais-darbs-atklaj-sistemas-nepilnibas-latvija","status":"publish","type":"post","link":"https:\/\/www.europesays.com\/lv\/49521\/","title":{"rendered":"k\u0101 &#8220;Sp\u0113lma\u0146u nakts&#8221; nomin\u0113tais darbs atkl\u0101j sist\u0113mas nepiln\u012bbas Latvij\u0101"},"content":{"rendered":"<p>Diem\u017e\u0113l Latvij\u0101 t\u0113ma par zaud\u0113tiem mazu\u013ciem gr\u016btniec\u012bbas laik\u0101 un dzemd\u012bb\u0101s tiek sl\u0113pta r\u016bp\u012bg\u0101k nek\u0101 \u0161okol\u0101des olas no b\u0113rniem. Es pati esmu tr\u012bs reizes izdz\u012bvojusi b\u0113rna zaud\u0113jumu, nepag\u016bstot vi\u0146u ieraudz\u012bt, tikai izsap\u0146ot, k\u0101ds vi\u0146\u0161 b\u016btu.<\/p>\n<p>Izr\u0101de sa\u0146\u0113ma tr\u012bs nomin\u0101cijas: par lab\u0101ko dramatur\u0123iju, aktrise Kintija St\u016bre nomin\u0113ta par &#8220;Gada aktrisi&#8221;, bet izr\u0101de &#8211; par &#8220;Gada maz\u0101s formas izr\u0101di&#8221;.<\/p>\n<p>K\u0101ds bija m\u0113\u0123in\u0101jumu process?<\/p>\n<p>Es pat v\u0101rdos nevaru pateikt, cik \u013coti apbr\u012bnoju un cienu Ludmilu un Viesturu (Viesturs Rozi\u0146\u0161, re\u017eisors, Ludmilas v\u012brs \u2013 aut.), ka \u0161is st\u0101sts ir izst\u0101st\u012bts. Daudzi p\u0101ri iet cauri tiem pa\u0161iem p\u0101rdz\u012bvojumiem, kam Ludmila ar Viesturu, bet nesp\u0113j par to run\u0101t. Man ir t\u0101 privil\u0113\u0123ija \u0161o st\u0101stu izst\u0101st\u012bt. Sp\u0113l\u0113jot Mazaj\u0101 z\u0101l\u0113, es varu redz\u0113t katru skat\u012bt\u0101ju, un es atpaz\u012bstu tos cilv\u0113kus, kuriem \u0161is st\u0101sts ir personisks, to var redz\u0113t vi\u0146u ac\u012bs.<\/p>\n<p>Zinu, ka tev soci\u0101lajos t\u012bklos p\u0113c \u0161\u012bs izr\u0101des ir daudz zi\u0146u. K\u0101 tu t\u0101s uztver?<\/p>\n<p>Tas ir \u013coti augsts nov\u0113rt\u0113jums. Sieviete ir sa\u0146\u0113musies un uzrakst\u012bjusi. Reiz vienai sievietei izr\u0101des laik\u0101 palika slikti un vi\u0146u aizveda uz slimn\u012bcu. Un vi\u0146a\u2026<\/p>\n","protected":false},"excerpt":{"rendered":"Diem\u017e\u0113l Latvij\u0101 t\u0113ma par zaud\u0113tiem mazu\u013ciem gr\u016btniec\u012bbas laik\u0101 un dzemd\u012bb\u0101s tiek sl\u0113pta r\u016bp\u012bg\u0101k nek\u0101 \u0161okol\u0101des olas no b\u0113rniem.&hellip;\n","protected":false},"author":2,"featured_media":49522,"comment_status":"","ping_status":"","sticky":false,"template":"","format":"standard","meta":{"footnotes":""},"categories":[19],"tags":[89,90,35,39,38,36,37,34,507,40,6020,1176,758],"class_list":{"0":"post-49521","1":"post","2":"type-post","3":"status-publish","4":"format-standard","5":"has-post-thumbnail","7":"category-izklaide","8":"tag-entertainment","9":"tag-izklaide","10":"tag-latvia","11":"tag-latvian","12":"tag-latviesu","13":"tag-latviesu-valoda","14":"tag-latviesuvaloda","15":"tag-latvija","16":"tag-liepajas-teatris","17":"tag-lv","18":"tag-spelmanu-nakts","19":"tag-teatris","20":"tag-tvnet-sejas"},"share_on_mastodon":{"url":"https:\/\/pubeurope.com\/@lv\/115550379374755793","error":""},"_links":{"self":[{"href":"https:\/\/www.europesays.com\/lv\/wp-json\/wp\/v2\/posts\/49521","targetHints":{"allow":["GET"]}}],"collection":[{"href":"https:\/\/www.europesays.com\/lv\/wp-json\/wp\/v2\/posts"}],"about":[{"href":"https:\/\/www.europesays.com\/lv\/wp-json\/wp\/v2\/types\/post"}],"author":[{"embeddable":true,"href":"https:\/\/www.europesays.com\/lv\/wp-json\/wp\/v2\/users\/2"}],"replies":[{"embeddable":true,"href":"https:\/\/www.europesays.com\/lv\/wp-json\/wp\/v2\/comments?post=49521"}],"version-history":[{"count":0,"href":"https:\/\/www.europesays.com\/lv\/wp-json\/wp\/v2\/posts\/49521\/revisions"}],"wp:featuredmedia":[{"embeddable":true,"href":"https:\/\/www.europesays.com\/lv\/wp-json\/wp\/v2\/media\/49522"}],"wp:attachment":[{"href":"https:\/\/www.europesays.com\/lv\/wp-json\/wp\/v2\/media?parent=49521"}],"wp:term":[{"taxonomy":"category","embeddable":true,"href":"https:\/\/www.europesays.com\/lv\/wp-json\/wp\/v2\/categories?post=49521"},{"taxonomy":"post_tag","embeddable":true,"href":"https:\/\/www.europesays.com\/lv\/wp-json\/wp\/v2\/tags?post=49521"}],"curies":[{"name":"wp","href":"https:\/\/api.w.org\/{rel}","templated":true}]}}