{"id":49568,"date":"2025-11-15T00:30:10","date_gmt":"2025-11-15T00:30:10","guid":{"rendered":"https:\/\/www.europesays.com\/lv\/49568\/"},"modified":"2025-11-15T00:30:10","modified_gmt":"2025-11-15T00:30:10","slug":"jaunas-paaudzes-uzdrikstesanas-un-aizraujosas-speles-lente-lv-2","status":"publish","type":"post","link":"https:\/\/www.europesays.com\/lv\/49568\/","title":{"rendered":"jaun\u0101s paaudzes uzdr\u012bkst\u0113\u0161an\u0101s un aizraujo\u0161as sp\u0113les\u00a0\u2014\u00a0Lente.lv"},"content":{"rendered":"<p>Krit\u0137es L\u012bgas Ulbertes skat\u012bjums uz aizvad\u012bto te\u0101tra sezonu: jaun\u0101 paaudze un neatsl\u0101bsto\u0161\u0101 sp\u0113le<\/p>\n<p>Tuvinoties gaid\u0101majai &#8220;Sp\u0113lma\u0146u nakts&#8221; balvu pasnieg\u0161anas ceremonijai, neatkar\u012bg\u0101 te\u0101tra kriti\u0137e L\u012bga Ulberte Latvijas Radio raid\u012bjum\u0101 &#8220;Kult\u016bras rondo&#8221; dal\u012bjusies p\u0101rdom\u0101s par aizvad\u012bt\u0101s te\u0101tra sezonas spilgt\u0101kajiem notikumiem un saviem person\u012bgajiem favor\u012btiem. Vi\u0146as skat\u012bjum\u0101 \u012bpa\u0161i izce\u013cas jaun\u0101s paaudzes talanti un ori\u0123in\u0101las, aizraujo\u0161as izr\u0101\u017eu koncepcijas, kas neliekas garlaic\u012bgas.<\/p>\n<p>Gandar\u012bjums par jaunajiem talantiem<\/p>\n<p>L\u012bga Ulberte ar \u012bpa\u0161u prieku atz\u012bm\u0113jusi re\u017eisora Jur\u0123a L\u016b\u0161a darbu pie Latvijas Nacion\u0101l\u0101 te\u0101tra iestud\u0113juma &#8220;Dullais Dauka&#8221;. Kriti\u0137e uzsv\u0113rusi, ka L\u016bsis, kur\u0161 savulaik bijis daudzsolo\u0161s students, beidzot ir atradis savu \u012bsto rado\u0161o ce\u013cu un apliecin\u0101jis sevi k\u0101 noz\u012bm\u012bgu v\u0101rdu jaun\u0101k\u0101s paaudzes re\u017eisoru vid\u016b. \u0160is darbs nomin\u0113ts ar\u012b &#8220;Sp\u0113lma\u0146u nakts&#8221; balvai kategorij\u0101 &#8220;Gada jaunais skatuves m\u0101kslinieks&#8221;, kas v\u0113lreiz apliecina talant\u012bg\u0101 jaun\u0101 veidot\u0101ja potenci\u0101lu.<\/p>\n<p>T\u0101pat Ulberte izc\u0113lusi m\u0101kslinieces Signijas Joces darbu Liep\u0101jas le\u013c\u013cu te\u0101tra izr\u0101d\u0113 &#8220;Metamorfoze&#8221;. Joc\u012btes rad\u012bt\u0101s vizu\u0101l\u0101s b\u016btnes kriti\u0137ei \u0161\u0137itu\u0161as &#8220;\u0161ausmino\u0161i magn\u0113tiskas&#8221; un nesp\u0113ju\u0161as atraut acis. Vi\u0146as ieguld\u012bjums nov\u0113rt\u0113ts ar nomin\u0101ciju balvai &#8220;Gada jaunais skatuves m\u0101kslinieks&#8221;. Ulberte atz\u012bst, ka Liep\u0101jas le\u013c\u013cu te\u0101tris jau ilgu laiku str\u0101d\u0101 interesanti un ik pa laikam uzmirdz &#8220;Sp\u0113lma\u0146u nakts&#8221; kontekst\u0101, apliecinot te\u0101tra sp\u0113ju pied\u0101v\u0101t ori\u0123in\u0101lus un aizraujo\u0161us b\u0113rnu un jaunie\u0161u izr\u0101\u017eu iestud\u0113jumus.<\/p>\n<p>Daudzveid\u012bg\u0101 Latvijas te\u0101tra aina<\/p>\n<p>Aizvad\u012btaj\u0101 te\u0101tra sezon\u0101 L\u012bga Ulberte izc\u0113lusi ar\u012b aktrises Maijas Doveikas atveidoto Blan\u0161as lomu Latvijas Nacion\u0101l\u0101 te\u0101tra izr\u0101d\u0113 &#8220;Ilgu tramvajs&#8221;, nor\u0101dot uz spilgtiem aktierdarbiem un rado\u0161\u0101m uzdr\u012bkst\u0113\u0161an\u0101s.<\/p>\n<p>Krit\u0137e regul\u0101ri analiz\u0113 un v\u0113rt\u0113 Latvijas te\u0101tru pied\u0101v\u0101jumu, tai skait\u0101 jaun\u0101s sezonas pl\u0101nus un notikumus. Vi\u0146a ir piedal\u012bjusies diskusij\u0101s par te\u0101tru repertu\u0101ru, uzsverot, ka vi\u0146ai tuv\u0101ki ir tie te\u0101tri, kuriem ir atv\u0113rtas acis uz m\u016bsdienu dz\u012bvi. Tas noz\u012bm\u0113 ne tikai iestud\u0113t re\u0101listiskus si\u017eetus, bet izjust, saprast un run\u0101t par laikmet\u012bgajiem procesiem. Ulberte ir paz\u012bstama ar sav\u0101m asaj\u0101m un argument\u0113taj\u0101m recenzij\u0101m, kas public\u0113tas gan &#8220;Kult\u016bras rondo&#8221;, gan citos medijos, sniedzot v\u0113rt\u012bgu ieskatu par te\u0101tra m\u0101kslas noris\u0113m Latvij\u0101.<\/p>\n<p>Jaun\u0101 sezona un gaid\u0101mie notikumi<\/p>\n<p>Tuvojoties 2024.\/2025. gada te\u0101tra sezonai, tiek prognoz\u0113ts gan Blauma\u0146a darbu &#8220;bums&#8221;, gan jaunu re\u017eisoru pied\u0101v\u0101jums, kas sol\u0101s b\u016bt bag\u0101ts un intri\u0123\u0113jo\u0161s. L\u012bga Ulberte un citi kriti\u0137i akt\u012bvi seko l\u012bdzi \u0161iem procesiem, sniedzot savas profesion\u0101l\u0101s atzi\u0146as un v\u0113rt\u0113jumus.<\/p>\n<p>K\u0101 atkl\u0101j\u0101s raid\u012bjum\u0101 &#8220;Kult\u016bras rondo&#8221;, kriti\u0137e \u012bpa\u0161i piev\u0113r\u0161 uzman\u012bbu izr\u0101d\u0113m, kas nomin\u0113tas &#8220;Sp\u0113lma\u0146u nakts&#8221; balvai, izce\u013cot gan jaunus talantus, gan ori\u0123in\u0101las izr\u0101\u017eu koncepcijas. Vi\u0146a uzsver, ka kategorija &#8220;Gada izr\u0101de b\u0113rniem un\/vai pusaud\u017eiem&#8221; ir \u012bpa\u0161i sare\u017e\u0123\u012bta, jo prasa apvienot da\u017e\u0101das vecuma grupas un intereses, ta\u010du &#8220;Dull\u0101 Dauka&#8221; iestud\u0113jums \u0161o izaicin\u0101jumu ir veiksm\u012bgi pievar\u0113jis.<\/p>\n","protected":false},"excerpt":{"rendered":"Krit\u0137es L\u012bgas Ulbertes skat\u012bjums uz aizvad\u012bto te\u0101tra sezonu: jaun\u0101 paaudze un neatsl\u0101bsto\u0161\u0101 sp\u0113le Tuvinoties gaid\u0101majai &#8220;Sp\u0113lma\u0146u nakts&#8221; balvu&hellip;\n","protected":false},"author":2,"featured_media":49569,"comment_status":"","ping_status":"","sticky":false,"template":"","format":"standard","meta":{"footnotes":""},"categories":[5],"tags":[23,28,29,32,33,22,30,31,35,39,38,3054,36,37,34,13554,40,20,26,27,6020,10760,5995,24,25,21],"class_list":{"0":"post-49568","1":"post","2":"type-post","3":"status-publish","4":"format-standard","5":"has-post-thumbnail","7":"category-aktualitates","8":"tag-aktualitates","9":"tag-breaking-news","10":"tag-breakingnews","11":"tag-featured-news","12":"tag-featurednews","13":"tag-headlines","14":"tag-latest-news","15":"tag-latestnews","16":"tag-latvia","17":"tag-latvian","18":"tag-latviesu","19":"tag-latviesu-teatris","20":"tag-latviesu-valoda","21":"tag-latviesuvaloda","22":"tag-latvija","23":"tag-liga-ulberte","24":"tag-lv","25":"tag-news","26":"tag-popularakas-zinas","27":"tag-popularakaszinas","28":"tag-spelmanu-nakts","29":"tag-teatra-kritika","30":"tag-teatra-sezona","31":"tag-top-stories","32":"tag-topstories","33":"tag-zinas"},"share_on_mastodon":{"url":"https:\/\/pubeurope.com\/@lv\/115550894375472389","error":""},"_links":{"self":[{"href":"https:\/\/www.europesays.com\/lv\/wp-json\/wp\/v2\/posts\/49568","targetHints":{"allow":["GET"]}}],"collection":[{"href":"https:\/\/www.europesays.com\/lv\/wp-json\/wp\/v2\/posts"}],"about":[{"href":"https:\/\/www.europesays.com\/lv\/wp-json\/wp\/v2\/types\/post"}],"author":[{"embeddable":true,"href":"https:\/\/www.europesays.com\/lv\/wp-json\/wp\/v2\/users\/2"}],"replies":[{"embeddable":true,"href":"https:\/\/www.europesays.com\/lv\/wp-json\/wp\/v2\/comments?post=49568"}],"version-history":[{"count":0,"href":"https:\/\/www.europesays.com\/lv\/wp-json\/wp\/v2\/posts\/49568\/revisions"}],"wp:featuredmedia":[{"embeddable":true,"href":"https:\/\/www.europesays.com\/lv\/wp-json\/wp\/v2\/media\/49569"}],"wp:attachment":[{"href":"https:\/\/www.europesays.com\/lv\/wp-json\/wp\/v2\/media?parent=49568"}],"wp:term":[{"taxonomy":"category","embeddable":true,"href":"https:\/\/www.europesays.com\/lv\/wp-json\/wp\/v2\/categories?post=49568"},{"taxonomy":"post_tag","embeddable":true,"href":"https:\/\/www.europesays.com\/lv\/wp-json\/wp\/v2\/tags?post=49568"}],"curies":[{"name":"wp","href":"https:\/\/api.w.org\/{rel}","templated":true}]}}