{"id":49615,"date":"2025-11-15T02:44:07","date_gmt":"2025-11-15T02:44:07","guid":{"rendered":"https:\/\/www.europesays.com\/lv\/49615\/"},"modified":"2025-11-15T02:44:07","modified_gmt":"2025-11-15T02:44:07","slug":"olaines-cikstoni-izcina-vairakas-godalgas-martin-klein-pieminas-turnira-igaunija-lente-lv","status":"publish","type":"post","link":"https:\/\/www.europesays.com\/lv\/49615\/","title":{"rendered":"Olaines c\u012bksto\u0146i izc\u012bna vair\u0101kas godalgas Martin Klein piemi\u0146as turn\u012br\u0101 Igaunij\u0101\u00a0\u2014\u00a0Lente.lv"},"content":{"rendered":"<p>Olaines c\u012bksto\u0146i sp\u012bgu\u013co Igaunij\u0101: vair\u0101kas meda\u013cas Martin Klein memori\u0101l\u0101<\/p>\n<p>Pag\u0101ju\u0161aj\u0101 ned\u0113\u013cas nogal\u0113 Olaines br\u012bv\u0101s c\u012b\u0146as talanti apliecin\u0101ja savu meistar\u012bbu un nelok\u0101mo c\u012b\u0146as sparu, izc\u012bnot godalgas presti\u017eaj\u0101 starptautiskaj\u0101 br\u012bv\u0101s c\u012b\u0146as turn\u012br\u0101 \u201cMartin Klein 62 memorial\u201d, kas norisin\u0101j\u0101s Igaunijas pils\u0113t\u0101 V\u012bland\u0113. \u0160aj\u0101s sacens\u012bb\u0101s pulc\u0113j\u0101s jaunie un sp\u0113c\u012bg\u0101kie atl\u0113ti no visas Baltijas re\u0123iona, veidojot s\u012bvu konkurenci un demonstr\u0113jot augsta l\u012bme\u0146a c\u012b\u0146as m\u0101kslu.<\/p>\n<p>Izcilais sniegums un individu\u0101lie pan\u0101kumi<\/p>\n<p>Olaines sporta skolas audz\u0113k\u0146i, kopskait\u0101 devi\u0146i dal\u012bbnieki, atgriez\u0101s m\u0101j\u0101s ar iespaid\u012bgu meda\u013cu ra\u017eu, pier\u0101dot savu sagatavot\u012bbas l\u012bmeni un taktisko gudr\u012bbu. K\u0101 spo\u017e\u0101kais pan\u0101kums j\u0101atz\u012bm\u0113 tr\u012bs zelta meda\u013cu izc\u012bn\u012b\u0161ana. Konstant\u012bns Makejevs triumf\u0113ja svara kategorij\u0101 l\u012bdz 29 kg, demonstr\u0113jot teicamu tehniku un sp\u0113ku. Vi\u0146am sekoja Dmitrijs Daliba, kur\u0161 p\u0101rliecino\u0161i uzvar\u0113ja svara kategorij\u0101 l\u012bdz 75 kg. V\u0113l vienu zelta godalgu Olainei nodro\u0161in\u0101ja Aleksejs Golub, domin\u0113jot svara kategorij\u0101 l\u012bdz 110 kg.<\/p>\n<p>Ta\u010du cer\u012bbas un pan\u0101kumi neaprobe\u017eoj\u0101s tikai ar pirmaj\u0101m viet\u0101m. Komanda ieguva ar\u012b vair\u0101kas sudraba meda\u013cas, kas apliecina daudzu atl\u0113tu sp\u0113ju konkur\u0113t augst\u0101 l\u012bmen\u012b. Markuss Linu\u017es izc\u012bn\u012bja otro vietu svara kategorij\u0101 l\u012bdz 44 kg, Artjoms Pri\u013cipko demonstr\u0113ja sp\u0113c\u012bgu sniegumu un ieguva otro vietu svara kategorij\u0101 l\u012bdz 57 kg, bet Matvejs G\u013cinkins k\u013cuva par vice\u010dempionu svara kategorij\u0101 l\u012bdz 68 kg. \u0160ie pan\u0101kumi ir k\u0101 apliecin\u0101jums sportistu neatlaid\u012bbai un trenera darba aug\u013ciem.<\/p>\n<p>Martin Klein \u2013 Igaunijas c\u012b\u0146as le\u0123enda<\/p>\n<p>\u0160is turn\u012brs, \u201cMartin Klein 62 memorial\u201d, ir velt\u012bts igau\u0146u c\u012bkstonim M\u0101rti\u0146am Kleinam (Martin Klein), kur\u0161 ir Igaunijas sporta v\u0113stur\u0113 noz\u012bm\u012bga person\u012bba. Kleinas karjera ir \u012bpa\u0161i iespaid\u012bga, jo vi\u0146\u0161, p\u0101rst\u0101vot Krievijas Imp\u0113riju, 1912. gad\u0101 Stokholmas Olimpiskaj\u0101s sp\u0113l\u0113s izc\u012bn\u012bja sudraba meda\u013cu grie\u0137u-romie\u0161u c\u012b\u0146\u0101 vid\u0113j\u0101 svara kategorij\u0101. Vi\u0146a pusfin\u0101la c\u012b\u0146a pret pasaules \u010dempionu Alfredu Asikainenu ilga neticamas 11 stundas un 40 min\u016btes \u2013 tas ir gar\u0101kais c\u012b\u0146as ma\u010ds sporta v\u0113stur\u0113. Lai gan Klein p\u0113c \u0161\u012bs maratonc\u012b\u0146as bija p\u0101r\u0101k noguris, lai c\u012bn\u012btos par zeltu, vi\u0146a piemi\u0146a tiek godin\u0101ta ar \u0161\u0101diem noz\u012bm\u012bgiem sporta pas\u0101kumiem.<\/p>\n<p>\u201cMartin Klein 62 memorial\u201d turn\u012brs ir ne tikai sacens\u012bbas, bet ar\u012b iesp\u0113ja godin\u0101t pag\u0101tnes varo\u0146us un iedvesmot n\u0101kamos sportistu paaudzumus. Tas pulc\u0113 lab\u0101kos jaunos talantus, dodot vi\u0146iem iesp\u0113ju m\u0113roties sp\u0113kiem ar starptautiska l\u012bme\u0146a konkurentiem un veicin\u0101t br\u012bv\u0101s c\u012b\u0146as att\u012bst\u012bbu Baltijas re\u0123ion\u0101. Olaines c\u012bksto\u0146u pan\u0101kumi \u0161aj\u0101 turn\u012br\u0101 ir spilgts apliecin\u0101jums vi\u0146u cent\u012bbai un talantam, un sniedz patiesu gandar\u012bjumu gan sportistiem, gan treneriem, gan visiem Latvijas sporta l\u012bdzjut\u0113jiem.<\/p>\n","protected":false},"excerpt":{"rendered":"Olaines c\u012bksto\u0146i sp\u012bgu\u013co Igaunij\u0101: vair\u0101kas meda\u013cas Martin Klein memori\u0101l\u0101 Pag\u0101ju\u0161aj\u0101 ned\u0113\u013cas nogal\u0113 Olaines br\u012bv\u0101s c\u012b\u0146as talanti apliecin\u0101ja savu&hellip;\n","protected":false},"author":2,"featured_media":49616,"comment_status":"","ping_status":"","sticky":false,"template":"","format":"standard","meta":{"footnotes":""},"categories":[17],"tags":[13574,13571,2235,35,39,38,36,37,34,40,13573,13572,67],"class_list":{"0":"post-49615","1":"post","2":"type-post","3":"status-publish","4":"format-standard","5":"has-post-thumbnail","7":"category-sports","8":"tag-baltijas-turnirs","9":"tag-briva-cina","10":"tag-cinas-sports","11":"tag-latvia","12":"tag-latvian","13":"tag-latviesu","14":"tag-latviesu-valoda","15":"tag-latviesuvaloda","16":"tag-latvija","17":"tag-lv","18":"tag-martin-klein-memorial","19":"tag-olaines-cikstoni","20":"tag-sports"},"share_on_mastodon":{"url":"https:\/\/pubeurope.com\/@lv\/115551421247714287","error":""},"_links":{"self":[{"href":"https:\/\/www.europesays.com\/lv\/wp-json\/wp\/v2\/posts\/49615","targetHints":{"allow":["GET"]}}],"collection":[{"href":"https:\/\/www.europesays.com\/lv\/wp-json\/wp\/v2\/posts"}],"about":[{"href":"https:\/\/www.europesays.com\/lv\/wp-json\/wp\/v2\/types\/post"}],"author":[{"embeddable":true,"href":"https:\/\/www.europesays.com\/lv\/wp-json\/wp\/v2\/users\/2"}],"replies":[{"embeddable":true,"href":"https:\/\/www.europesays.com\/lv\/wp-json\/wp\/v2\/comments?post=49615"}],"version-history":[{"count":0,"href":"https:\/\/www.europesays.com\/lv\/wp-json\/wp\/v2\/posts\/49615\/revisions"}],"wp:featuredmedia":[{"embeddable":true,"href":"https:\/\/www.europesays.com\/lv\/wp-json\/wp\/v2\/media\/49616"}],"wp:attachment":[{"href":"https:\/\/www.europesays.com\/lv\/wp-json\/wp\/v2\/media?parent=49615"}],"wp:term":[{"taxonomy":"category","embeddable":true,"href":"https:\/\/www.europesays.com\/lv\/wp-json\/wp\/v2\/categories?post=49615"},{"taxonomy":"post_tag","embeddable":true,"href":"https:\/\/www.europesays.com\/lv\/wp-json\/wp\/v2\/tags?post=49615"}],"curies":[{"name":"wp","href":"https:\/\/api.w.org\/{rel}","templated":true}]}}