{"id":49617,"date":"2025-11-15T02:49:09","date_gmt":"2025-11-15T02:49:09","guid":{"rendered":"https:\/\/www.europesays.com\/lv\/49617\/"},"modified":"2025-11-15T02:49:09","modified_gmt":"2025-11-15T02:49:09","slug":"latvijas-makslinieku-savieniba-aicina-uz-izstadi-rudens-2025-polittehnologiju-kultura-lente-lv","status":"publish","type":"post","link":"https:\/\/www.europesays.com\/lv\/49617\/","title":{"rendered":"Latvijas M\u0101kslinieku savien\u012bba aicina uz izst\u0101di &#8220;Rudens 2025. Polittehnolo\u0123iju kult\u016bra&#8221;\u00a0\u2014\u00a0Lente.lv"},"content":{"rendered":"<p>M\u0101kslas pasaule izzin\u0101s &#8220;Polittehnolo\u0123iju kult\u016bru&#8221;<\/p>\n<p>19. novembr\u012b plkst. 18.00 Latvijas M\u0101kslinieku savien\u012bbas (LMS) galerij\u0101 durvis v\u0113rs ikgad\u0113j\u0101 vizu\u0101l\u0101s m\u0101kslas izst\u0101de &#8220;Rudens 2025. Polittehnolo\u0123iju kult\u016bra&#8221;. \u0160is notikums, kas ilgs l\u012bdz 2026. gada 11. janv\u0101rim, sola aizraujo\u0161u ce\u013cojumu m\u016bsdienu kult\u016bras un politisko tehnolo\u0123iju krustpunkt\u0101.<\/p>\n<p>M\u0101ksliniecisk\u0101 paties\u012bba digit\u0101laj\u0101 laikmet\u0101<\/p>\n<p>Izst\u0101de ir aicin\u0101jums uz refleksiju par to, k\u0101 kult\u016bra k\u013c\u016bst par politisko tehnolo\u0123iju da\u013cu un vai m\u0101kslinieki sp\u0113j saglab\u0101t savu rado\u0161o integrit\u0101ti laik\u0101, kad bie\u017ei vien tiek atra\u017eota paredzam\u012bba un \u201cpareizie\u201d narat\u012bvi. K\u0101 m\u0101ksla sp\u0113j b\u016bt autentisks rado\u0161s akts, nevis tikai tirgus produkts? \u0160ie ir jaut\u0101jumi, uz kuriem &#8220;Rudens 2025. Polittehnolo\u0123iju kult\u016bra&#8221; mekl\u0113s atbildes, ietverot vair\u0101k nek\u0101 60 Latvijas m\u0101kslinieku darbus da\u017e\u0101d\u0101s tehnik\u0101s un \u017eanros, kas rad\u012bti p\u0113d\u0113jo tr\u012bs gadu laik\u0101. Ekspoz\u012bcij\u0101 apl\u016bkojami darbi glezniec\u012bb\u0101, t\u0113lniec\u012bb\u0101, grafik\u0101, tekstilm\u0101ksl\u0101 un cit\u0101s jom\u0101s, atspogu\u013cojot laikmet\u012bg\u0101s tendences vizu\u0101laj\u0101 m\u0101ksl\u0101.<\/p>\n<p>Aicin\u0101jums rad\u012bt, nevis ra\u017eot<\/p>\n<p>LMS uzsver aicin\u0101jumu m\u0101ksliniekiem &#8220;Rad\u012bt, nevis ra\u017eot&#8221;, mudinot vi\u0146us saglab\u0101t savu unik\u0101lo balsi laik\u0101, kad rado\u0161ums bie\u017ei tiek standartiz\u0113ts. Izst\u0101de piev\u0113r\u0161as t\u0101diem aktu\u0101liem tematiem k\u0101 atzin\u012bbas alkas k\u0101 rado\u0161uma metode, institucion\u0101l\u0101 divkos\u012bba, kas tiecas p\u0113c neitralit\u0101tes, bet pau\u017e politisko poz\u012bciju, k\u0101 ar\u012b digit\u0101l\u0101s manipul\u0101cijas un v\u0113stures p\u0101rrakst\u012b\u0161ana.<\/p>\n<p>Ceremonija un apbalvojumi<\/p>\n<p>Izst\u0101des atkl\u0101\u0161anas pas\u0101kum\u0101 19. novembr\u012b tiks pasniegtas ar\u012b noz\u012bm\u012bgas balvas: pazi\u0146ots izst\u0101des laure\u0101ts, kur\u0161 ieg\u016bs iesp\u0113ju r\u012bkot person\u0101lizst\u0101di LMS galerij\u0101, k\u0101 ar\u012b tiks pie\u0161\u0137irta LMS Balva par m\u016b\u017ea ieguld\u012bjumu vizu\u0101laj\u0101 m\u0101ksl\u0101 un \u012bpa\u0161a r\u012bkot\u0101ju balva. <\/p>\n","protected":false},"excerpt":{"rendered":"M\u0101kslas pasaule izzin\u0101s &#8220;Polittehnolo\u0123iju kult\u016bru&#8221; 19. novembr\u012b plkst. 18.00 Latvijas M\u0101kslinieku savien\u012bbas (LMS) galerij\u0101 durvis v\u0113rs ikgad\u0113j\u0101 vizu\u0101l\u0101s&hellip;\n","protected":false},"author":2,"featured_media":49618,"comment_status":"","ping_status":"","sticky":false,"template":"","format":"standard","meta":{"footnotes":""},"categories":[19],"tags":[89,90,35,39,38,36,37,34,4705,40,8525,13575,172,7052],"class_list":{"0":"post-49617","1":"post","2":"type-post","3":"status-publish","4":"format-standard","5":"has-post-thumbnail","7":"category-izklaide","8":"tag-entertainment","9":"tag-izklaide","10":"tag-latvia","11":"tag-latvian","12":"tag-latviesu","13":"tag-latviesu-valoda","14":"tag-latviesuvaloda","15":"tag-latvija","16":"tag-latvijas-makslinieku-savieniba","17":"tag-lv","18":"tag-makslas-izstade","19":"tag-polittehnologiju-kultura","20":"tag-riga","21":"tag-rudens-2025"},"share_on_mastodon":{"url":"https:\/\/pubeurope.com\/@lv\/115551440998822932","error":""},"_links":{"self":[{"href":"https:\/\/www.europesays.com\/lv\/wp-json\/wp\/v2\/posts\/49617","targetHints":{"allow":["GET"]}}],"collection":[{"href":"https:\/\/www.europesays.com\/lv\/wp-json\/wp\/v2\/posts"}],"about":[{"href":"https:\/\/www.europesays.com\/lv\/wp-json\/wp\/v2\/types\/post"}],"author":[{"embeddable":true,"href":"https:\/\/www.europesays.com\/lv\/wp-json\/wp\/v2\/users\/2"}],"replies":[{"embeddable":true,"href":"https:\/\/www.europesays.com\/lv\/wp-json\/wp\/v2\/comments?post=49617"}],"version-history":[{"count":0,"href":"https:\/\/www.europesays.com\/lv\/wp-json\/wp\/v2\/posts\/49617\/revisions"}],"wp:featuredmedia":[{"embeddable":true,"href":"https:\/\/www.europesays.com\/lv\/wp-json\/wp\/v2\/media\/49618"}],"wp:attachment":[{"href":"https:\/\/www.europesays.com\/lv\/wp-json\/wp\/v2\/media?parent=49617"}],"wp:term":[{"taxonomy":"category","embeddable":true,"href":"https:\/\/www.europesays.com\/lv\/wp-json\/wp\/v2\/categories?post=49617"},{"taxonomy":"post_tag","embeddable":true,"href":"https:\/\/www.europesays.com\/lv\/wp-json\/wp\/v2\/tags?post=49617"}],"curies":[{"name":"wp","href":"https:\/\/api.w.org\/{rel}","templated":true}]}}