{"id":49644,"date":"2025-11-15T03:41:09","date_gmt":"2025-11-15T03:41:09","guid":{"rendered":"https:\/\/www.europesays.com\/lv\/49644\/"},"modified":"2025-11-15T03:41:09","modified_gmt":"2025-11-15T03:41:09","slug":"uzvaras-parka-skaneja-aizkustinosais-koncerts-saules-muzs-lente-lv","status":"publish","type":"post","link":"https:\/\/www.europesays.com\/lv\/49644\/","title":{"rendered":"Uzvaras park\u0101 skan\u0113ja aizkustino\u0161ais koncerts &#8220;Saules m\u016b\u017es&#8221;\u00a0\u2014\u00a0Lente.lv"},"content":{"rendered":"<p>L\u0101\u010dpl\u0113\u0161a dien\u0101 Uzvaras park\u0101 skan\u0113ja godin\u0101jums varo\u0146iem koncert\u0101 &#8220;Saules m\u016b\u017es&#8221;<\/p>\n<p>Atz\u012bm\u0113jot L\u0101\u010dpl\u0113\u0161a dienu, 11. novembr\u012b, R\u012bg\u0101, Uzvaras parka pla\u0161umos, notika aizkustino\u0161a un patriotiska koncertprogramma &#8220;Saules m\u016b\u017es&#8221;. \u0160is pas\u0101kums bija velt\u012bts Latvijas br\u012bv\u012bbas c\u012b\u0146\u0101s kritu\u0161o varo\u0146u piemi\u0146ai, pulc\u0113jot daudzus Latvijas iedz\u012bvot\u0101jus, lai kop\u012bgi godin\u0101tu tos, kuri ziedoja savas dz\u012bv\u012bbas par m\u016bsu valsts neatkar\u012bbu.<\/p>\n<p>Koncert\u0101 skan\u0113ja gan emocion\u0101las, gan sp\u0113c\u012bgas dziesmas, kas atspogu\u013coja Latvijas tautas sp\u0113ku, vienot\u012bbu un neatlaid\u012bbu. M\u0101kslinieki ar savu sniegumu lika sird\u012bm pukst\u0113t strauj\u0101k, izdziedot dziesmas par patriotismu, dzimteni un varon\u012bbu. Katra dziesma bija k\u0101 velt\u012bjums kritu\u0161ajiem karav\u012briem, atg\u0101dinot par vi\u0146u neizm\u0113rojamo ieguld\u012bjumu Latvijas valsts dibin\u0101\u0161an\u0101 un saglab\u0101\u0161an\u0101.<\/p>\n<p>\u012apa\u0161i sirdi aizkustin\u0101ja tie br\u012b\u017ei, kad skat\u012bt\u0101ji kop\u0101 dzied\u0101ja l\u012bdzi paz\u012bstam\u0101m patriotisk\u0101m dziesm\u0101m, radot vienot\u012bbas un kop\u012bbas saj\u016btu. \u0160\u0101das kop\u012bgas dzied\u0101\u0161anas reizes ir k\u0101 apliecin\u0101jums tam, ka atmi\u0146a par varo\u0146iem dz\u012bvo m\u016bsu sird\u012bs un tautas garam\u0101. Atmosf\u0113ra park\u0101 bija svin\u012bga un vienlaikus \u013coti emocion\u0101la, ikvienu kl\u0101teso\u0161o aicinot uz dzi\u013c\u0101m p\u0101rdom\u0101m par Latvijas v\u0113sturi un t\u0101s n\u0101kotni.<\/p>\n<p>Varon\u012bbas un piemi\u0146as atspulgs m\u016bzik\u0101<\/p>\n<p>Koncertprogrammas &#8220;Saules m\u016b\u017es&#8221; izveid\u0113 bija ieguld\u012bts liels darbs, lai rad\u012btu iespaid\u012bgu un neaizmirstamu muzik\u0101lu pieredzi. Izv\u0113l\u0113t\u0101s dziesmas tika pieska\u0146otas L\u0101\u010dpl\u0113\u0161a dienai, atspogu\u013cojot gan c\u012b\u0146u par br\u012bv\u012bbu smagumu, gan ar\u012b cer\u012bbu un tic\u012bbu lab\u0101kai n\u0101kotnei. Muzik\u0101lie priek\u0161nesumi tika papildin\u0101ti ar gaismu un vizu\u0101liem elementiem, kas v\u0113l vair\u0101k pastiprin\u0101ja pas\u0101kuma svin\u012bgumu un emocion\u0101lo v\u0113st\u012bjumu.<\/p>\n<p>Skat\u012bt\u0101ju ac\u012bs bija man\u0101ms gan lepnums par savu valsti, gan ar\u012b dzi\u013c\u0161 godbij\u012bbas apliecin\u0101jums kritu\u0161o varo\u0146u piemi\u0146ai. Daudzi atzina, ka \u0161\u0101di pas\u0101kumi ir \u0101rk\u0101rt\u012bgi svar\u012bgi, lai uztur\u0113tu patriotisko garu un audzin\u0101tu jaun\u0101s paaudzes m\u012blest\u012bb\u0101 pret dzimteni un t\u0101s v\u0113sturi. T\u0101 bija iesp\u0113ja ne tikai klaus\u012bties m\u016bziku, bet ar\u012b sajust stipru saikni ar savu tautu un t\u0101s pag\u0101tni.<\/p>\n<p>Pas\u0101kums Uzvaras park\u0101 kalpoja k\u0101 spilgts atg\u0101din\u0101jums par to, cik d\u0101rga ir Latvijas br\u012bv\u012bba un cik svar\u012bgi ir nekad neaizmirst tos, kuri par to c\u012bn\u012bj\u0101s un krita. &#8220;Saules m\u016b\u017es&#8221; nebija tikai koncerts, bet gan dzi\u013c\u0161 pagodin\u0101jums un piemi\u0146as br\u012bdis, kas paliks atmi\u0146\u0101 daudziem.<\/p>\n<p>Atsauc\u012bba un sv\u0113tku gaisotne<\/p>\n<p>Neskatoties uz novembra v\u0113saj\u0101m temperat\u016br\u0101m, Uzvaras parks pulc\u0113ja kuplu skat\u012bt\u0101ju pulku, kas liecina par iedz\u012bvot\u0101ju lielo atsauc\u012bbu un v\u0113lmi godin\u0101t L\u0101\u010dpl\u0113\u0161a dienu. Cilv\u0113ki bija ieradu\u0161ies gan vienatn\u0113, gan \u0123imen\u0113m, gan ar\u012b kop\u0101 ar draugiem, lai kop\u012bgi piedal\u012btos \u0161aj\u0101 noz\u012bm\u012bgaj\u0101 notikum\u0101. Lielu interesi izrais\u012bja ar\u012b piemi\u0146as vietu apmekl\u0113\u0161ana pirms koncerta.<\/p>\n<p>Vakara nosl\u0113gum\u0101 skan\u0113ja Latvijas valsts himna, kas vienoja visus kl\u0101teso\u0161os vien\u0101 kop\u012bg\u0101 dv\u0113seles harmonij\u0101. Tas bija sp\u0113c\u012bgs un patriotisks nosl\u0113gums pas\u0101kumam, kas atst\u0101ja dzi\u013cu iespaidu uz ikvienu. &#8220;Saules m\u016b\u017es&#8221; koncerts Uzvaras park\u0101 apliecin\u0101ja, ka L\u0101\u010dpl\u0113\u0161a dienas trad\u012bcijas tiek god\u0101tas un ka atmi\u0146a par Latvijas varo\u0146iem ir dz\u012bva.<\/p>\n","protected":false},"excerpt":{"rendered":"L\u0101\u010dpl\u0113\u0161a dien\u0101 Uzvaras park\u0101 skan\u0113ja godin\u0101jums varo\u0146iem koncert\u0101 &#8220;Saules m\u016b\u017es&#8221; Atz\u012bm\u0113jot L\u0101\u010dpl\u0113\u0161a dienu, 11. novembr\u012b, R\u012bg\u0101, Uzvaras parka&hellip;\n","protected":false},"author":2,"featured_media":49645,"comment_status":"","ping_status":"","sticky":false,"template":"","format":"standard","meta":{"footnotes":""},"categories":[12],"tags":[23,28,29,32,33,22,202,11267,30,31,35,39,38,36,37,34,40,20,26,27,24,25,21],"class_list":{"0":"post-49644","1":"post","2":"type-post","3":"status-publish","4":"format-standard","5":"has-post-thumbnail","7":"category-latvija","8":"tag-aktualitates","9":"tag-breaking-news","10":"tag-breakingnews","11":"tag-featured-news","12":"tag-featurednews","13":"tag-headlines","14":"tag-koncerts","15":"tag-lacplesa-diena","16":"tag-latest-news","17":"tag-latestnews","18":"tag-latvia","19":"tag-latvian","20":"tag-latviesu","21":"tag-latviesu-valoda","22":"tag-latviesuvaloda","23":"tag-latvija","24":"tag-lv","25":"tag-news","26":"tag-popularakas-zinas","27":"tag-popularakaszinas","28":"tag-top-stories","29":"tag-topstories","30":"tag-zinas"},"share_on_mastodon":{"url":"https:\/\/pubeurope.com\/@lv\/115551645439135856","error":""},"_links":{"self":[{"href":"https:\/\/www.europesays.com\/lv\/wp-json\/wp\/v2\/posts\/49644","targetHints":{"allow":["GET"]}}],"collection":[{"href":"https:\/\/www.europesays.com\/lv\/wp-json\/wp\/v2\/posts"}],"about":[{"href":"https:\/\/www.europesays.com\/lv\/wp-json\/wp\/v2\/types\/post"}],"author":[{"embeddable":true,"href":"https:\/\/www.europesays.com\/lv\/wp-json\/wp\/v2\/users\/2"}],"replies":[{"embeddable":true,"href":"https:\/\/www.europesays.com\/lv\/wp-json\/wp\/v2\/comments?post=49644"}],"version-history":[{"count":0,"href":"https:\/\/www.europesays.com\/lv\/wp-json\/wp\/v2\/posts\/49644\/revisions"}],"wp:featuredmedia":[{"embeddable":true,"href":"https:\/\/www.europesays.com\/lv\/wp-json\/wp\/v2\/media\/49645"}],"wp:attachment":[{"href":"https:\/\/www.europesays.com\/lv\/wp-json\/wp\/v2\/media?parent=49644"}],"wp:term":[{"taxonomy":"category","embeddable":true,"href":"https:\/\/www.europesays.com\/lv\/wp-json\/wp\/v2\/categories?post=49644"},{"taxonomy":"post_tag","embeddable":true,"href":"https:\/\/www.europesays.com\/lv\/wp-json\/wp\/v2\/tags?post=49644"}],"curies":[{"name":"wp","href":"https:\/\/api.w.org\/{rel}","templated":true}]}}