{"id":49646,"date":"2025-11-15T03:43:22","date_gmt":"2025-11-15T03:43:22","guid":{"rendered":"https:\/\/www.europesays.com\/lv\/49646\/"},"modified":"2025-11-15T03:43:22","modified_gmt":"2025-11-15T03:43:22","slug":"rigas-krievu-teatris-aicina-uz-diskusiju-par-tiesu-individu-un-dievu-lente-lv-3","status":"publish","type":"post","link":"https:\/\/www.europesays.com\/lv\/49646\/","title":{"rendered":"R\u012bgas Krievu te\u0101tris aicina uz diskusiju par tiesu, indiv\u012bdu un Dievu\u00a0\u2014\u00a0Lente.lv"},"content":{"rendered":"<p>Filozofiska diskusija Mihaila \u010cehova R\u012bgas Krievu te\u0101tr\u012b apl\u016bkos taisn\u012bguma un Dieva lomu m\u016bsdianu sabiedr\u012bb\u0101<\/p>\n<p>\u0160is piektdien, 14. novembr\u012b, plkst. 18.00 Mihaila \u010cehova R\u012bgas Krievu te\u0101tr\u012b notiks spraiga publiska diskusija \u201cKas ir ties\u012bgs spriest vistaisn\u0101ko tiesu \u2013 tiesu sist\u0113ma, indiv\u012bds, Dievs?\u201d. Pas\u0101kums, kas norisin\u0101sies sarunu cikla \u201cBez punkta uz i\u201d ietvaros, aicina dzi\u013c\u0101k aizdom\u0101ties par m\u016bsdienu sabiedr\u012bb\u0101 aktu\u0101liem \u0113tikas un filozofijas jaut\u0101jumiem. Diskusija tematiski cie\u0161i saist\u012bta ar re\u017eisores Lauras iestud\u0113to izr\u0101di \u201cSlepkav\u012bba Austrumu ekspres\u012b\u201d, kas balst\u012bta uz Agatas Kristi rom\u0101nu un Kena Ludviga dramatiz\u0113jumu. Izr\u0101de un tai sekojo\u0161\u0101 saruna rosina p\u0101rdomas par vainas, taisn\u012bguma un paties\u012bbas sare\u017e\u0123\u012btaj\u0101m \u0161\u0137autn\u0113m, kas nezaud\u0113 savu aktualit\u0101ti ar\u012b m\u016bsdien\u0101s.<\/p>\n<p>Dal\u012bbnieku spektrs un galvenie diskusiju virzieni<\/p>\n<p>Sarun\u0101 piedal\u012bsies da\u017e\u0101du jomu profesion\u0101\u013ci, kas katrs no sava skatupunkta \u013caus izv\u0113rt\u0113t ties\u0101\u0161anas un sprie\u0161anas j\u0113dzienus. Savu redz\u0113jumu sniegs Agris Bit\u0101ns, zv\u0113rin\u0101ts advok\u0101ts un zv\u0113rin\u0101tu advok\u0101tu biroja \u201cEversheds Sutherland Bit\u0101ns\u201d vado\u0161ais partneris, sniedzot juridisku un praktisku ieskatu tiesu sist\u0113mas darb\u012bb\u0101. Teologs Kaspars Simanovi\u010ds piev\u0113rs\u012bsies Dieva un gar\u012bg\u0101s autorit\u0101tes aspektiem spriedumu un mor\u0101les kontekst\u0101. Arhitektu biroja \u201cNRJA\u201d vad\u012bt\u0101js Uldis Luk\u0161evics pievienos unik\u0101lu skat\u012bjumu, iesp\u0113jams, saist\u012bb\u0101 ar struktur\u0101lu un sist\u0113misku dom\u0101\u0161anu. Pas\u0101kumu vad\u012bs pieredz\u0113jus\u012b LTV Kult\u016bras zi\u0146u redaktore Anete Les\u012bte, nodro\u0161inot pl\u016bsto\u0161u un saturiski bag\u0101t\u012bgu diskusiju.<\/p>\n<p>K\u0101 uzsver organizatori, sarun\u0101 tiks skarti jaut\u0101jumi par tiesas, indiv\u012bda un dievi\u0161\u0137\u0101s autorit\u0101tes savstarp\u0113jo attiec\u012bbu. T\u0101pat tiks analiz\u0113ts, k\u0101 sabiedr\u012bba un cilv\u0113ki individu\u0101li saskaras ar atbild\u012bbu, spriedumu un \u0113tisk\u0101m dilemm\u0101m. \u0160\u012b diskusija ir lieliska iesp\u0113ja ne tikai refleksijai par izr\u0101des notikumiem, bet ar\u012b pla\u0161\u0101kai sabiedr\u012bbas tiesisko un mor\u0101lo dilemmu apsprie\u0161anai.<\/p>\n<p>Tie\u0161raide un turpin\u0101jums sarunu ciklam<\/p>\n<p>Interesenti, kuri nevar kl\u0101tien\u0113 apmekl\u0113t \u0161o noz\u012bm\u012bgo sarunu, to var\u0113s v\u0113rot tie\u0161raid\u0113. Diskusija tiks transl\u0113ta port\u0101l\u0101 LSM.lv, k\u0101 ar\u012b Mihaila \u010cehova R\u012bgas Krievu te\u0101tra ofici\u0101lajos Facebook un YouTube kan\u0101los. \u0160\u012b diskusija ir da\u013ca no pla\u0161\u0101ka sarunu cikla \u201cBez punkta uz i\u201d, kas jau vair\u0101kk\u0101rt pulc\u0113jis interesentus uz aizraujo\u0161\u0101m un pr\u0101tu rosino\u0161\u0101m sarun\u0101m. Piem\u0113ram, iepriek\u0161\u0113jie cikla pas\u0101kumi ir p\u0113t\u012bju\u0161i t\u0101dus tematus k\u0101 \u201cPa\u013cau\u0161an\u0101s uz pag\u0101tni vai atbild\u012bba par tagadni?\u201d un \u201cSap\u0146u un realit\u0101tes sadursme\u201d, vienm\u0113r cie\u0161i saistoties ar te\u0101tra aktu\u0101lajiem iestud\u0113jumiem un pied\u0101v\u0101jot jaunas perspekt\u012bvas uz dzi\u013ciem filozofiskiem un soci\u0101liem jaut\u0101jumiem.<\/p>\n<p>Mihaila \u010cehova R\u012bgas Krievu te\u0101tris ar \u0161\u0101diem pas\u0101kumiem apliecina savu lomu ne tikai k\u0101 m\u0101kslas telpa, bet ar\u012b k\u0101 platforma intelektu\u0101l\u0101m un sabiedriski noz\u012bm\u012bg\u0101m diskusij\u0101m, veicinot dialogu un izpratni par sare\u017e\u0123\u012btiem dz\u012bves aspektiem. Pas\u0101kums sola b\u016bt aizraujo\u0161s gan tiem, kas iedzi\u013cin\u0101sies detekt\u012bvrom\u0101na intr\u012bg\u0101s, gan tiem, kas mekl\u0113 atbildes uz eksistenci\u0101liem jaut\u0101jumiem par tiesu, mor\u0101li un cilv\u0113ka vietu pasaul\u0113.<\/p>\n","protected":false},"excerpt":{"rendered":"Filozofiska diskusija Mihaila \u010cehova R\u012bgas Krievu te\u0101tr\u012b apl\u016bkos taisn\u012bguma un Dieva lomu m\u016bsdianu sabiedr\u012bb\u0101 \u0160is piektdien, 14. novembr\u012b,&hellip;\n","protected":false},"author":2,"featured_media":49647,"comment_status":"","ping_status":"","sticky":false,"template":"","format":"standard","meta":{"footnotes":""},"categories":[19],"tags":[12153,89,13243,90,35,39,38,36,37,34,40,2492,12220,13242],"class_list":{"0":"post-49646","1":"post","2":"type-post","3":"status-publish","4":"format-standard","5":"has-post-thumbnail","7":"category-izklaide","8":"tag-diskusija","9":"tag-entertainment","10":"tag-filozofija","11":"tag-izklaide","12":"tag-latvia","13":"tag-latvian","14":"tag-latviesu","15":"tag-latviesu-valoda","16":"tag-latviesuvaloda","17":"tag-latvija","18":"tag-lv","19":"tag-mihaila-cehova-rigas-krievu-teatris","20":"tag-taisnigums","21":"tag-tiesu-sistema"},"share_on_mastodon":{"url":"https:\/\/pubeurope.com\/@lv\/115551653277311212","error":""},"_links":{"self":[{"href":"https:\/\/www.europesays.com\/lv\/wp-json\/wp\/v2\/posts\/49646","targetHints":{"allow":["GET"]}}],"collection":[{"href":"https:\/\/www.europesays.com\/lv\/wp-json\/wp\/v2\/posts"}],"about":[{"href":"https:\/\/www.europesays.com\/lv\/wp-json\/wp\/v2\/types\/post"}],"author":[{"embeddable":true,"href":"https:\/\/www.europesays.com\/lv\/wp-json\/wp\/v2\/users\/2"}],"replies":[{"embeddable":true,"href":"https:\/\/www.europesays.com\/lv\/wp-json\/wp\/v2\/comments?post=49646"}],"version-history":[{"count":0,"href":"https:\/\/www.europesays.com\/lv\/wp-json\/wp\/v2\/posts\/49646\/revisions"}],"wp:featuredmedia":[{"embeddable":true,"href":"https:\/\/www.europesays.com\/lv\/wp-json\/wp\/v2\/media\/49647"}],"wp:attachment":[{"href":"https:\/\/www.europesays.com\/lv\/wp-json\/wp\/v2\/media?parent=49646"}],"wp:term":[{"taxonomy":"category","embeddable":true,"href":"https:\/\/www.europesays.com\/lv\/wp-json\/wp\/v2\/categories?post=49646"},{"taxonomy":"post_tag","embeddable":true,"href":"https:\/\/www.europesays.com\/lv\/wp-json\/wp\/v2\/tags?post=49646"}],"curies":[{"name":"wp","href":"https:\/\/api.w.org\/{rel}","templated":true}]}}