{"id":49654,"date":"2025-11-15T03:55:07","date_gmt":"2025-11-15T03:55:07","guid":{"rendered":"https:\/\/www.europesays.com\/lv\/49654\/"},"modified":"2025-11-15T03:55:07","modified_gmt":"2025-11-15T03:55:07","slug":"andris-erglis-aicina-novertet-mirkli-ar-jauno-dziesmu-solijums-no-gaidama-albuma-stasts-lente-lv","status":"publish","type":"post","link":"https:\/\/www.europesays.com\/lv\/49654\/","title":{"rendered":"Andris \u0112rglis aicina nov\u0113rt\u0113t mirkli ar jauno dziesmu \u201cSol\u012bjums\u201d no gaid\u0101m\u0101 albuma \u201cSt\u0101sts\u201d\u00a0\u2014\u00a0Lente.lv"},"content":{"rendered":"<p>Jaunais singls \u201cSol\u012bjums\u201d \u2013 Andra \u0112rg\u013ca p\u0101rdomas par dz\u012bvi k\u0101 m\u016b\u017e\u012bgu strautu<\/p>\n<p>M\u016bzi\u0137is Andris \u0112rglis turpina ieskandin\u0101t gaid\u0101m\u0101 studijas albuma \u201cSt\u0101sts\u201d gaid\u012bto atmosf\u0113ru, publiskojot jaunu, lirisk\u0101s noska\u0146\u0101s ietur\u0113tu dziesmu \u201cSol\u012bjums\u201d. \u0160is ir k\u0101rt\u0113jais singls pirms albuma izn\u0101k\u0161anas oktobra beig\u0101s un kalpos k\u0101 emocion\u0101ls priek\u0161v\u0113stnesis gaid\u0101majiem prezent\u0101cijas koncertiem. Tas ir k\u0101 muzik\u0101ls ce\u013cojums cauri b\u0113rn\u012bbas sap\u0146iem un pieaugu\u0161\u0101 cilv\u0113ka atzi\u0146\u0101m, uzsverot m\u012blest\u012bbas noz\u012bmi dz\u012bves skr\u0113jien\u0101.<\/p>\n<p>Dziesmas \u201cSol\u012bjums\u201d dzi\u013cais v\u0113st\u012bjums<\/p>\n<p>\u201cSol\u012bjums\u201d ir melanholisks un personisks st\u0101sts par dz\u012bves nebeidzamo pl\u016bdumu, sal\u012bdzinot to ar \u201cstrautu, kur\u0161 nekad nebeidzas un ir kust\u012bb\u0101\u201d. Dziesmas ideja aizs\u0101k\u0101s no pa\u0161as Andra \u0112rg\u013ca rad\u012bt\u0101s melodijas, kuru v\u0101rdos p\u0101rv\u0113rta talant\u012bgais tekstu autors M\u0101rti\u0146\u0161 Kanters. \u0112rglis atz\u012bst, ka \u0161ie v\u0101rdi uzrun\u0101 dzi\u013ci personiski, atg\u0101dinot par sen aizmirstiem sol\u012bjumiem, ko dev\u0101m sev b\u0113rn\u012bb\u0101 \u2013 m\u012bl\u0113t, priec\u0101ties un dz\u012bvot patiesi. T\u0101 ir aicin\u0101jums apst\u0101ties un nov\u0113rt\u0113t mirkli, jo tie\u0161i no mirk\u013ciem sast\u0101v visa m\u016bsu dz\u012bve. Dziesmas piedzied\u0101juma atsl\u0113gas fr\u0101ze \u201cTev pieder tikai \u0161is br\u012bdis, pat nepaman\u012bsi k\u0101 main\u012bjies gads\u201d kodol\u012bgi atspogu\u013co \u0161o v\u0113st\u012bjumu, mudinot nov\u0113rt\u0113t mirk\u013ca noz\u012bm\u012bgumu laika nep\u0101rtrauktaj\u0101 straum\u0113.<\/p>\n<p>M\u016bzikas rad\u012b\u0161anas process un rado\u0161\u0101 komanda<\/p>\n<p>Dziesma ir ietur\u0113ta liriskas popm\u016bzikas stil\u0101, un t\u0101s p\u0101rdom\u0101m rosino\u0161o noska\u0146u studij\u0101 pal\u012bdz\u0113jis rad\u012bt producents J\u0101nis \u010cubars. Dziesmas miks\u0113\u0161anu un m\u0101ster\u0113\u0161anu veidojis J\u0101nis Kalve. \u201cSol\u012bjums\u201d k\u013c\u016bs par organisku papildin\u0101jumu Andra \u0112rg\u013ca klaus\u012bt\u0101ju atska\u0146o\u0161anas sarakstiem, \u012bpa\u0161i tiem, kuriem pat\u012bk aizdom\u0101ties par dz\u012bves g\u0101jumu.<\/p>\n","protected":false},"excerpt":{"rendered":"Jaunais singls \u201cSol\u012bjums\u201d \u2013 Andra \u0112rg\u013ca p\u0101rdomas par dz\u012bvi k\u0101 m\u016b\u017e\u012bgu strautu M\u016bzi\u0137is Andris \u0112rglis turpina ieskandin\u0101t gaid\u0101m\u0101&hellip;\n","protected":false},"author":2,"featured_media":49655,"comment_status":"","ping_status":"","sticky":false,"template":"","format":"standard","meta":{"footnotes":""},"categories":[19],"tags":[1013,89,90,309,35,39,38,194,36,37,34,40,2041,2042],"class_list":{"0":"post-49654","1":"post","2":"type-post","3":"status-publish","4":"format-standard","5":"has-post-thumbnail","7":"category-izklaide","8":"tag-andris-erglis","9":"tag-entertainment","10":"tag-izklaide","11":"tag-jauns-albums","12":"tag-latvia","13":"tag-latvian","14":"tag-latviesu","15":"tag-latviesu-muzika","16":"tag-latviesu-valoda","17":"tag-latviesuvaloda","18":"tag-latvija","19":"tag-lv","20":"tag-solijums","21":"tag-stasts"},"share_on_mastodon":{"url":"https:\/\/pubeurope.com\/@lv\/115551700465788553","error":""},"_links":{"self":[{"href":"https:\/\/www.europesays.com\/lv\/wp-json\/wp\/v2\/posts\/49654","targetHints":{"allow":["GET"]}}],"collection":[{"href":"https:\/\/www.europesays.com\/lv\/wp-json\/wp\/v2\/posts"}],"about":[{"href":"https:\/\/www.europesays.com\/lv\/wp-json\/wp\/v2\/types\/post"}],"author":[{"embeddable":true,"href":"https:\/\/www.europesays.com\/lv\/wp-json\/wp\/v2\/users\/2"}],"replies":[{"embeddable":true,"href":"https:\/\/www.europesays.com\/lv\/wp-json\/wp\/v2\/comments?post=49654"}],"version-history":[{"count":0,"href":"https:\/\/www.europesays.com\/lv\/wp-json\/wp\/v2\/posts\/49654\/revisions"}],"wp:featuredmedia":[{"embeddable":true,"href":"https:\/\/www.europesays.com\/lv\/wp-json\/wp\/v2\/media\/49655"}],"wp:attachment":[{"href":"https:\/\/www.europesays.com\/lv\/wp-json\/wp\/v2\/media?parent=49654"}],"wp:term":[{"taxonomy":"category","embeddable":true,"href":"https:\/\/www.europesays.com\/lv\/wp-json\/wp\/v2\/categories?post=49654"},{"taxonomy":"post_tag","embeddable":true,"href":"https:\/\/www.europesays.com\/lv\/wp-json\/wp\/v2\/tags?post=49654"}],"curies":[{"name":"wp","href":"https:\/\/api.w.org\/{rel}","templated":true}]}}