{"id":49687,"date":"2025-11-15T05:13:09","date_gmt":"2025-11-15T05:13:09","guid":{"rendered":"https:\/\/www.europesays.com\/lv\/49687\/"},"modified":"2025-11-15T05:13:09","modified_gmt":"2025-11-15T05:13:09","slug":"kima-kardasjana-apsudz-gaisregus-melos-pec-neveiksmes-advokata-eksamena","status":"publish","type":"post","link":"https:\/\/www.europesays.com\/lv\/49687\/","title":{"rendered":"Kima Karda\u0161jana aps\u016bdz gai\u0161re\u0123us melos p\u0113c neveiksmes advok\u0101ta eks\u0101men\u0101"},"content":{"rendered":"<p>P\u0113c eks\u0101mena nenok\u0101rto\u0161anas 45 gadus vec\u0101 uz\u0146\u0113m\u0113ja soci\u0101laj\u0101 t\u012bkl\u0101 &#8220;TikTok&#8221; public\u0113ja video, kur\u0101 dzirdama vi\u0146as tir\u0101de.<\/p>\n<blockquote class=\"quote ck-widget\" contenteditable=\"false\">\n<p>&#8220;Es jums tikai pazi\u0146oju, ka visi sasod\u012btie gai\u0161re\u0123i, ar kuriem esam tiku\u0161ies un ar kuriem esam aps\u0113sti, ir piln\u012bgi m\u0113sli,&#8221;<\/p>\n<\/blockquote>\n<p>&#8211; vi\u0146a teica telefonsarun\u0101, kas tika ierakst\u012bta vi\u0146as m\u0101tes Krisas D\u017eeneres 70. dzim\u0161anas dienas svin\u012bbu laik\u0101.<\/p>\n<blockquote class=\"quote ck-widget\" contenteditable=\"false\">\n<p>&#8220;Vi\u0146i visi kop\u0101, varb\u016bt \u010detri no vi\u0146iem, man teica, ka es nok\u0101rto\u0161u eks\u0101menu, t\u0101p\u0113c vi\u0146i visi ir patolo\u0123iski me\u013ci \u2014 neticiet nekam, ko vi\u0146i saka,&#8221; piebilda Karda\u0161jana.<\/p>\n<\/blockquote>\n<p>Neskatoties uz neveiksmi, Karda\u0161jana sav\u0101 &#8220;Instagram&#8221; profil\u0101 pazi\u0146oja, ka nepl\u0101no padoties un turpin\u0101s studijas. &#8220;Se\u0161us gadus ilgaj\u0101 ce\u013c\u0101 uz juristes profesiju es joproj\u0101m esmu gatava turpin\u0101t, l\u012bdz nok\u0101rto\u0161u eks\u0101menu. Nek\u0101du \u012bsce\u013cu, nek\u0101das pado\u0161an\u0101s, tikai vair\u0101k m\u0101c\u012b\u0161an\u0101s un v\u0113l liel\u0101ka ap\u0146\u0113m\u012bba,&#8221; rakst\u012bja zvaigzne. Vi\u0146a ar\u012b uzsv\u0113ra, ka \u0161\u012b neveiksme kalpo k\u0101 papildu motiv\u0101cija.<\/p>\n<p>Karda\u0161jana izv\u0113l\u0113j\u0101s sal\u012bdzino\u0161i netradicion\u0101lu ce\u013cu uz juristes karjeru, 2018. gad\u0101 uzs\u0101kot m\u0101cek\u013ca praksi pie jurista. Vi\u0146a ar\u012b akt\u012bvi darbojusies krimin\u0101lties\u012bbu un reformu jom\u0101, tostarp 2018. gad\u0101 veiksm\u012bgi iest\u0101joties par Alises Marijas D\u017eonsones atbr\u012bvo\u0161anu, kurai bija piespriests m\u016b\u017ea ieslodz\u012bjums par nevardarb\u012bgu ar narkotik\u0101m saist\u012btu noziegumu.<\/p>\n<p>Nesen Karda\u0161jana debit\u0113ja k\u0101 aktrise, atveidojot \u0161\u0137ir\u0161an\u0101s lietu advok\u0101ti kriti\u0137u nesaudz\u0113taj\u0101 juridiskaj\u0101 dr\u0101m\u0101 &#8220;All&#8217;s Fair&#8221;. Vi\u0146a gan nor\u0101d\u012bjusi, ka n\u0101kotn\u0113 nev\u0113las specializ\u0113ties \u0161\u0137ir\u0161an\u0101s liet\u0101s, bet gan turpin\u0101t darbu krimin\u0101lties\u012bbu jom\u0101.<\/p>\n<p>N\u0101kamais Kalifornijas advok\u0101tu eks\u0101mens notiks febru\u0101r\u012b, ta\u010du Karda\u0161jana nav atkl\u0101jusi, kad pl\u0101no to k\u0101rtot atk\u0101rtoti.<\/p>\n","protected":false},"excerpt":{"rendered":"P\u0113c eks\u0101mena nenok\u0101rto\u0161anas 45 gadus vec\u0101 uz\u0146\u0113m\u0113ja soci\u0101laj\u0101 t\u012bkl\u0101 &#8220;TikTok&#8221; public\u0113ja video, kur\u0101 dzirdama vi\u0146as tir\u0101de. &#8220;Es jums&hellip;\n","protected":false},"author":2,"featured_media":49688,"comment_status":"","ping_status":"","sticky":false,"template":"","format":"standard","meta":{"footnotes":""},"categories":[19],"tags":[89,90,3398,35,39,38,36,37,34,40],"class_list":{"0":"post-49687","1":"post","2":"type-post","3":"status-publish","4":"format-standard","5":"has-post-thumbnail","7":"category-izklaide","8":"tag-entertainment","9":"tag-izklaide","10":"tag-kima-kardasjana","11":"tag-latvia","12":"tag-latvian","13":"tag-latviesu","14":"tag-latviesu-valoda","15":"tag-latviesuvaloda","16":"tag-latvija","17":"tag-lv"},"share_on_mastodon":{"url":"https:\/\/pubeurope.com\/@lv\/115552007147526045","error":""},"_links":{"self":[{"href":"https:\/\/www.europesays.com\/lv\/wp-json\/wp\/v2\/posts\/49687","targetHints":{"allow":["GET"]}}],"collection":[{"href":"https:\/\/www.europesays.com\/lv\/wp-json\/wp\/v2\/posts"}],"about":[{"href":"https:\/\/www.europesays.com\/lv\/wp-json\/wp\/v2\/types\/post"}],"author":[{"embeddable":true,"href":"https:\/\/www.europesays.com\/lv\/wp-json\/wp\/v2\/users\/2"}],"replies":[{"embeddable":true,"href":"https:\/\/www.europesays.com\/lv\/wp-json\/wp\/v2\/comments?post=49687"}],"version-history":[{"count":0,"href":"https:\/\/www.europesays.com\/lv\/wp-json\/wp\/v2\/posts\/49687\/revisions"}],"wp:featuredmedia":[{"embeddable":true,"href":"https:\/\/www.europesays.com\/lv\/wp-json\/wp\/v2\/media\/49688"}],"wp:attachment":[{"href":"https:\/\/www.europesays.com\/lv\/wp-json\/wp\/v2\/media?parent=49687"}],"wp:term":[{"taxonomy":"category","embeddable":true,"href":"https:\/\/www.europesays.com\/lv\/wp-json\/wp\/v2\/categories?post=49687"},{"taxonomy":"post_tag","embeddable":true,"href":"https:\/\/www.europesays.com\/lv\/wp-json\/wp\/v2\/tags?post=49687"}],"curies":[{"name":"wp","href":"https:\/\/api.w.org\/{rel}","templated":true}]}}