{"id":49711,"date":"2025-11-15T06:24:23","date_gmt":"2025-11-15T06:24:23","guid":{"rendered":"https:\/\/www.europesays.com\/lv\/49711\/"},"modified":"2025-11-15T06:24:23","modified_gmt":"2025-11-15T06:24:23","slug":"km-vienojas-ar-kirsi-par-latvijas-koncerti-direktora-amata-atstasanu","status":"publish","type":"post","link":"https:\/\/www.europesays.com\/lv\/49711\/","title":{"rendered":"KM vienojas ar \u0136irsi par &#8220;Latvijas Koncerti&#8221; direktora amata atst\u0101\u0161anu"},"content":{"rendered":"<p>Kult\u016bras ministrija (KM) 14. novembr\u012b sasauca valsts sabiedr\u012bbas ar ierobe\u017eotu atbild\u012bbu (VSIA) &#8220;Latvijas Koncerti&#8221; dal\u012bbnieku sapulci, kur\u0101 ar valdes locekli Guntaru \u0136irsi pan\u0101kta abpus\u0113ja vieno\u0161an\u0101s par amata atst\u0101\u0161anu no 24. novembra, inform\u0113 ministrij\u0101.<\/p>\n<p>\u0160obr\u012bd nav zin\u0101mi prec\u012bzi \u0136ir\u0161a amata atst\u0101\u0161anas iemesli. <\/p>\n<p>Pag\u0101ju\u0161aj\u0101 ned\u0113\u013c\u0101 Latvijas Telev\u012bzijas raid\u012bjums &#8220;Kult\u016br\u0161oks&#8221; zi\u0146oja, ka KM 30. oktobr\u012b sa\u0146emta anon\u012bmas v\u0113stule, kur\u0101 &#8220;biju\u0161ie un eso\u0161ie VSIA &#8220;Latvijas Koncerti&#8221; darbinieki&#8221; nor\u0101da uz &#8220;kr\u0101pniecisk\u0101m darb\u012bb\u0101m VSIA &#8220;Latvijas Koncerti&#8221;. V\u0113stul\u0113 apgalvots, ka taj\u0101s iesaist\u012bts valdes loceklis Guntars \u0136irsis, k\u0101 ar\u012b vair\u0101ki citi darbinieki. <\/p>\n<p>Lasiet ar\u012b<\/p>\n<p><a href=\"https:\/\/www.delfi.lv\/kultura\/32026447\/culturenvironment\/120094471\/vertes-iespejamos-parkapumus-latvijas-koncertu-iepirkumos\" class=\"headline__image-link\" itemprop=\"url\" rel=\"nofollow noopener\" target=\"_blank\"><img decoding=\"async\" loading=\"lazy\" itemprop=\"image\" src=\"https:\/\/www.europesays.com\/lv\/wp-content\/uploads\/2025\/11\/1763187862_789_c4be7469-bc67-4b3c-9fa8-a7e9fb44bc66.jpg\" alt=\"V\u0113rt\u0113s iesp\u0113jamos p\u0101rk\u0101pumus &quot;Latvijas koncertu&quot; iepirkumos\" title=\"V\u0113rt\u0113s iesp\u0113jamos p\u0101rk\u0101pumus &quot;Latvijas koncertu&quot; iepirkumos\" class=\"headline__image img-fluid w-100\"\/><\/a><\/p>\n<p>Iepaz\u012bstoties ar iesnieguma saturu, KM nos\u016bt\u012bja iesniegumu izv\u0113rt\u0113\u0161anai un p\u0101rbau\u017eu veik\u0161anai atbild\u012bgaj\u0101m instit\u016bcij\u0101m \u2013 KNAB un IUB, k\u0101 ar\u012b v\u0113stuli &#8220;Latvijas koncertu&#8221; valdes loceklim \u0136irsim, l\u016bdzot sniegt p\u0101rskatu par &#8220;Latvijas koncerti&#8221; sadarb\u012bbu ar anon\u012bmaj\u0101 iesniegum\u0101 min\u0113tajiem uz\u0146\u0113mumiem.<\/p>\n<p>Vienlaikus KM ir r\u016bp\u012bgi izv\u0113rt\u0113jusi Valsts kontroles rev\u012bzijas rezult\u0101tus, tostarp par kult\u016bras nozares kapit\u0101lsabiedr\u012bb\u0101m, un v\u0113rt\u0113 kult\u016bras kapit\u0101lsabiedr\u012bbu darbu iesp\u0113jamiem turpm\u0101kajiem uzlabojumiem.<\/p>\n<p>V\u0113stul\u0113 aprakst\u012bta iesp\u0113jam\u0101 sh\u0113ma \u2013 kad &#8220;Latvijas koncerti&#8221; izsludina iepirkumu, uzvarot firma, kas iesniegusi pieteikumu ar krietni zem\u0101ku cenu par konkurentiem, bet p\u0113c tam tiek nosl\u0113gts l\u012bgums par augst\u0101ku summu nek\u0101 bijis pied\u0101v\u0101jums.<\/p>\n<p>Savuk\u0101rt \u0136irsis v\u0113stules saturu nod\u0113v\u0113jis par nelo\u0123isku.<\/p>\n<p>IUB ir s\u0101cis v\u0113stul\u0113 nor\u0101d\u012bto zi\u0146u p\u0101rbaudi un m\u0113ne\u0161a laik\u0101 pie\u0146ems l\u0113mumu, vai s\u0101kt administrat\u012bv\u0101 p\u0101rk\u0101puma procesu.<\/p>\n<p>K\u0101 liecina inform\u0101cija &#8220;<a rel=\"noopener nofollow\" target=\"_blank\" href=\"http:\/\/Firmas.lv\" data-rel-date-range=\"[]\">Firmas.lv<\/a>&#8220;, &#8220;Latvijas koncertu&#8221; apgroz\u012bjums 2023. gad\u0101 bija 1,28 miljoni eiro, bet pe\u013c\u0146a \u2013 67 060 eiro. Savuk\u0101rt 2024. gad\u0101 kapit\u0101lsabiedr\u012bbas apgroz\u012bjums bija 1,30 miljoni eiro, bet pe\u013c\u0146a sasniedza 1540 eiro.<\/p>\n<p>Jau zi\u0146ots, ka p\u0113c 14 amat\u0101 pavad\u012btiem gadiem 29. august\u0101 \u0136irsis pametis ar\u012b Dzintaru koncertz\u0101les valdes locek\u013ca amatu. <\/p>\n<p>\u0136irsis port\u0101lam &#8220;Delfi&#8221; iepriek\u0161 pauda, ka amatu Dzintaru koncertz\u0101l\u0113 pamet tikai Saeim\u0101 pie\u0146emto likuma &#8220;Par intere\u0161u konflikta nov\u0113r\u0161anu valsts amatpersonu darb\u012bb\u0101&#8221; groz\u012bjumu d\u0113\u013c, kas paredz, ka attiec\u012bg\u0101m amatperson\u0101m likuma pras\u012bb\u0101m neatbilsto\u0161u amatu savieno\u0161ana ir j\u0101izbeidz l\u012bdz \u0161\u0101 gada 31. augustam.<\/p>\n<p>\u0160obr\u012bd  Dzintaru koncertz\u0101les valdes locek\u013ca amatu uz laiku pilda bijus\u012b Eiropas Parlamenta un Saeimas deput\u0101te Iveta Grigule-P\u0113terse.<\/p>\n<p>Lasiet ar\u012b<\/p>\n<p><a href=\"https:\/\/www.delfi.lv\/kultura\/32026447\/culturenvironment\/120091923\/menesi-pec-konkursa-beigam-joprojam-nav-zinams-dzintaru-koncertzales-vaditajs\" class=\"headline__image-link\" itemprop=\"url\" rel=\"nofollow noopener\" target=\"_blank\"><img decoding=\"async\" loading=\"lazy\" itemprop=\"image\" src=\"https:\/\/www.europesays.com\/lv\/wp-content\/uploads\/2025\/11\/5332f4c0-3ff1-4621-8e9c-7b9eff0f15fb.jpg\" alt=\"M\u0113nesi p\u0113c konkursa beig\u0101m joproj\u0101m nav zin\u0101ms Dzintaru koncertz\u0101les vad\u012bt\u0101js\" title=\"M\u0113nesi p\u0113c konkursa beig\u0101m joproj\u0101m nav zin\u0101ms Dzintaru koncertz\u0101les vad\u012bt\u0101js\" class=\"headline__image img-fluid w-100\"\/><\/a><\/p>\n<p class=\"m-0\">Seko &#8220;Delfi&#8221; ar\u012b  <a target=\"_blank\" href=\"https:\/\/www.instagram.com\/delfi.lv\/\" rel=\"nofollow noopener\">Instagram<\/a>  un <a target=\"_blank\" href=\"https:\/\/www.youtube.com\/channel\/UCw5foWtcJvAbUm64rv7jwUQ\" rel=\"nofollow noopener\">YouTube<\/a>  profil\u0101 \u2013 pievienojies, lai uzzin\u0101tu svar\u012bg\u0101ko un interesant\u0101ko pirmais!<\/p>\n<p>Publik\u0101cijas saturs vai t\u0101s jebk\u0101da apjoma da\u013ca ir aizsarg\u0101ts autorties\u012bbu objekts Autorties\u012bbu likuma izpratn\u0113, un t\u0101 izmanto\u0161ana bez izdev\u0113ja at\u013caujas ir aizliegta. Vair\u0101k lasi  <a target=\"_blank\" href=\"https:\/\/www.delfi.lv\/noteikumi#autortiesibas\" rel=\"nofollow noopener\">\u0161eit<\/a><script async src=\"\/\/www.instagram.com\/embed.js\"><\/script><\/p>\n","protected":false},"excerpt":{"rendered":"Kult\u016bras ministrija (KM) 14. novembr\u012b sasauca valsts sabiedr\u012bbas ar ierobe\u017eotu atbild\u012bbu (VSIA) &#8220;Latvijas Koncerti&#8221; dal\u012bbnieku sapulci, kur\u0101 ar&hellip;\n","protected":false},"author":2,"featured_media":49712,"comment_status":"","ping_status":"","sticky":false,"template":"","format":"standard","meta":{"footnotes":""},"categories":[5],"tags":[23,28,29,1054,32,33,12295,22,1813,30,31,35,39,38,36,37,34,4484,40,20,26,27,24,25,21],"class_list":{"0":"post-49711","1":"post","2":"type-post","3":"status-publish","4":"format-standard","5":"has-post-thumbnail","7":"category-aktualitates","8":"tag-aktualitates","9":"tag-breaking-news","10":"tag-breakingnews","11":"tag-dzintaru-koncertzale","12":"tag-featured-news","13":"tag-featurednews","14":"tag-guntars-kirsis","15":"tag-headlines","16":"tag-kulturas-ministrija","17":"tag-latest-news","18":"tag-latestnews","19":"tag-latvia","20":"tag-latvian","21":"tag-latviesu","22":"tag-latviesu-valoda","23":"tag-latviesuvaloda","24":"tag-latvija","25":"tag-latvijas-koncerti","26":"tag-lv","27":"tag-news","28":"tag-popularakas-zinas","29":"tag-popularakaszinas","30":"tag-top-stories","31":"tag-topstories","32":"tag-zinas"},"share_on_mastodon":{"url":"https:\/\/pubeurope.com\/@lv\/115552286450093420","error":""},"_links":{"self":[{"href":"https:\/\/www.europesays.com\/lv\/wp-json\/wp\/v2\/posts\/49711","targetHints":{"allow":["GET"]}}],"collection":[{"href":"https:\/\/www.europesays.com\/lv\/wp-json\/wp\/v2\/posts"}],"about":[{"href":"https:\/\/www.europesays.com\/lv\/wp-json\/wp\/v2\/types\/post"}],"author":[{"embeddable":true,"href":"https:\/\/www.europesays.com\/lv\/wp-json\/wp\/v2\/users\/2"}],"replies":[{"embeddable":true,"href":"https:\/\/www.europesays.com\/lv\/wp-json\/wp\/v2\/comments?post=49711"}],"version-history":[{"count":0,"href":"https:\/\/www.europesays.com\/lv\/wp-json\/wp\/v2\/posts\/49711\/revisions"}],"wp:featuredmedia":[{"embeddable":true,"href":"https:\/\/www.europesays.com\/lv\/wp-json\/wp\/v2\/media\/49712"}],"wp:attachment":[{"href":"https:\/\/www.europesays.com\/lv\/wp-json\/wp\/v2\/media?parent=49711"}],"wp:term":[{"taxonomy":"category","embeddable":true,"href":"https:\/\/www.europesays.com\/lv\/wp-json\/wp\/v2\/categories?post=49711"},{"taxonomy":"post_tag","embeddable":true,"href":"https:\/\/www.europesays.com\/lv\/wp-json\/wp\/v2\/tags?post=49711"}],"curies":[{"name":"wp","href":"https:\/\/api.w.org\/{rel}","templated":true}]}}